{"id":3117,"date":"2019-01-29T08:31:19","date_gmt":"2019-01-29T10:31:19","guid":{"rendered":"https:\/\/blogs.correiobraziliense.com.br\/denise\/?p=3117"},"modified":"2019-01-29T08:31:19","modified_gmt":"2019-01-29T10:31:19","slug":"renan-calheiros-simone-tebet-mdb-senado","status":"publish","type":"post","link":"https:\/\/blogs.correiobraziliense.com.br\/denise\/renan-calheiros-simone-tebet-mdb-senado\/","title":{"rendered":"Na vota\u00e7\u00e3o do candidato do MDB \u00e0 Presid\u00eancia do Senado, Renan Calheiros e Simone Tebet buscam 7 votos"},"content":{"rendered":"<p>A vota\u00e7\u00e3o que escolher\u00e1 o candidato do MDB \u00e0 Presid\u00eancia do Senado n\u00e3o ser\u00e1 tranquila, nem para Renan Calheiros nem para Simone Tebet. Quem vencer, ser\u00e1 por sete votos dos 13 que devem compor o colegiado (inclui-se a\u00ed o senador Eduardo Gomes, que se elegeu pelo PSD, mas vai para o MDB). E isso se o resultado sair ainda hoje. Assim, quem perder estar\u00e1 \u00e0 vontade para concorrer dentro do plen\u00e1rio na sexta-feira.<br \/>\n\u00bb \u00bb \u00bb<br \/>\nNa guerra dos bastidores em busca dos votos, a sensa\u00e7\u00e3o \u00e9 de que a unidade n\u00e3o vir\u00e1. Enquanto Renan diz de p\u00fablico que Simone tem o apoio de Eduardo Cunha, aliados dela se referem a Renan como \u201ca \u00faltima Geni\u201d, ou seja, eleger o senador alagoano seria manter a tens\u00e3o na Casa. \u00c9 nesse clima que o partido se re\u00fane a partir das 15h.<\/p>\n<h2><strong>S\u00f3 assim<\/strong><\/h2>\n<p>A Vale que se prepare: H\u00e1 consenso no Judici\u00e1rio e no Executivo a respeito da forma de fazer com que a empresa seja totalmente rigorosa na preven\u00e7\u00e3o de novos acidentes. Puni\u00e7\u00e3o exemplar no caso de Brumadinho, algo que n\u00e3o houve em Mariana.<\/p>\n<h2><strong>Diferen\u00e7as<\/strong><\/h2>\n<p>No caso de Mariana, o dano ao meio ambiente foi maior. Desta vez, o drama \u00e9 o n\u00famero de mortos. Ningu\u00e9m engole um refeit\u00f3rio justamente no local por onde a lama escoaria, em caso de rompimento.<\/p>\n<h2><strong>Certo &amp; duvidoso<\/strong><\/h2>\n<p>Se o presidente da C\u00e2mara, Rodrigo Maia (DEM-RJ), quiser tirar algum concorrente de combate, ter\u00e1 que oferecer algo em troca. Arthur Lira (PP-AL) resiste hoje a deixar a disputa por promessa de apoio futuro. Teme que a conjuntura mude e a\u00ed o acordo v\u00e1 para espa\u00e7o.<\/p>\n<h2><strong>Contabilidade<\/strong><\/h2>\n<p>Deputados acreditam que os candidatos a presidente da C\u00e2mara F\u00e1bio Ramalho (MDB), Arthur Lira (PP) e JHC (PSB) t\u00eam juntos 220 votos. Somados aos de Marcelo Freixo (PSol), Marcel Van Hatten (Novo) e Ricardo Barros s\u00e3o outros 50. Ou seja, Rodrigo Maia ainda n\u00e3o completou os 257 para vit\u00f3ria no primeiro turno.<\/p>\n<h2><strong>Regimento &amp; bom senso<\/strong><\/h2>\n<p>O senador Davi Alcolumbre (DEM-AP) foi aconselhado a n\u00e3o for\u00e7ar a barra para presidir a sess\u00e3o de escolha do futuro presidente da Casa, uma vez que ser\u00e1 candidato. J\u00e1 h\u00e1 inclusive quest\u00e3o de ordem para evitar que ele fique no comando da sess\u00e3o. Se for\u00e7ar a barra, perder\u00e1 votos.<\/p>\n<h2><strong>Por falar em Alcolumbre\u2026<\/strong><\/h2>\n<p>O apoio do ministro da Casa Civil, Onyx Lorenzoni, a Alcolumbre \u00e9 citado nos bastidores como \u201cmiopia pol\u00edtica\u201d. Se o senador do DEM vencer ou perder \u2014 e a segunda op\u00e7\u00e3o \u00e9 a mais prov\u00e1vel \u2014 a vingan\u00e7a ser\u00e1 em cima do governo.<\/p>\n<p><strong>\u00c1gua benta<\/strong>\/ O senador Izalci Lucas (PSDB-DF) chamou D. S\u00e9rgio para benzer o gabinete que ele ocupar\u00e1 no 11\u00ba andar no anexo I. Na legislatura que termina dia 31, o espa\u00e7o foi ocupado pelo senador A\u00e9cio Neves (PSDB-MG).<\/p>\n<p><strong>\u00c1rea nobre<\/strong>\/ Izalci queria o gabinete ocupado por Zez\u00e9 Perrela (PSDB-MG), estrategicamente posicionado ao lado da sala da Lideran\u00e7a do MDB, pr\u00f3ximo ao plen\u00e1rio, por\u00e9m, o local ficou para a senadora Mara Gabrilli (PSDB-SP), portadora de necessidades especiais. Assim, ela poder\u00e1 dispensar o uso do elevador para se deslocar at\u00e9 o plen\u00e1rio.<\/p>\n<p><strong>Falem bem, falem mal&#8230;<\/strong>\/ mas falem de mim. \u00c9 isso que est\u00e1 movendo as candidaturas em s\u00e9rie a presidente do Senado. Reguffe, por exemplo, <a href=\"https:\/\/www.correiobraziliense.com.br\/app\/noticia\/politica\/2019\/01\/27\/interna_politica,733282\/reguffe-sem-partido-lancara-candidatura-para-a-presidencia-do-senado.shtml\">que teve a candidatura antecipada pela coluna<\/a>, conseguiu o feito de chamar a aten\u00e7\u00e3o para toda a economia de recursos que fez ao longo do mandato, algo in\u00e9dito na Casa. De quebra, ainda obrigou os candidatos a prepararem propostas para apresentar ao longo da semana.<\/p>\n<p><strong>Enquanto isso, em S\u00e3o Paulo&#8230;<\/strong>\/ O sucesso da cirurgia do presidente Jair Bolsonaro \u00e9 uma tens\u00e3o a menos no pa\u00eds. Ele j\u00e1 avisou a amigos que acompanhar\u00e1 a elei\u00e7\u00e3o para presidente da C\u00e2mara e do Senado, pronto para receber, em breve, os vencedores para tratar da agenda das reformas.<\/p>\n","protected":false},"excerpt":{"rendered":"<p>A vota\u00e7\u00e3o que escolher\u00e1 o candidato do MDB \u00e0 Presid\u00eancia do Senado n\u00e3o ser\u00e1 tranquila, nem para Renan Calheiros nem para Simone Tebet. Quem vencer, ser\u00e1 por sete votos dos 13 que devem compor o colegiado (inclui-se a\u00ed o senador Eduardo Gomes, que se elegeu pelo PSD, mas vai para o MDB). E isso se o resultado sair ainda hoje. [&hellip;]<\/p>\n","protected":false},"author":29,"featured_media":3118,"comment_status":"closed","ping_status":"closed","sticky":false,"template":"","format":"standard","meta":{"footnotes":""},"categories":[4],"tags":[],"class_list":["post-3117","post","type-post","status-publish","format-standard","has-post-thumbnail","hentry","category-coluna-brasilia-df"],"_links":{"self":[{"href":"https:\/\/blogs.correiobraziliense.com.br\/denise\/wp-json\/wp\/v2\/posts\/3117","targetHints":{"allow":["GET"]}}],"collection":[{"href":"https:\/\/blogs.correiobraziliense.com.br\/denise\/wp-json\/wp\/v2\/posts"}],"about":[{"href":"https:\/\/blogs.correiobraziliense.com.br\/denise\/wp-json\/wp\/v2\/types\/post"}],"author":[{"embeddable":true,"href":"https:\/\/blogs.correiobraziliense.com.br\/denise\/wp-json\/wp\/v2\/users\/29"}],"replies":[{"embeddable":true,"href":"https:\/\/blogs.correiobraziliense.com.br\/denise\/wp-json\/wp\/v2\/comments?post=3117"}],"version-history":[{"count":1,"href":"https:\/\/blogs.correiobraziliense.com.br\/denise\/wp-json\/wp\/v2\/posts\/3117\/revisions"}],"predecessor-version":[{"id":3119,"href":"https:\/\/blogs.correiobraziliense.com.br\/denise\/wp-json\/wp\/v2\/posts\/3117\/revisions\/3119"}],"wp:featuredmedia":[{"embeddable":true,"href":"https:\/\/blogs.correiobraziliense.com.br\/denise\/wp-json\/wp\/v2\/media\/3118"}],"wp:attachment":[{"href":"https:\/\/blogs.correiobraziliense.com.br\/denise\/wp-json\/wp\/v2\/media?parent=3117"}],"wp:term":[{"taxonomy":"category","embeddable":true,"href":"https:\/\/blogs.correiobraziliense.com.br\/denise\/wp-json\/wp\/v2\/categories?post=3117"},{"taxonomy":"post_tag","embeddable":true,"href":"https:\/\/blogs.correiobraziliense.com.br\/denise\/wp-json\/wp\/v2\/tags?post=3117"}],"curies":[{"name":"wp","href":"https:\/\/api.w.org\/{rel}","templated":true}]}}