{"id":3107,"date":"2019-01-24T08:04:06","date_gmt":"2019-01-24T10:04:06","guid":{"rendered":"https:\/\/blogs.correiobraziliense.com.br\/denise\/?p=3107"},"modified":"2019-01-24T08:04:06","modified_gmt":"2019-01-24T10:04:06","slug":"reforma-da-previdencia-temer-bolsonaro","status":"publish","type":"post","link":"https:\/\/blogs.correiobraziliense.com.br\/denise\/reforma-da-previdencia-temer-bolsonaro\/","title":{"rendered":"Parte da reforma da Previd\u00eancia de Temer ser\u00e1 aproveitada por Bolsonaro"},"content":{"rendered":"<p>A fim de ganhar tempo na reforma previdenci\u00e1ria, a equipe de Jair Bolsonaro vai pin\u00e7ar uma parte do texto em tramita\u00e7\u00e3o na C\u00e2mara e apresentar uma emenda aglutinativa. A ideia n\u00e3o \u00e9 nova. Foi feita no governo do presidente Fernando Henrique Cardoso e teve como relator o ent\u00e3o l\u00edder do MDB, Michel Temer. Sinal de que nem tudo na velha pol\u00edtica ser\u00e1 desprezado pelos novos inquilinos da Esplanada. Caso essa proposta tenha problemas, o texto novo ser\u00e1 apenas \u201capensado\u201d ao que j\u00e1 est\u00e1 tramitando.<\/p>\n<h2>\n<strong>E Fl\u00e1vio ficou s\u00f3&#8230;<\/strong><\/h2>\n<p>Entre a defesa intransigente do filho mais velho e o \u201cgovernar pelo exemplo\u201d, o presidente Jair Bolsonaro ficou com a segunda op\u00e7\u00e3o, vista pelo pr\u00f3prio partido e pelas autoridades governamentais como a mais sensata. Tudo para afastar o governo dessa confus\u00e3o em que Fl\u00e1vio Bolsonaro se meteu.<\/p>\n<h2>\n<strong>&#8230;na vontade<\/strong><\/h2>\n<p>Dentro do PSL, partido do senador eleito, havia por parte de aliados dele a expectativa de um movimento em seu favor. As declara\u00e7\u00f5es de apoio, entretanto, s\u00e3o protocolares. A maioria, <a href=\"https:\/\/www.correiobraziliense.com.br\/app\/noticia\/politica\/2019\/01\/23\/interna_politica,732470\/joice-hasselmann-defende-investigacao-rapida-sobre-flavio-bolsonaro.shtml\">como fez a deputada eleita Joice Hasselmann (PSL-SP) ontem no programa CB.Poder<\/a>, diz acreditar na inoc\u00eancia, mas \u00e9 preciso investigar e rapidamente para virar logo essa p\u00e1gina.<\/p>\n<h2>\n<strong>A l\u00f3gica do voto<\/strong><\/h2>\n<p>Renan Calheiros chegar\u00e1 para a reuni\u00e3o do MDB com a certeza de que, se for candidato, ter\u00e1 o apoio dos senadores do PT. Para emplacar, Simone Tebet tem que levar aos emedebistas a certeza de que agrega votos fora do partido. Se n\u00e3o, ter\u00e1 dificuldades, apesar da ficha limpa.<\/p>\n<h2>\n<strong>Pulverizou geral<\/strong><\/h2>\n<p>At\u00e9 aqui, s\u00e3o oito candidatos a presidente do Senado, isto \u00e9, se Renan Calheiros e Simone Tebet forem concorrer independentemente da decis\u00e3o da bancada. A conta favorece Renan, que chega com o apoio do PT e votos espalhados em outros partidos.<\/p>\n<h2>\n<strong>Com o p\u00e9 esquerdo<\/strong><\/h2>\n<p>Para quem se diz destro, o governo entrou na elei\u00e7\u00e3o para presidente do Senado chutando para fora. Isso porque, para eleger Davi Alcolumbre (DEM-AP), o ministro da Casa Civil, Onyx Lorenzoni, teria de ter quase todos os partidos aliados, isolando MDB e PT. N\u00e3o \u00e9 isso que se v\u00ea nos bastidores.<\/p>\n<h2>\n<strong>CURTIDAS<\/strong><\/h2>\n<p><strong>Bolsonaro e Mour\u00e3o I<\/strong>\/ A divulga\u00e7\u00e3o da agenda de 100 dias e a confus\u00e3o na Venezuela amorteceram o cancelamento da entrevista de Jair Bolsonaro. Por\u00e9m, entre os analistas estrangeiros ficou a impress\u00e3o de que o presidente brasileiro perdeu uma boa oportunidade de se apresentar aos europeus como uma pessoa af\u00e1vel, capaz de dialogar e com boas ideias para o pa\u00eds.<\/p>\n<p><strong>Bolsonaro e Mour\u00e3o II<\/strong>\/ Enquanto isso, por aqui, Mour\u00e3o teve agenda extensa de contatos pol\u00edticos e diplom\u00e1ticos. Para completar, aproveitou o Twitter para fazer um afago aos jornalistas que sempre o esperam na porta da Vice-Presid\u00eancia, no maior bom humor. J\u00e1 tem pol\u00edtico ensaiando a #Mour\u00e3o\u00e9fofo. Com todo o respeito.<\/p>\n<p><strong>O novo vizinho I<\/strong>\/ Foi-se o tempo em que o deputado Arlindo Chinaglia (PT-SP) deixava o plen\u00e1rio ao lado do colega Marco Maia (PT-RS) e desciam juntos para os gabinetes, situados lado a lado na \u00e1rea pr\u00f3xima aos est\u00fadios da TV C\u00e2mara. Agora, quem lhe far\u00e1 companhia na vizinhan\u00e7a \u00e9 o deputado eleito A\u00e9cio Neves (foto) (PSDB-MG), que, inclusive, est\u00e1 reformando o espa\u00e7o.<\/p>\n<p><strong>O novo vizinho II<\/strong>\/ PT e PSDB n\u00e3o se bicam. H\u00e1 quem diga que, talvez, diante do governo de Jair Bolsonaro, os dois partidos possam voltar a conversar.<\/p>\n","protected":false},"excerpt":{"rendered":"<p>A fim de ganhar tempo na reforma previdenci\u00e1ria, a equipe de Jair Bolsonaro vai pin\u00e7ar uma parte do texto em tramita\u00e7\u00e3o na C\u00e2mara e apresentar uma emenda aglutinativa. A ideia n\u00e3o \u00e9 nova. Foi feita no governo do presidente Fernando Henrique Cardoso e teve como relator o ent\u00e3o l\u00edder do MDB, Michel Temer. Sinal de que nem tudo na velha [&hellip;]<\/p>\n","protected":false},"author":29,"featured_media":3108,"comment_status":"closed","ping_status":"closed","sticky":false,"template":"","format":"standard","meta":{"footnotes":""},"categories":[4],"tags":[],"class_list":["post-3107","post","type-post","status-publish","format-standard","has-post-thumbnail","hentry","category-coluna-brasilia-df"],"_links":{"self":[{"href":"https:\/\/blogs.correiobraziliense.com.br\/denise\/wp-json\/wp\/v2\/posts\/3107","targetHints":{"allow":["GET"]}}],"collection":[{"href":"https:\/\/blogs.correiobraziliense.com.br\/denise\/wp-json\/wp\/v2\/posts"}],"about":[{"href":"https:\/\/blogs.correiobraziliense.com.br\/denise\/wp-json\/wp\/v2\/types\/post"}],"author":[{"embeddable":true,"href":"https:\/\/blogs.correiobraziliense.com.br\/denise\/wp-json\/wp\/v2\/users\/29"}],"replies":[{"embeddable":true,"href":"https:\/\/blogs.correiobraziliense.com.br\/denise\/wp-json\/wp\/v2\/comments?post=3107"}],"version-history":[{"count":1,"href":"https:\/\/blogs.correiobraziliense.com.br\/denise\/wp-json\/wp\/v2\/posts\/3107\/revisions"}],"predecessor-version":[{"id":3109,"href":"https:\/\/blogs.correiobraziliense.com.br\/denise\/wp-json\/wp\/v2\/posts\/3107\/revisions\/3109"}],"wp:featuredmedia":[{"embeddable":true,"href":"https:\/\/blogs.correiobraziliense.com.br\/denise\/wp-json\/wp\/v2\/media\/3108"}],"wp:attachment":[{"href":"https:\/\/blogs.correiobraziliense.com.br\/denise\/wp-json\/wp\/v2\/media?parent=3107"}],"wp:term":[{"taxonomy":"category","embeddable":true,"href":"https:\/\/blogs.correiobraziliense.com.br\/denise\/wp-json\/wp\/v2\/categories?post=3107"},{"taxonomy":"post_tag","embeddable":true,"href":"https:\/\/blogs.correiobraziliense.com.br\/denise\/wp-json\/wp\/v2\/tags?post=3107"}],"curies":[{"name":"wp","href":"https:\/\/api.w.org\/{rel}","templated":true}]}}