{"id":3097,"date":"2019-01-22T07:54:06","date_gmt":"2019-01-22T09:54:06","guid":{"rendered":"https:\/\/blogs.correiobraziliense.com.br\/denise\/?p=3097"},"modified":"2019-01-22T07:54:06","modified_gmt":"2019-01-22T09:54:06","slug":"pt-cpi-investigar-queiroz-flavio-bolsonaro","status":"publish","type":"post","link":"https:\/\/blogs.correiobraziliense.com.br\/denise\/pt-cpi-investigar-queiroz-flavio-bolsonaro\/","title":{"rendered":"PT considera precipitado pedir uma CPI para investigar Queiroz e Fl\u00e1vio Bolsonaro"},"content":{"rendered":"<p>Parte do PT considera precipitado pedir uma CPI para investigar as movimenta\u00e7\u00f5es financeiras de Fabr\u00edcio Queiroz e do senador eleito Fl\u00e1vio Bolsonaro (PSL-RJ). A ordem na oposi\u00e7\u00e3o, de um modo geral, \u00e9 tratar agora das Presid\u00eancias da C\u00e2mara e do Senado, deixando que o senador se explique perante \u00e0s autoridades competentes, no caso, o Minist\u00e9rio P\u00fablico.<\/p>\n<p>As movimenta\u00e7\u00f5es financeiras de Fl\u00e1vio Bolsonaro e de Fabr\u00edcio Queiroz n\u00e3o s\u00e3o assunto de governo. Portanto, em outros partidos de oposi\u00e7\u00e3o \u00e9 voz corrente que n\u00e3o cabe CPI. Afinal, se banalizar demais os pedidos de CPIs j\u00e1 na largada, se vier algo envolvendo governo, n\u00e3o haver\u00e1 espa\u00e7o para pedir investiga\u00e7\u00e3o. Por\u00e9m, tem gente no PT querendo CPI s\u00f3 para guardar o lugar na \u201cfila\u201d.<\/p>\n<p>Petistas n\u00e3o v\u00e3o dar tr\u00e9gua ao senador eleito Fl\u00e1vio Bolsonaro. A ordem \u00e9 saber se o filho do presidente \u00e9 pavio curto ou tem \u201cnervos de a\u00e7o\u201d.<\/p>\n<p>Os petistas querem saber, por exemplo, onde est\u00e3o os filmes sobre as imagens dos autores dos dep\u00f3sitos em 2017 na conta do senador eleito, se a compra e venda de im\u00f3veis est\u00e1 declarada no Imposto de Renda de todos os citados e por a\u00ed vai.<\/p>\n<p>Para completar, se houver uma reclama\u00e7\u00e3o a respeito do modus operandi do Minist\u00e9rio P\u00fablico, n\u00e3o faltar\u00e1 quem lembre que, na hora de investigar o PT, o MDB, o PP, o PSDB e quem mais chegou, n\u00e3o houve grita dos bolsonaristas.<\/p>\n","protected":false},"excerpt":{"rendered":"<p>Parte do PT considera precipitado pedir uma CPI para investigar as movimenta\u00e7\u00f5es financeiras de Fabr\u00edcio Queiroz e do senador eleito Fl\u00e1vio Bolsonaro (PSL-RJ). A ordem na oposi\u00e7\u00e3o, de um modo geral, \u00e9 tratar agora das Presid\u00eancias da C\u00e2mara e do Senado, deixando que o senador se explique perante \u00e0s autoridades competentes, no caso, o Minist\u00e9rio P\u00fablico. As movimenta\u00e7\u00f5es financeiras de [&hellip;]<\/p>\n","protected":false},"author":29,"featured_media":2956,"comment_status":"closed","ping_status":"closed","sticky":false,"template":"","format":"standard","meta":{"footnotes":""},"categories":[4],"tags":[],"class_list":["post-3097","post","type-post","status-publish","format-standard","has-post-thumbnail","hentry","category-coluna-brasilia-df"],"_links":{"self":[{"href":"https:\/\/blogs.correiobraziliense.com.br\/denise\/wp-json\/wp\/v2\/posts\/3097","targetHints":{"allow":["GET"]}}],"collection":[{"href":"https:\/\/blogs.correiobraziliense.com.br\/denise\/wp-json\/wp\/v2\/posts"}],"about":[{"href":"https:\/\/blogs.correiobraziliense.com.br\/denise\/wp-json\/wp\/v2\/types\/post"}],"author":[{"embeddable":true,"href":"https:\/\/blogs.correiobraziliense.com.br\/denise\/wp-json\/wp\/v2\/users\/29"}],"replies":[{"embeddable":true,"href":"https:\/\/blogs.correiobraziliense.com.br\/denise\/wp-json\/wp\/v2\/comments?post=3097"}],"version-history":[{"count":1,"href":"https:\/\/blogs.correiobraziliense.com.br\/denise\/wp-json\/wp\/v2\/posts\/3097\/revisions"}],"predecessor-version":[{"id":3099,"href":"https:\/\/blogs.correiobraziliense.com.br\/denise\/wp-json\/wp\/v2\/posts\/3097\/revisions\/3099"}],"wp:featuredmedia":[{"embeddable":true,"href":"https:\/\/blogs.correiobraziliense.com.br\/denise\/wp-json\/wp\/v2\/media\/2956"}],"wp:attachment":[{"href":"https:\/\/blogs.correiobraziliense.com.br\/denise\/wp-json\/wp\/v2\/media?parent=3097"}],"wp:term":[{"taxonomy":"category","embeddable":true,"href":"https:\/\/blogs.correiobraziliense.com.br\/denise\/wp-json\/wp\/v2\/categories?post=3097"},{"taxonomy":"post_tag","embeddable":true,"href":"https:\/\/blogs.correiobraziliense.com.br\/denise\/wp-json\/wp\/v2\/tags?post=3097"}],"curies":[{"name":"wp","href":"https:\/\/api.w.org\/{rel}","templated":true}]}}