{"id":3096,"date":"2019-01-22T07:58:03","date_gmt":"2019-01-22T09:58:03","guid":{"rendered":"https:\/\/blogs.correiobraziliense.com.br\/denise\/?p=3096"},"modified":"2019-01-22T07:58:03","modified_gmt":"2019-01-22T09:58:03","slug":"mourao-militares-reforma-previdencia","status":"publish","type":"post","link":"https:\/\/blogs.correiobraziliense.com.br\/denise\/mourao-militares-reforma-previdencia\/","title":{"rendered":"Mour\u00e3o prepara o terreno para a inclus\u00e3o dos militares na reforma da Previd\u00eancia"},"content":{"rendered":"<p>Enquanto o presidente Jair Bolsonaro e o ministro da Economia, Paulo Guedes, apresentam as novas bases do governo no F\u00f3rum Econ\u00f4mico de Davos, o presidente em exerc\u00edcio, general Hamilton Mour\u00e3o, estar\u00e1 dedicado a preparar o terreno para a inclus\u00e3o dos militares na reforma da Previd\u00eancia. \u00c9 cada vez mais consensual no governo que ningu\u00e9m pode ficar de fora, at\u00e9 para n\u00e3o dar margem a atrasos no Parlamento.<\/p>\n<p>A ideia de incluir os militares \u00e9 para n\u00e3o dar margem a outros setores mais abastados, como o Judici\u00e1rio, o Minist\u00e9rio P\u00fablico e o Legislativo. Se todo mundo estiver dando a sua quota, de uma forma ou de outra, fica mais f\u00e1cil convencer a sociedade.<\/p>\n<h2><strong>Contagem regressiva<\/strong><\/h2>\n<p>Renan Calheiros s\u00f3 vai disputar a Presid\u00eancia do Senado se tiver certeza da vit\u00f3ria. N\u00e3o entrar\u00e1 em bola dividida. Como at\u00e9 aqui s\u00f3 disse que n\u00e3o \u00e9 candidato, e que a escolha ser\u00e1 da bancada do MDB, n\u00e3o ser\u00e1 um recuo.<\/p>\n<h2><strong>Enquanto isso, na C\u00e2mara\u2026<\/strong><\/h2>\n<p>Rodrigo Maia perde dois partidos em seu bloco, o PT e o PSB. Por\u00e9m, como o voto \u00e9 secreto, ele ter\u00e1 apoios discretos nas duas bancadas.<\/p>\n<p><strong>Doria na lida<\/strong>\/ O governador de S\u00e3o Paulo, Jo\u00e3o Doria (foto), tem come\u00e7ado reuni\u00f5es na Su\u00ed\u00e7a apresentando um v\u00eddeo de menos de 3 minutos intitulado \u201cUma Na\u00e7\u00e3o chamada S\u00e3o Paulo, estamos prontos para os neg\u00f3cios\u201d. Tudo para atrair investidores.<\/p>\n","protected":false},"excerpt":{"rendered":"<p>Enquanto o presidente Jair Bolsonaro e o ministro da Economia, Paulo Guedes, apresentam as novas bases do governo no F\u00f3rum Econ\u00f4mico de Davos, o presidente em exerc\u00edcio, general Hamilton Mour\u00e3o, estar\u00e1 dedicado a preparar o terreno para a inclus\u00e3o dos militares na reforma da Previd\u00eancia. \u00c9 cada vez mais consensual no governo que ningu\u00e9m pode ficar de fora, at\u00e9 para [&hellip;]<\/p>\n","protected":false},"author":29,"featured_media":3100,"comment_status":"closed","ping_status":"closed","sticky":false,"template":"","format":"standard","meta":{"footnotes":""},"categories":[4],"tags":[],"class_list":["post-3096","post","type-post","status-publish","format-standard","has-post-thumbnail","hentry","category-coluna-brasilia-df"],"_links":{"self":[{"href":"https:\/\/blogs.correiobraziliense.com.br\/denise\/wp-json\/wp\/v2\/posts\/3096","targetHints":{"allow":["GET"]}}],"collection":[{"href":"https:\/\/blogs.correiobraziliense.com.br\/denise\/wp-json\/wp\/v2\/posts"}],"about":[{"href":"https:\/\/blogs.correiobraziliense.com.br\/denise\/wp-json\/wp\/v2\/types\/post"}],"author":[{"embeddable":true,"href":"https:\/\/blogs.correiobraziliense.com.br\/denise\/wp-json\/wp\/v2\/users\/29"}],"replies":[{"embeddable":true,"href":"https:\/\/blogs.correiobraziliense.com.br\/denise\/wp-json\/wp\/v2\/comments?post=3096"}],"version-history":[{"count":1,"href":"https:\/\/blogs.correiobraziliense.com.br\/denise\/wp-json\/wp\/v2\/posts\/3096\/revisions"}],"predecessor-version":[{"id":3101,"href":"https:\/\/blogs.correiobraziliense.com.br\/denise\/wp-json\/wp\/v2\/posts\/3096\/revisions\/3101"}],"wp:featuredmedia":[{"embeddable":true,"href":"https:\/\/blogs.correiobraziliense.com.br\/denise\/wp-json\/wp\/v2\/media\/3100"}],"wp:attachment":[{"href":"https:\/\/blogs.correiobraziliense.com.br\/denise\/wp-json\/wp\/v2\/media?parent=3096"}],"wp:term":[{"taxonomy":"category","embeddable":true,"href":"https:\/\/blogs.correiobraziliense.com.br\/denise\/wp-json\/wp\/v2\/categories?post=3096"},{"taxonomy":"post_tag","embeddable":true,"href":"https:\/\/blogs.correiobraziliense.com.br\/denise\/wp-json\/wp\/v2\/tags?post=3096"}],"curies":[{"name":"wp","href":"https:\/\/api.w.org\/{rel}","templated":true}]}}