{"id":3067,"date":"2019-01-15T08:31:53","date_gmt":"2019-01-15T10:31:53","guid":{"rendered":"https:\/\/blogs.correiobraziliense.com.br\/denise\/?p=3067"},"modified":"2019-01-15T08:35:02","modified_gmt":"2019-01-15T10:35:02","slug":"membros-do-governo-acreditam-que-a-justica-negara-abertura-de-processo-contra-queiroz","status":"publish","type":"post","link":"https:\/\/blogs.correiobraziliense.com.br\/denise\/membros-do-governo-acreditam-que-a-justica-negara-abertura-de-processo-contra-queiroz\/","title":{"rendered":"Membros do governo acreditam que a justi\u00e7a negar\u00e1 abertura de processo contra Queiroz"},"content":{"rendered":"<h2><strong>Jogada arriscada<\/strong><\/h2>\n<p>No governo, h\u00e1 quem diga que a perspectiva de o Minist\u00e9rio P\u00fablico do Rio de Janeiro (MPRJ) pedir a abertura de processo contra o ex-assessor de Fl\u00e1vio Bolsonaro (PSL), Fabr\u00edcio Queiroz, sem ouvi-lo abre um portal para adiamentos ainda maiores sobre o caso. Afinal, a Justi\u00e7a ter\u00e1 a brecha de recusar o pedido por falta do depoimento e, assim, volta tudo \u00e0 estaca zero.<\/p>\n","protected":false},"excerpt":{"rendered":"<p>Jogada arriscada No governo, h\u00e1 quem diga que a perspectiva de o Minist\u00e9rio P\u00fablico do Rio de Janeiro (MPRJ) pedir a abertura de processo contra o ex-assessor de Fl\u00e1vio Bolsonaro (PSL), Fabr\u00edcio Queiroz, sem ouvi-lo abre um portal para adiamentos ainda maiores sobre o caso. Afinal, a Justi\u00e7a ter\u00e1 a brecha de recusar o pedido por falta do depoimento e, [&hellip;]<\/p>\n","protected":false},"author":29,"featured_media":2956,"comment_status":"closed","ping_status":"closed","sticky":false,"template":"","format":"standard","meta":{"footnotes":""},"categories":[4],"tags":[],"class_list":["post-3067","post","type-post","status-publish","format-standard","has-post-thumbnail","hentry","category-coluna-brasilia-df"],"_links":{"self":[{"href":"https:\/\/blogs.correiobraziliense.com.br\/denise\/wp-json\/wp\/v2\/posts\/3067","targetHints":{"allow":["GET"]}}],"collection":[{"href":"https:\/\/blogs.correiobraziliense.com.br\/denise\/wp-json\/wp\/v2\/posts"}],"about":[{"href":"https:\/\/blogs.correiobraziliense.com.br\/denise\/wp-json\/wp\/v2\/types\/post"}],"author":[{"embeddable":true,"href":"https:\/\/blogs.correiobraziliense.com.br\/denise\/wp-json\/wp\/v2\/users\/29"}],"replies":[{"embeddable":true,"href":"https:\/\/blogs.correiobraziliense.com.br\/denise\/wp-json\/wp\/v2\/comments?post=3067"}],"version-history":[{"count":3,"href":"https:\/\/blogs.correiobraziliense.com.br\/denise\/wp-json\/wp\/v2\/posts\/3067\/revisions"}],"predecessor-version":[{"id":3071,"href":"https:\/\/blogs.correiobraziliense.com.br\/denise\/wp-json\/wp\/v2\/posts\/3067\/revisions\/3071"}],"wp:featuredmedia":[{"embeddable":true,"href":"https:\/\/blogs.correiobraziliense.com.br\/denise\/wp-json\/wp\/v2\/media\/2956"}],"wp:attachment":[{"href":"https:\/\/blogs.correiobraziliense.com.br\/denise\/wp-json\/wp\/v2\/media?parent=3067"}],"wp:term":[{"taxonomy":"category","embeddable":true,"href":"https:\/\/blogs.correiobraziliense.com.br\/denise\/wp-json\/wp\/v2\/categories?post=3067"},{"taxonomy":"post_tag","embeddable":true,"href":"https:\/\/blogs.correiobraziliense.com.br\/denise\/wp-json\/wp\/v2\/tags?post=3067"}],"curies":[{"name":"wp","href":"https:\/\/api.w.org\/{rel}","templated":true}]}}