{"id":3064,"date":"2019-01-15T08:22:12","date_gmt":"2019-01-15T10:22:12","guid":{"rendered":"https:\/\/blogs.correiobraziliense.com.br\/denise\/?p=3064"},"modified":"2019-01-15T08:22:12","modified_gmt":"2019-01-15T10:22:12","slug":"redes-presidencia-do-senado","status":"publish","type":"post","link":"https:\/\/blogs.correiobraziliense.com.br\/denise\/redes-presidencia-do-senado\/","title":{"rendered":"Bloco liderado pela Rede pensa em lan\u00e7ar Tasso Jereissati candidato \u00e0 presid\u00eancia do Senado"},"content":{"rendered":"<p>O bloco liderado pela Rede, do senador Randolfe Rodrigues, est\u00e1 com dificuldade de encontrar um candidato a presidente do Senado que cumpra dois pr\u00e9-requisitos: represente a renova\u00e7\u00e3o da pol\u00edtica e a independ\u00eancia em rela\u00e7\u00e3o ao governo. Renan Calheiros, que caminha para ser o nome do MDB, n\u00e3o \u00e9 renova\u00e7\u00e3o. E os demais que se apresentaram at\u00e9 agora \u2014 Davi Alcolumbre e Major Ol\u00edmpio \u2014 n\u00e3o s\u00e3o independentes. \u00c9 por a\u00ed que o senador Tasso Jereissati pretende se lan\u00e7ar. Falta, entretanto, combinar com o PSDB.<\/p>\n<h2>\n<strong>Mudan\u00e7a &amp; comando<\/strong><\/h2>\n<p>Ao escolher o deputado Major Vitor Hugo, de primeiro mandato, para l\u00edder do governo, Bolsonaro d\u00e1 dois recados aos pol\u00edticos: quer realmente mudar a forma de se relacionar com o Parlamento. E, para completar, o fato de Major n\u00e3o ser muito conhecido na Casa, \u00e9 lido como um sinal claro de que quem vai coordenar tudo \u00e9 o presidente da Rep\u00fablica.<\/p>\n<h2>\n<strong>Equil\u00edbrio<\/strong><\/h2>\n<p>O presidente Jair Bolsonaro tenta contrabalan\u00e7ar o poder do DEM na articula\u00e7\u00e3o pol\u00edtica do governo.<\/p>\n<h2><strong>Preserva\u00e7\u00e3o<\/strong><\/h2>\n<p>O fato de Vitor Hugo n\u00e3o pertencer ao eixo Rio de Janeiro-S\u00e3o Paulo tamb\u00e9m preserva o espa\u00e7o dos filhos do presidente que fazem pol\u00edtica nesses dois estados.<\/p>\n<h2>\n<strong>Estimular para embaralhar<\/strong><\/h2>\n<p>Deputados aliados de F\u00e1bio Ramalho come\u00e7aram a estimular outros colegas a entrarem na disputa pela Presid\u00eancia da Casa. Quanto mais candidatos, avaliam, mais dif\u00edcil para Rodrigo Maia manter um mapa fiel dos votos.<\/p>\n<h2>\n<strong>Curtidas<\/strong><\/h2>\n<p><strong>Onde passa boi&#8230;<\/strong>\/ A pris\u00e3o domiciliar do deputado Chiquinho da Mangueira provocar\u00e1 uma corrida de outros presos da Opera\u00e7\u00e3o Furna da On\u00e7a ao Superior Tribunal de Justi\u00e7a. Quem ainda n\u00e3o recorreu prepara a papelada do recurso a fim de tentar o mesmo benef\u00edcio ainda no plant\u00e3o.<\/p>\n<p><strong>As dores do crescimento<\/strong>\/ A vida do senador Randolfe Rodrigues (Rede-AP) mudou. At\u00e9 dezembro, ele era l\u00edder dele mesmo e n\u00e3o precisava dar satisfa\u00e7\u00e3o a ningu\u00e9m. Agora, tudo o que \u00e9 feito tem de ser discutido com outros quatro.<\/p>\n<p><strong>Longe de confus\u00e3o<\/strong>\/ O secret\u00e1rio especial de Regula\u00e7\u00e3o Fundi\u00e1ria do Minist\u00e9rio da Agricultura, Luiz Ant\u00f4nio Nabhan Garcia, arrancou risadas de quem acompanhava uma entrevista coletiva. Ao avistar um rep\u00f3rter com um crach\u00e1 de visitante na cor rosa, chamou aten\u00e7\u00e3o. \u201cMenino, tem de avisar o pessoal l\u00e1 embaixo que menino \u00e9 crach\u00e1 azul e menina crach\u00e1 rosa\u201d, brincou. Ele adotou o tom da ministra da Mulher, Fam\u00edlia e Direitos Humanos, Damares Alves. \u201c\u00c9 para evitar conflito no governo\u201d, disse \u00e0s gargalhadas.<\/p>\n<p><strong>Restou o recado<\/strong>\/ O presidente Jair Bolsonaro sonhou em assinar a extradi\u00e7\u00e3o de Cesare Battisti. Michel Temer o fez. Sonhou em entregar o terrorista \u00e0s autoridades italianas. N\u00e3o conseguiu. Sobrou, por\u00e9m, anunciar que condenados em outros pa\u00edses por terrorismo n\u00e3o ter\u00e3o mais abrigo no Brasil, um pa\u00eds que respeita decis\u00f5es judiciais de na\u00e7\u00f5es amigas. Como diziam ontem alguns diplomatas, caso encerrado. Bola para frente.<\/p>\n<p><em>Colaborou Ot\u00e1vio Augusto<\/em><\/p>\n","protected":false},"excerpt":{"rendered":"<p>O bloco liderado pela Rede, do senador Randolfe Rodrigues, est\u00e1 com dificuldade de encontrar um candidato a presidente do Senado que cumpra dois pr\u00e9-requisitos: represente a renova\u00e7\u00e3o da pol\u00edtica e a independ\u00eancia em rela\u00e7\u00e3o ao governo. Renan Calheiros, que caminha para ser o nome do MDB, n\u00e3o \u00e9 renova\u00e7\u00e3o. E os demais que se apresentaram at\u00e9 agora \u2014 Davi Alcolumbre [&hellip;]<\/p>\n","protected":false},"author":29,"featured_media":3065,"comment_status":"closed","ping_status":"closed","sticky":false,"template":"","format":"standard","meta":{"footnotes":""},"categories":[4],"tags":[],"class_list":["post-3064","post","type-post","status-publish","format-standard","has-post-thumbnail","hentry","category-coluna-brasilia-df"],"_links":{"self":[{"href":"https:\/\/blogs.correiobraziliense.com.br\/denise\/wp-json\/wp\/v2\/posts\/3064","targetHints":{"allow":["GET"]}}],"collection":[{"href":"https:\/\/blogs.correiobraziliense.com.br\/denise\/wp-json\/wp\/v2\/posts"}],"about":[{"href":"https:\/\/blogs.correiobraziliense.com.br\/denise\/wp-json\/wp\/v2\/types\/post"}],"author":[{"embeddable":true,"href":"https:\/\/blogs.correiobraziliense.com.br\/denise\/wp-json\/wp\/v2\/users\/29"}],"replies":[{"embeddable":true,"href":"https:\/\/blogs.correiobraziliense.com.br\/denise\/wp-json\/wp\/v2\/comments?post=3064"}],"version-history":[{"count":1,"href":"https:\/\/blogs.correiobraziliense.com.br\/denise\/wp-json\/wp\/v2\/posts\/3064\/revisions"}],"predecessor-version":[{"id":3068,"href":"https:\/\/blogs.correiobraziliense.com.br\/denise\/wp-json\/wp\/v2\/posts\/3064\/revisions\/3068"}],"wp:featuredmedia":[{"embeddable":true,"href":"https:\/\/blogs.correiobraziliense.com.br\/denise\/wp-json\/wp\/v2\/media\/3065"}],"wp:attachment":[{"href":"https:\/\/blogs.correiobraziliense.com.br\/denise\/wp-json\/wp\/v2\/media?parent=3064"}],"wp:term":[{"taxonomy":"category","embeddable":true,"href":"https:\/\/blogs.correiobraziliense.com.br\/denise\/wp-json\/wp\/v2\/categories?post=3064"},{"taxonomy":"post_tag","embeddable":true,"href":"https:\/\/blogs.correiobraziliense.com.br\/denise\/wp-json\/wp\/v2\/tags?post=3064"}],"curies":[{"name":"wp","href":"https:\/\/api.w.org\/{rel}","templated":true}]}}