{"id":3037,"date":"2019-01-10T07:57:37","date_gmt":"2019-01-10T09:57:37","guid":{"rendered":"https:\/\/blogs.correiobraziliense.com.br\/denise\/?p=3037"},"modified":"2019-01-10T07:59:15","modified_gmt":"2019-01-10T09:59:15","slug":"cartoes-de-visita-de-bolsonaro-no-forum-de-davos","status":"publish","type":"post","link":"https:\/\/blogs.correiobraziliense.com.br\/denise\/cartoes-de-visita-de-bolsonaro-no-forum-de-davos\/","title":{"rendered":"Economia, seguran\u00e7a jur\u00eddica e combate \u00e0 corrup\u00e7\u00e3o ser\u00e3o os cart\u00f5es de visita de Bolsonaro no F\u00f3rum de Davos"},"content":{"rendered":"<p>Com o d\u00f3lar em baixa, a bolsa em alta e a Previd\u00eancia em pauta, o presidente Jair Bolsonaro apresentar\u00e1 maravilhas de seu governo aos economistas e presidentes no F\u00f3rum Econ\u00f4mico de Davos, na Su\u00ed\u00e7a. A expectativa do governo \u00e9 a de que essas not\u00edcias, associadas ao ajuste fiscal e \u00e0 \u201cseguran\u00e7a jur\u00eddica\u201d, ou seja, a regras claras em todos os setores, ajudem a atrair novos investimentos. Ali\u00e1s, a medida provis\u00f3ria de combate a fraudes nos benef\u00edcios previdenci\u00e1rios ser\u00e1 inclu\u00edda na bagagem como prova da aten\u00e7\u00e3o do governo \u00e0s contas p\u00fablicas.<\/p>\n<p>\u00bb \u00bb \u00bb<\/p>\n<p>Ali\u00e1s, o presidente, embora d\u00ea alguns recados sobre v\u00e1rios temas em seus discursos e no Twitter, est\u00e1 convencido de que o cart\u00e3o de visitas ser\u00e1 mesmo a economia e o combate \u00e0 corrup\u00e7\u00e3o. Na vis\u00e3o de alguns de seus estrategistas, outros assuntos tendem a se tornar acess\u00f3rios com o passar dos dias.<\/p>\n<h2><strong>Militares, o teste<\/strong><\/h2>\n<p>Os pol\u00edticos aguardam para ver se o presidente Jair Bolsonaro dir\u00e1 sim a todos os pedidos dos militares, da mesma forma que o ex-presidente Lula fazia com as solicita\u00e7\u00f5es dos sindicatos. A resposta a essa pergunta ser\u00e1 dada durante a negocia\u00e7\u00e3o da reforma previdenci\u00e1ria. J\u00e1 est\u00e1 decidido que os militares ser\u00e3o inclu\u00eddos. Resta saber em que patamar.<\/p>\n<h2><strong>Por falar em Lula\u2026<\/strong><\/h2>\n<p>A depender do que tem dito o ex-ministro Antonio Palocci nos depoimentos e dela\u00e7\u00f5es premiadas, o PT ficar\u00e1 af\u00f4nico de tanto gritar \u201cLula livre\u201d, sem sucesso.<\/p>\n<h2><strong>Senado no escuro I<\/strong><\/h2>\n<p>Por enquanto, os senadores ainda n\u00e3o conseguiram sentir como est\u00e1 o humor da maioria em rela\u00e7\u00e3o \u00e0 escolha do novo presidente. No Nordeste, por exemplo, de 18, s\u00f3 tr\u00eas se reelegeram. Nem o experiente Renan Calheiros (MDB-AL) consegue vislumbrar quem est\u00e1 disposto a seguir a tradi\u00e7\u00e3o da maior bancada de indicar o presidente.<\/p>\n<h2><strong>Situa\u00e7\u00e3o come\u00e7a a clarear<\/strong><\/h2>\n<p>Ao negar o pedido de Kim Kataguiri (DEM-SP) para a escolha do presidente da C\u00e2mara por voto aberto, o presidente do Supremo Tribunal Federal, Dias Toffoli, deixou clara que tamb\u00e9m decidiria em favor do voto secreto no Senado, o que acabou acontecendo, <a href=\"https:\/\/blogs.correiobraziliense.com.br\/denise\/eleicao-senado-voto-secreto\/\">conforme antecipou a coluna ontem<\/a>. Melhor para o nome do MDB, leia-se Renan Calheiros, e pior para o presidente da C\u00e2mara, Rodrigo Maia, que ser\u00e1 tra\u00eddo por alguns partidos dos nove que o apoiam.<\/p>\n<h2><strong>Enquanto isso, na oposi\u00e7\u00e3o a Maia\u2026<\/strong><\/h2>\n<p>Que ningu\u00e9m se surpreenda se o deputado F\u00e1bio Ramalho (MDB-MG) come\u00e7ar a insuflar aqueles que desejam concorrer \u00e0 Presid\u00eancia da Casa. \u00c9 que, no quadro atual, quanto mais candidatos houver, maior a certeza do segundo turno.<\/p>\n<p><strong>E o Tasso, hein?<\/strong>\/ Pr\u00e9-candidato a presidente do Senado, Tasso Jereissati (CE) ainda est\u00e1 em f\u00e9rias. Ainda nem come\u00e7ou a ligar para os senadores pedindo voto. Ali, prevalece a m\u00e1xima, \u201cquem chega primeiro bebe \u00e1gua limpa\u201d.<\/p>\n<p><strong>O alto ver\u00e3o de Izalci<\/strong>\/ O senador eleito Izalci Lucas, do PSDB do DF, viaja domingo para a base brasileira Comandante Ferraz, na Ant\u00e1rtica. O convite foi feito pelo comandante da Marinha, Ilques Barbosa J\u00fanior, durante a solenidade de transmiss\u00e3o de cargo. J\u00e1 \u00e9 a terceira vez que o deputado \u00e9 convidado, e a primeira em que ele vai. Nas outras, repassou o convite ao chefe de gabinete. Agora, vai para trazer na bagagem as linhas gerais da frente parlamentar mista de apoio \u00e0 ci\u00eancia, tecnologia, inova\u00e7\u00e3o e pesquisa.<\/p>\n<p><strong>Por falar em Marinha&#8230;<\/strong>\/ Na cerim\u00f4nia de transmiss\u00e3o de cargo, o almirante Ilques Barbosa J\u00fanior afirmou que o Brasil esteve ao lado dos Estados Unidos em tr\u00eas guerras mundiais, o que causou estranheza a quem estava presente, pois o mundo enfrentou at\u00e9 hoje a 1\u00aa e a 2\u00aa guerra mundiais.<\/p>\n<p><strong>\u2026 guerra fria conta<\/strong>\/ Perguntado sobre qual seria a terceira, ele disse que, ao citar um terceiro conflito, se referia \u00e0 chamada Guerra Fria. Na ocasi\u00e3o, Estados Unidos e a extinta Uni\u00e3o Sovi\u00e9tica trocaram amea\u00e7as contundentes. N\u00e3o houve combate armado, por\u00e9m, de acordo com o comandante, \u201co Brasil tinha um lado\u201d. E continuar\u00e1 nesse lado.<\/p>\n<p><em>Colaborou Renato Souza<\/em><\/p>\n","protected":false},"excerpt":{"rendered":"<p>Com o d\u00f3lar em baixa, a bolsa em alta e a Previd\u00eancia em pauta, o presidente Jair Bolsonaro apresentar\u00e1 maravilhas de seu governo aos economistas e presidentes no F\u00f3rum Econ\u00f4mico de Davos, na Su\u00ed\u00e7a. A expectativa do governo \u00e9 a de que essas not\u00edcias, associadas ao ajuste fiscal e \u00e0 \u201cseguran\u00e7a jur\u00eddica\u201d, ou seja, a regras claras em todos os [&hellip;]<\/p>\n","protected":false},"author":29,"featured_media":3038,"comment_status":"closed","ping_status":"closed","sticky":false,"template":"","format":"standard","meta":{"footnotes":""},"categories":[4],"tags":[],"class_list":["post-3037","post","type-post","status-publish","format-standard","has-post-thumbnail","hentry","category-coluna-brasilia-df"],"_links":{"self":[{"href":"https:\/\/blogs.correiobraziliense.com.br\/denise\/wp-json\/wp\/v2\/posts\/3037","targetHints":{"allow":["GET"]}}],"collection":[{"href":"https:\/\/blogs.correiobraziliense.com.br\/denise\/wp-json\/wp\/v2\/posts"}],"about":[{"href":"https:\/\/blogs.correiobraziliense.com.br\/denise\/wp-json\/wp\/v2\/types\/post"}],"author":[{"embeddable":true,"href":"https:\/\/blogs.correiobraziliense.com.br\/denise\/wp-json\/wp\/v2\/users\/29"}],"replies":[{"embeddable":true,"href":"https:\/\/blogs.correiobraziliense.com.br\/denise\/wp-json\/wp\/v2\/comments?post=3037"}],"version-history":[{"count":2,"href":"https:\/\/blogs.correiobraziliense.com.br\/denise\/wp-json\/wp\/v2\/posts\/3037\/revisions"}],"predecessor-version":[{"id":3040,"href":"https:\/\/blogs.correiobraziliense.com.br\/denise\/wp-json\/wp\/v2\/posts\/3037\/revisions\/3040"}],"wp:featuredmedia":[{"embeddable":true,"href":"https:\/\/blogs.correiobraziliense.com.br\/denise\/wp-json\/wp\/v2\/media\/3038"}],"wp:attachment":[{"href":"https:\/\/blogs.correiobraziliense.com.br\/denise\/wp-json\/wp\/v2\/media?parent=3037"}],"wp:term":[{"taxonomy":"category","embeddable":true,"href":"https:\/\/blogs.correiobraziliense.com.br\/denise\/wp-json\/wp\/v2\/categories?post=3037"},{"taxonomy":"post_tag","embeddable":true,"href":"https:\/\/blogs.correiobraziliense.com.br\/denise\/wp-json\/wp\/v2\/tags?post=3037"}],"curies":[{"name":"wp","href":"https:\/\/api.w.org\/{rel}","templated":true}]}}