{"id":3003,"date":"2019-01-03T09:12:44","date_gmt":"2019-01-03T11:12:44","guid":{"rendered":"https:\/\/blogs.correiobraziliense.com.br\/denise\/?p=3003"},"modified":"2019-01-03T09:12:44","modified_gmt":"2019-01-03T11:12:44","slug":"bolsonaro-precisa-manter-aceso-o-sentimento-popular-para-pressionar-o-congresso","status":"publish","type":"post","link":"https:\/\/blogs.correiobraziliense.com.br\/denise\/bolsonaro-precisa-manter-aceso-o-sentimento-popular-para-pressionar-o-congresso\/","title":{"rendered":"Bolsonaro precisa manter aceso o sentimento popular para pressionar o Congresso"},"content":{"rendered":"<p>Depois dos primeiros discursos do presidente eleito, muito se falou sobre a necessidade de \u201cdescer do palanque\u201d, que a elei\u00e7\u00e3o acabou, etc. Por\u00e9m, quem o conhece garante que n\u00e3o ser\u00e1 bem assim. \u201cEle simplesmente n\u00e3o pode fazer isso\u201d, diz o professor Paulo Kramer. O presidente Jair Bolsonaro optou por queimar a ponte com o presidencialismo de coaliz\u00e3o. Portanto, precisa manter aceso o sentimento popular para pressionar o Congresso a apoiar a agenda do Poder Executivo.<\/p>\n<p>\u00bb \u00bb \u00bb<\/p>\n<p>\u00c9 esse sentimento de resgate da bandeira verde e amarela, e da necessidade do ajuste fiscal e das reformas, que ele pretende usar nos pr\u00f3ximos meses. S\u00f3 tem um problema a\u00ed, diz o professor: \u201cComo alertava Max Weber, o carisma \u00e9 inerentemente inst\u00e1vel e fugaz, logo, a janela de oportunidade para implementar os pontos priorit\u00e1rios dessa agenda \u00e9 estreita\u201d. Portanto, o governo vai acelerar nesses primeiros meses e tratar de ganhar tempo onde for poss\u00edvel.<\/p>\n<h2>\n<strong>Guedes quer \u201cdesjudicializar\u201d a economia<\/strong><\/h2>\n<p>Muitos se perguntaram o que o presidente do Supremo Tribunal Federal (STF), Dias Toffoli, e o ministro da Economia, Paulo Guedes, comentavam aos cochichos na transmiss\u00e3o de cargo de Guedes ontem \u00e0 tarde. Era a necessidade de \u201cdesjudicializa\u00e7\u00e3o\u201d das mat\u00e9rias tribut\u00e1rias e a simplifica\u00e7\u00e3o do tema na Constitui\u00e7\u00e3o. Vem muita coisa por a\u00ed.<\/p>\n<p>&nbsp;<\/p>\n<h2><strong>Guedes por Rodrigo<\/strong><\/h2>\n<p>A presen\u00e7a do presidente da C\u00e2mara, Rodrigo Maia (DEM-RJ), na transmiss\u00e3o de cargo de Paulo Guedes, j\u00e1 estava acertada h\u00e1 tempos e a proximidade entre os dois foi fundamental para ajudar a levar o PSL a fechar com a reelei\u00e7\u00e3o do deputado para mais dois anos de comando na Casa. At\u00e9 aqui, avisam alguns, Rodrigo Maia \u00e9 quem tem mais tr\u00e2nsito e experi\u00eancia para garantir a agenda de reformas econ\u00f4micas.<\/p>\n<p>&nbsp;<\/p>\n<h2><strong>Governo fora<\/strong><\/h2>\n<p>A proximidade entre Paulo Guedes e Rodrigo Maia n\u00e3o garante o apoio fechado do governo ao demista. O presidente Jair Bolsonaro quer ficar distante dessa disputa. Prefere isso a fazer como a presidente Dilma Rousseff, que apoiou Arlindo Chinaglia (PT-SP) contra Eduardo Cunha (MDB-RJ) e perdeu.<\/p>\n<p>&nbsp;<\/p>\n<h2><strong>Enquanto isso, no Clube do Ex\u00e9rcito\u2026<\/strong><\/h2>\n<p>Ao falar de improviso na transmiss\u00e3o de cargo do ministro da Defesa, Fernando Azevedo, o presidente Jair Bolsonaro mencionou que o ex-ministro general Joaquim Silva e Luna \u201cn\u00e3o vai colocar o pijama\u201d. Ao fim da cerim\u00f4nia, o general disse ao jornalista Leonardo Cavalcanti que ficou surpreso com a refer\u00eancia e garantiu n\u00e3o saber qual cargo poder\u00e1 ocupar.<\/p>\n<p>&nbsp;<\/p>\n<h2><strong>Cada um no seu quadrado<\/strong><\/h2>\n<p>Poucos deputados prestigiaram a posse de S\u00e9rgio Moro na Justi\u00e7a. A maioria preferiu mesmo ir ao Planalto, Agricultura, Desenvolvimento Social, Turismo e Sa\u00fade, onde os ministros s\u00e3o pol\u00edticos. Com Moro, estavam o Judici\u00e1rio e policiais. Em peso.<\/p>\n<p>&nbsp;<\/p>\n<p><strong>Guedes, o informal\/<\/strong> O ministro da Economia, Paulo Guedes, n\u00e3o \u00e9 muito chegado \u00e0s men\u00e7\u00f5es protocolares. Em seu primeiro discurso oficial, dispensou a extensa nominata. Apenas saudou \u201cas autoridades\u201d e agradeceu a todos, \u201cem primeiro lugar, minha fam\u00edlia\u201d.<\/p>\n<p><strong>Padrinhos\/<\/strong> Na posse, destaque para Winston Ling e Bia Kicis, que apresentaram Paulo Guedes a Jair Bolsonaro em novembro de 2017. \u201cJamais imaginamos que hoje estar\u00edamos todos aqui\u201d, disse a deputada. Guedes, \u00e0 \u00e9poca, ainda sonhava com a candidatura do empres\u00e1rio Luciano Huck.<\/p>\n<p><strong>O Carlos das redes e do Rolls-Royce\/<\/strong> Funcion\u00e1rios que cuidam do Twitter do Planalto n\u00e3o t\u00eam feito o expediente completo. Ontem, houve at\u00e9 quem n\u00e3o aparecesse, uma vez que a gest\u00e3o das redes sociais palacianas ainda n\u00e3o est\u00e1 definida. A culpa, agora, recai sobre Carlos Bolsonaro (foto) \u2014 o filho que acompanhou o presidente sentado sobre parte da capota e com os p\u00e9s sobre o estofado do Rolls Royce presidencial . H\u00e1 inclusive quem diga, \u201cbem, j\u00e1 que o Carlos tu\u00edta tudo\u2026\u201d<\/p>\n<p><strong>Por falar em servidores&#8230;\/<\/strong> Ao exonerar todos os servidores da Casa Civil, n\u00e3o sobraram funcion\u00e1rios nem para atender o telefone. O ministro Onyx Lorenzoni e seus principais assessores tiveram que resolver tudo sozinhos. A inten\u00e7\u00e3o da equipe \u00e9 que, at\u00e9 amanh\u00e3, as coisas j\u00e1 estejam normalizadas. Pelo menos, o novo ministro n\u00e3o encontrou computadores apagados e sem HD, como ocorreu na passagem de Dilma para Michel Temer.<\/p>\n","protected":false},"excerpt":{"rendered":"<p>Depois dos primeiros discursos do presidente eleito, muito se falou sobre a necessidade de \u201cdescer do palanque\u201d, que a elei\u00e7\u00e3o acabou, etc. Por\u00e9m, quem o conhece garante que n\u00e3o ser\u00e1 bem assim. \u201cEle simplesmente n\u00e3o pode fazer isso\u201d, diz o professor Paulo Kramer. O presidente Jair Bolsonaro optou por queimar a ponte com o presidencialismo de coaliz\u00e3o. Portanto, precisa manter [&hellip;]<\/p>\n","protected":false},"author":29,"featured_media":3002,"comment_status":"closed","ping_status":"closed","sticky":false,"template":"","format":"standard","meta":{"footnotes":""},"categories":[4],"tags":[28,64,65],"class_list":["post-3003","post","type-post","status-publish","format-standard","has-post-thumbnail","hentry","category-coluna-brasilia-df","tag-bolsonaro","tag-congresso","tag-executivo"],"_links":{"self":[{"href":"https:\/\/blogs.correiobraziliense.com.br\/denise\/wp-json\/wp\/v2\/posts\/3003","targetHints":{"allow":["GET"]}}],"collection":[{"href":"https:\/\/blogs.correiobraziliense.com.br\/denise\/wp-json\/wp\/v2\/posts"}],"about":[{"href":"https:\/\/blogs.correiobraziliense.com.br\/denise\/wp-json\/wp\/v2\/types\/post"}],"author":[{"embeddable":true,"href":"https:\/\/blogs.correiobraziliense.com.br\/denise\/wp-json\/wp\/v2\/users\/29"}],"replies":[{"embeddable":true,"href":"https:\/\/blogs.correiobraziliense.com.br\/denise\/wp-json\/wp\/v2\/comments?post=3003"}],"version-history":[{"count":1,"href":"https:\/\/blogs.correiobraziliense.com.br\/denise\/wp-json\/wp\/v2\/posts\/3003\/revisions"}],"predecessor-version":[{"id":3004,"href":"https:\/\/blogs.correiobraziliense.com.br\/denise\/wp-json\/wp\/v2\/posts\/3003\/revisions\/3004"}],"wp:attachment":[{"href":"https:\/\/blogs.correiobraziliense.com.br\/denise\/wp-json\/wp\/v2\/media?parent=3003"}],"wp:term":[{"taxonomy":"category","embeddable":true,"href":"https:\/\/blogs.correiobraziliense.com.br\/denise\/wp-json\/wp\/v2\/categories?post=3003"},{"taxonomy":"post_tag","embeddable":true,"href":"https:\/\/blogs.correiobraziliense.com.br\/denise\/wp-json\/wp\/v2\/tags?post=3003"}],"curies":[{"name":"wp","href":"https:\/\/api.w.org\/{rel}","templated":true}]}}