{"id":2981,"date":"2018-12-29T16:05:40","date_gmt":"2018-12-29T18:05:40","guid":{"rendered":"https:\/\/blogs.correiobraziliense.com.br\/denise\/?p=2981"},"modified":"2018-12-29T16:07:02","modified_gmt":"2018-12-29T18:07:02","slug":"ministros-sao-orientados-a-blindar-bolsonaro-no-caso-queiroz","status":"publish","type":"post","link":"https:\/\/blogs.correiobraziliense.com.br\/denise\/ministros-sao-orientados-a-blindar-bolsonaro-no-caso-queiroz\/","title":{"rendered":"Ministros s\u00e3o orientados a blindar Bolsonaro no caso Queiroz"},"content":{"rendered":"<p>Por mais frouxas que sejam as <a href=\"https:\/\/www.correiobraziliense.com.br\/app\/noticia\/politica\/2018\/12\/26\/interna_politica,727466\/fabricio-queiroz-diz-que-movimentacao-atipica-vem-de-vendas-de-carro.shtml\" target=\"_blank\" rel=\"noopener\">explica\u00e7\u00f5es do ex-assessor Fabr\u00edcio Queiroz<\/a> em rela\u00e7\u00e3o \u00e0 movimenta\u00e7\u00e3o financeira at\u00edpica detectada pelo Coaf, o governo que assume daqui a tr\u00eas dias est\u00e1 com tudo preparado para manter esse assunto bem longe do presidente eleito, Jair Bolsonaro. Entre todos os ministros, a ordem \u00e9 dizer em alto e bom som que esse tema n\u00e3o \u00e9 assunto de governo e que quem deve responder \u00e9 o pr\u00f3prio Queiroz.<\/p>\n<p>Ainda que, por hip\u00f3tese, o ex-chefe de Queiroz, o deputado estadual Fl\u00e1vio Bolsonaro, senador eleito, seja chamado a dar qualquer explica\u00e7\u00e3o, ele estar\u00e1 l\u00e1 como integrante da Assembleia Legislativa do Rio de Janeiro (Alerj). E, sendo assim, dizem alguns, o assunto morrer\u00e1 nos gabinetes palacianos. Afinal, ali n\u00e3o faltam assuntos importantes a tratar, como a reestrutura\u00e7\u00e3o do governo e a economia.<\/p>\n<h2>Ningu\u00e9m sai<\/h2>\n<p>\u00c9 bom o governador do Rio, Luiz Fernando Pez\u00e3o, se acostumar com a pris\u00e3o. A avalia\u00e7\u00e3o de promotores do Rio de Janeiro \u00e9 a de que ele n\u00e3o sai de l\u00e1 t\u00e3o cedo. Foi por isso, inclusive, que seus advogados pediram e conseguiram que ele n\u00e3o seja enviado a outra pris\u00e3o quando terminar o mandato daqui a tr\u00eas dias.<\/p>\n<h2>O PT e a democracia I<\/h2>\n<p>A decis\u00e3o do PT de n\u00e3o comparecer \u00e0 posse de Jair Bolsonaro \u00e9 vista como um sinal de que n\u00e3o ter\u00e1 di\u00e1logo algum com o governo no futuro. Dentro do pr\u00f3prio partido, muitos est\u00e3o preocupados, porque a posi\u00e7\u00e3o do PT mostra desrespeito aos preceitos democr\u00e1ticos.<\/p>\n<h2>O PT e a democracia II<\/h2>\n<p>A avalia\u00e7\u00e3o de alguns \u00e9 a de que o PT age hoje da mesma forma que agiu em 1985, ao n\u00e3o votar em Tancredo Neves no col\u00e9gio eleitoral e punir os que votaram \u2014 Bete Mendes, Jos\u00e9 Eudes e Airton Soares. Resta saber se, desta vez, punir\u00e1 quem decidir comparecer \u00e0 posse.<\/p>\n<h2>O PT e a democracia III<\/h2>\n<p>Naquele per\u00edodo, o papel do PT era \u201ctensionar\u201d, conforme mencionou em v\u00e1rias entrevistas o ex-presidente do partido Jos\u00e9 Genoino. Daqui para frente, n\u00e3o ser\u00e1 diferente. \u00c9 o PT voltando \u00e0s origens.<\/p>\n<p><strong>CURTIDAS<\/strong><\/p>\n<p><strong>Vai faltar lugar I\/<\/strong> No balan\u00e7o geral, a turma ligada a Jair Bolsonaro nem esquentou com a decis\u00e3o do PT de n\u00e3o comparecer \u00e0 posse. \u00c9 que, contando os 140 convidados do presidente eleito, os parlamentares deste mandato e do pr\u00f3ximo, j\u00e1 s\u00e3o mais de 2 mil pessoas.<\/p>\n<p><strong>Vai faltar lugar II\/<\/strong> A solenidade no Congresso \u00e9 considerada o ponto alto, porque \u00e9 l\u00e1 que o presidente eleito assina o termo de posse e profere o discurso pol\u00edtico para os Tr\u00eas Poderes.<\/p>\n<p><strong>Menos um\/<\/strong> Quem vai faltar \u00e0 posse \u00e9 o atual ministro da Ci\u00eancia e Tecnologia, Gilberto Kassab. Ele fez uma transmiss\u00e3o de cargo simb\u00f3lica ontem no Minist\u00e9rio, quando se despediu dos funcion\u00e1rios e apresentou o novo ministro, Marcos Pontes, e o futuro secret\u00e1rio executivo, J\u00falio Semeghini. Kassab embarcou ontem para S\u00e3o Paulo, onde assumir\u00e1 a Casa Civil do governador eleito, Jo\u00e3o D\u00f3ria.<\/p>\n<p><strong>A pausa de Kassab\/<\/strong> O atual ministro n\u00e3o volta para a transmiss\u00e3o de cargo, mas n\u00e3o cortar\u00e1 la\u00e7os com Bras\u00edlia. \u00c9 que a Casa Civil paulista ser\u00e1 respons\u00e1vel pela representa\u00e7\u00e3o do estado de S\u00e3o Paulo na capital da Rep\u00fablica. Logo, quando reassumir o cargo depois da licen\u00e7a n\u00e3o remunerada que vai tirar no in\u00edcio do governo, ele estar\u00e1 sempre por aqui.<\/p>\n","protected":false},"excerpt":{"rendered":"<p>Por mais frouxas que sejam as explica\u00e7\u00f5es do ex-assessor Fabr\u00edcio Queiroz em rela\u00e7\u00e3o \u00e0 movimenta\u00e7\u00e3o financeira at\u00edpica detectada pelo Coaf, o governo que assume daqui a tr\u00eas dias est\u00e1 com tudo preparado para manter esse assunto bem longe do presidente eleito, Jair Bolsonaro. Entre todos os ministros, a ordem \u00e9 dizer em alto e bom som que esse tema n\u00e3o [&hellip;]<\/p>\n","protected":false},"author":29,"featured_media":2982,"comment_status":"closed","ping_status":"closed","sticky":false,"template":"","format":"standard","meta":{"footnotes":""},"categories":[4],"tags":[28,41,46],"class_list":["post-2981","post","type-post","status-publish","format-standard","has-post-thumbnail","hentry","category-coluna-brasilia-df","tag-bolsonaro","tag-coaf","tag-fabricio-queiroz"],"_links":{"self":[{"href":"https:\/\/blogs.correiobraziliense.com.br\/denise\/wp-json\/wp\/v2\/posts\/2981","targetHints":{"allow":["GET"]}}],"collection":[{"href":"https:\/\/blogs.correiobraziliense.com.br\/denise\/wp-json\/wp\/v2\/posts"}],"about":[{"href":"https:\/\/blogs.correiobraziliense.com.br\/denise\/wp-json\/wp\/v2\/types\/post"}],"author":[{"embeddable":true,"href":"https:\/\/blogs.correiobraziliense.com.br\/denise\/wp-json\/wp\/v2\/users\/29"}],"replies":[{"embeddable":true,"href":"https:\/\/blogs.correiobraziliense.com.br\/denise\/wp-json\/wp\/v2\/comments?post=2981"}],"version-history":[{"count":3,"href":"https:\/\/blogs.correiobraziliense.com.br\/denise\/wp-json\/wp\/v2\/posts\/2981\/revisions"}],"predecessor-version":[{"id":2985,"href":"https:\/\/blogs.correiobraziliense.com.br\/denise\/wp-json\/wp\/v2\/posts\/2981\/revisions\/2985"}],"wp:featuredmedia":[{"embeddable":true,"href":"https:\/\/blogs.correiobraziliense.com.br\/denise\/wp-json\/wp\/v2\/media\/2982"}],"wp:attachment":[{"href":"https:\/\/blogs.correiobraziliense.com.br\/denise\/wp-json\/wp\/v2\/media?parent=2981"}],"wp:term":[{"taxonomy":"category","embeddable":true,"href":"https:\/\/blogs.correiobraziliense.com.br\/denise\/wp-json\/wp\/v2\/categories?post=2981"},{"taxonomy":"post_tag","embeddable":true,"href":"https:\/\/blogs.correiobraziliense.com.br\/denise\/wp-json\/wp\/v2\/tags?post=2981"}],"curies":[{"name":"wp","href":"https:\/\/api.w.org\/{rel}","templated":true}]}}