{"id":2974,"date":"2018-12-27T10:07:44","date_gmt":"2018-12-27T12:07:44","guid":{"rendered":"https:\/\/blogs.correiobraziliense.com.br\/denise\/?p=2974"},"modified":"2018-12-27T10:07:44","modified_gmt":"2018-12-27T12:07:44","slug":"maioria-dos-governadores-deve-anunciar-corte-de-gastos-logo-apos-posse","status":"publish","type":"post","link":"https:\/\/blogs.correiobraziliense.com.br\/denise\/maioria-dos-governadores-deve-anunciar-corte-de-gastos-logo-apos-posse\/","title":{"rendered":"Maioria dos governadores deve anunciar corte de gastos logo ap\u00f3s posse"},"content":{"rendered":"<p class=\"p1\"><span class=\"s1\">Pelas conversas que a coluna manteve nos \u00faltimos dias com governadores eleitos, a maioria pretende assumir anunciando cortes de gastos, centraliza\u00e7\u00e3o de despesas e, em alguns casos, vir\u00e1, inclusive, anula\u00e7\u00e3o de contratos. Alguns n\u00e3o descartam sequer entrar em regime de recupera\u00e7\u00e3o fiscal, aproveitando a popularidade inicial, para colocar as contas em dia. Ou seja, se algu\u00e9m tinha esperan\u00e7as de faturar nas posses, pode esquecer. O momento \u00e9 de austeridade em todos os n\u00edveis de governo.<\/span><\/p>\n<h2 class=\"p1\"><span class=\"s1\"><b>Campanha 24 horas<\/b><\/span><\/h2>\n<p class=\"p1\"><span class=\"s1\">Se tem algu\u00e9m que n\u00e3o parou de trabalhar nestes dias de festas foi o deputado Jo\u00e3o Campos (PRB-GO), candidato a presidente da C\u00e2mara. Esta semana, ele se reuniu com o futuro vice-presidente, general Hamilton Mour\u00e3o. Hoje, tem encontro com o governador eleito de S\u00e3o Paulo, Jo\u00e3o Doria.<\/span><\/p>\n<h2 class=\"p1\"><span class=\"s1\"><b>Amplitude<\/b><\/span><\/h2>\n<p class=\"p1\"><span class=\"s1\">O deputado goiano quer mostrar que n\u00e3o est\u00e1 restrito aos votos evang\u00e9licos. At\u00e9 aqui, os advers\u00e1rios t\u00eam dito que ele ficar\u00e1 no \u201cgueto\u201d de parte da bancada evang\u00e9lica e n\u00e3o tem condi\u00e7\u00f5es de agregar mais votos do que F\u00e1bio Ramalho (MDB-MG) ou Rodrigo Maia (DEM-RJ).<\/span><\/p>\n<h2 class=\"p1\"><span class=\"s1\"><b>Camata e a seguran\u00e7a<\/b><\/span><\/h2>\n<p class=\"p1\"><span class=\"s1\">Num primeiro momento, o assassinato do ex-senador e ex-governador Gerson Camata (MDB-ES) deixou as autoridades em p\u00e2nico, com o receio de que o estado tivesse voltado aos tempos dos grupos de exterm\u00ednio. A vingan\u00e7a do ex-assessor e a facilidade de acesso a armas, por\u00e9m, deixaram o mundo da pol\u00edtica em estado de alerta. Ningu\u00e9m est\u00e1 seguro.<\/p>\n<p><\/span><\/p>\n<p class=\"p1\"><span class=\"s1\"><b>CURTIDAS<\/b><\/span><\/p>\n<p class=\"p1\"><span class=\"s1\"><b>Nunca antes&#8230;\/ \u2026<\/b>na hist\u00f3ria deste pa\u00eds, os jornalistas foram proibidos de sair do Congresso em dire\u00e7\u00e3o ao Planalto nas posses presidenciais da era democr\u00e1tica p\u00f3s-ditadura militar. Desta vez, por quest\u00f5es de seguran\u00e7a, quem est\u00e1 credenciado no Congresso ter\u00e1 de ficar por l\u00e1 e n\u00e3o ir ao Planalto.<\/span><\/p>\n<p class=\"p1\"><span class=\"s1\"><b>Sigmaringa Seixas I\/<\/b>\u00a0De Bolsonaristas, caso da deputada eleita Bia Kicis (PRP-DF), \u00e0 presidente do PT, Gleisi Hoffman, que tamb\u00e9m foi eleita deputada, todos os partidos estiveram representados no \u00faltimo adeus ao ex-deputado Sigmaringa Seixas, um exemplo do exerc\u00edcio do di\u00e1logo na pol\u00edtica.<b><\/p>\n<p>Sigmaringa Seixas II\/<\/b>\u00a0Ao longo do vel\u00f3rio, muitos se perguntavam quem poder\u00e1 assumir a miss\u00e3o de abertura de di\u00e1logo na aus\u00eancia de Sig. Alguns nomes circularam nas rodas: no plano nacional, Her\u00e1clito Fortes, Paulo Delgado, Jaques Wagner e Jos\u00e9 Eduardo Cardozo. De todos, s\u00f3 Wagner ter\u00e1 mandato.<b><\/p>\n<p>Sigmaringa Seixas III\/<\/b>\u00a0A falta de mandato nunca foi empecilho para o exerc\u00edcio por parte de Sigmaringa. E n\u00e3o far\u00e1 falta aos quatro. Her\u00e1clito Fortes, ali\u00e1s, \u00e9 quem tem mais condi\u00e7\u00f5es de assumir esse papel no plano nacional. No plano local, o nome mais lembrado para o exerc\u00edcio do di\u00e1logo foi o do deputado Chico Vigilante, <a href=\"https:\/\/www.correiobraziliense.com.br\/app\/noticia\/cidades\/2018\/12\/26\/interna_cidadesdf,727421\/carta-de-lula-a-viuva-de-sigmaringa-e-lida-no-velorio-do-ex-deputado.shtml\" target=\"_blank\" rel=\"noopener\">escalado ontem para ler a carta de Lula<\/a>.<\/span><\/p>\n","protected":false},"excerpt":{"rendered":"<p>Pelas conversas que a coluna manteve nos \u00faltimos dias com governadores eleitos, a maioria pretende assumir anunciando cortes de gastos, centraliza\u00e7\u00e3o de despesas e, em alguns casos, vir\u00e1, inclusive, anula\u00e7\u00e3o de contratos. Alguns n\u00e3o descartam sequer entrar em regime de recupera\u00e7\u00e3o fiscal, aproveitando a popularidade inicial, para colocar as contas em dia. Ou seja, se algu\u00e9m tinha esperan\u00e7as de faturar [&hellip;]<\/p>\n","protected":false},"author":29,"featured_media":2975,"comment_status":"closed","ping_status":"closed","sticky":false,"template":"","format":"standard","meta":{"footnotes":""},"categories":[4],"tags":[58,56,57],"class_list":["post-2974","post","type-post","status-publish","format-standard","has-post-thumbnail","hentry","category-coluna-brasilia-df","tag-corte-de-gastos","tag-governadores-eleitos","tag-posse"],"_links":{"self":[{"href":"https:\/\/blogs.correiobraziliense.com.br\/denise\/wp-json\/wp\/v2\/posts\/2974","targetHints":{"allow":["GET"]}}],"collection":[{"href":"https:\/\/blogs.correiobraziliense.com.br\/denise\/wp-json\/wp\/v2\/posts"}],"about":[{"href":"https:\/\/blogs.correiobraziliense.com.br\/denise\/wp-json\/wp\/v2\/types\/post"}],"author":[{"embeddable":true,"href":"https:\/\/blogs.correiobraziliense.com.br\/denise\/wp-json\/wp\/v2\/users\/29"}],"replies":[{"embeddable":true,"href":"https:\/\/blogs.correiobraziliense.com.br\/denise\/wp-json\/wp\/v2\/comments?post=2974"}],"version-history":[{"count":1,"href":"https:\/\/blogs.correiobraziliense.com.br\/denise\/wp-json\/wp\/v2\/posts\/2974\/revisions"}],"predecessor-version":[{"id":2976,"href":"https:\/\/blogs.correiobraziliense.com.br\/denise\/wp-json\/wp\/v2\/posts\/2974\/revisions\/2976"}],"wp:featuredmedia":[{"embeddable":true,"href":"https:\/\/blogs.correiobraziliense.com.br\/denise\/wp-json\/wp\/v2\/media\/2975"}],"wp:attachment":[{"href":"https:\/\/blogs.correiobraziliense.com.br\/denise\/wp-json\/wp\/v2\/media?parent=2974"}],"wp:term":[{"taxonomy":"category","embeddable":true,"href":"https:\/\/blogs.correiobraziliense.com.br\/denise\/wp-json\/wp\/v2\/categories?post=2974"},{"taxonomy":"post_tag","embeddable":true,"href":"https:\/\/blogs.correiobraziliense.com.br\/denise\/wp-json\/wp\/v2\/tags?post=2974"}],"curies":[{"name":"wp","href":"https:\/\/api.w.org\/{rel}","templated":true}]}}