{"id":2964,"date":"2018-12-26T08:24:54","date_gmt":"2018-12-26T10:24:54","guid":{"rendered":"https:\/\/blogs.correiobraziliense.com.br\/denise\/?p=2964"},"modified":"2018-12-26T12:47:24","modified_gmt":"2018-12-26T14:47:24","slug":"corte-de-gastos-com-publicidade-pode-se-revisto-por-governo-de-bolsonaro","status":"publish","type":"post","link":"https:\/\/blogs.correiobraziliense.com.br\/denise\/corte-de-gastos-com-publicidade-pode-se-revisto-por-governo-de-bolsonaro\/","title":{"rendered":"Corte de gastos com publicidade pode ser revisto por governo de Bolsonaro"},"content":{"rendered":"<p>Muitos na equipe do presidente eleito, Jair Bolsonaro, est\u00e3o preocupados com o corte dos gastos em publicidade. \u00c9 que isso pode terminar deixando em segundo plano o discurso do governo em rela\u00e7\u00e3o \u00e0 reforma previdenci\u00e1ria. No geral, dizem os bolsonaristas, as redes sociais s\u00e3o mais no sentido de destruir do que construir uma vis\u00e3o favor\u00e1vel nesse tema. E ser\u00e1 preciso montar um sistema muito mais profissional para que prevale\u00e7a a vis\u00e3o governamental nessa seara.<\/p>\n<p>\u00bb \u00bb \u00bb<\/p>\n<p>Por isso, j\u00e1 tem gente pensando em propor uma revis\u00e3o nos cortes desse setor. Afinal, al\u00e9m da reforma, o governo ter\u00e1 de explicar todas as medidas econ\u00f4micas e o enxugamento da m\u00e1quina que est\u00e3o por vir. Logo, restringir as verbas de publicidade a um ter\u00e7o em meio a tantas mudan\u00e7as pode ser pisar em falso na comunica\u00e7\u00e3o, ponto que o governo tem que se sair bem para poder promover todas as mudan\u00e7as.<\/p>\n<p>&nbsp;<\/p>\n<h2><strong>Investiga\u00e7\u00e3o parada<\/strong><\/h2>\n<p>O Minist\u00e9rio P\u00fablico do Rio de Janeiro deu um tempo nas oitivas dos assessores da Assembleia Legislativa estadual suspeitos de movimenta\u00e7\u00f5es financeiras volumosas captadas pelo Coaf. S\u00f3 v\u00e3o trabalhar nisso a partir de 6 de janeiro, quando come\u00e7am a voltar do recesso.<\/p>\n<p>&nbsp;<\/p>\n<h2><strong>Portal da fuga<\/strong><\/h2>\n<p>Tem gente preocupada com essa paradinha de Natal e ano-novo antes dos depoimentos dos assessores. Pode ser a brecha para que uma galera deixe o pa\u00eds sem ser incomodada.<\/p>\n<p>&nbsp;<\/p>\n<h2><strong>Ele j\u00e1 sabia<\/strong><\/h2>\n<p>N\u00e3o foi surpresa a decis\u00e3o da Justi\u00e7a de negar o pedido do ex-presidente Luiz In\u00e1cio Lula da Silva para participar do vel\u00f3rio do ex-deputado Sigmaringa Seixas hoje. Em conversas reservadas, advogados chegaram a alertar o ex-presidente que isso n\u00e3o seria poss\u00edvel. Lula, entretanto, preferiu insistir.<\/p>\n<p>Testes a rodo<\/p>\n<p>A inten\u00e7\u00e3o de Lula e de seus advogados \u00e9 testar todos os recursos poss\u00edveis para ver se consegue tir\u00e1-lo da cadeia. A esperan\u00e7a agora reside na tentativa de antecipar a vota\u00e7\u00e3o no Supremo Tribunal Federal, a respeito da pris\u00e3o em segunda inst\u00e2ncia. O presidente da Suprema Corte, Dias Toffoli, por\u00e9m, n\u00e3o deve acolher esse pedido. Afinal, abril est\u00e1 logo ali.<\/p>\n<p>&nbsp;<\/p>\n<h2><strong>CURTIDAS<\/strong><\/h2>\n<p><strong>Sarney, o retorno<\/strong>\/ O ex-presidente Jos\u00e9 Sarney (foto) passa as festas de fim de ano no Maranh\u00e3o. Volta a Bras\u00edlia depois de 10 de janeiro. Tudo para acompanhar de perto a elei\u00e7\u00e3o dos presidentes da C\u00e2mara e do Senado.<\/p>\n<p><strong>Por quem ele torce<\/strong>\/ Nos bastidores, as apostas s\u00e3o as de que Sarney vai ajudar Renan Calheiros a empinar a candidatura ao comando do Senado. Na C\u00e2mara, tende a ficar mais discreto na busca de votos por Rodrigo Maia.<\/p>\n<p><strong>Paula Mour\u00e3o<\/strong>\/ Este \u00e9 o nome da esposa do general Hamilton Mour\u00e3o. Saiu truncado na coluna de ontem.<\/p>\n<p><strong>Sigmaringa Seixas<\/strong>\/ Pol\u00edticos e juristas das mais diversas matizes v\u00eam para Bras\u00edlia hoje para o vel\u00f3rio do ex-deputado Sigmaringa Seixas, considerado a ponte entre os Poderes nas crises dos \u00faltimos 30 anos. Que Deus conforte a esposa, Marina, os filhos, Luiza e Guilherme, e os irm\u00e3os, Vera L\u00facia, Jos\u00e9 Carlos, Roberto Carlos, Ant\u00f4nio Carlos, Maria L\u00facia e Regina. V\u00e1 em paz, amigo Sig.<\/p>\n","protected":false},"excerpt":{"rendered":"<p>Muitos na equipe do presidente eleito, Jair Bolsonaro, est\u00e3o preocupados com o corte dos gastos em publicidade. \u00c9 que isso pode terminar deixando em segundo plano o discurso do governo em rela\u00e7\u00e3o \u00e0 reforma previdenci\u00e1ria. No geral, dizem os bolsonaristas, as redes sociais s\u00e3o mais no sentido de destruir do que construir uma vis\u00e3o favor\u00e1vel nesse tema. E ser\u00e1 preciso [&hellip;]<\/p>\n","protected":false},"author":29,"featured_media":2967,"comment_status":"closed","ping_status":"closed","sticky":false,"template":"","format":"standard","meta":{"footnotes":""},"categories":[4],"tags":[28,54,52,53],"class_list":["post-2964","post","type-post","status-publish","format-standard","has-post-thumbnail","hentry","category-coluna-brasilia-df","tag-bolsonaro","tag-gastos","tag-previdencia","tag-publicidade"],"_links":{"self":[{"href":"https:\/\/blogs.correiobraziliense.com.br\/denise\/wp-json\/wp\/v2\/posts\/2964","targetHints":{"allow":["GET"]}}],"collection":[{"href":"https:\/\/blogs.correiobraziliense.com.br\/denise\/wp-json\/wp\/v2\/posts"}],"about":[{"href":"https:\/\/blogs.correiobraziliense.com.br\/denise\/wp-json\/wp\/v2\/types\/post"}],"author":[{"embeddable":true,"href":"https:\/\/blogs.correiobraziliense.com.br\/denise\/wp-json\/wp\/v2\/users\/29"}],"replies":[{"embeddable":true,"href":"https:\/\/blogs.correiobraziliense.com.br\/denise\/wp-json\/wp\/v2\/comments?post=2964"}],"version-history":[{"count":5,"href":"https:\/\/blogs.correiobraziliense.com.br\/denise\/wp-json\/wp\/v2\/posts\/2964\/revisions"}],"predecessor-version":[{"id":2970,"href":"https:\/\/blogs.correiobraziliense.com.br\/denise\/wp-json\/wp\/v2\/posts\/2964\/revisions\/2970"}],"wp:featuredmedia":[{"embeddable":true,"href":"https:\/\/blogs.correiobraziliense.com.br\/denise\/wp-json\/wp\/v2\/media\/2967"}],"wp:attachment":[{"href":"https:\/\/blogs.correiobraziliense.com.br\/denise\/wp-json\/wp\/v2\/media?parent=2964"}],"wp:term":[{"taxonomy":"category","embeddable":true,"href":"https:\/\/blogs.correiobraziliense.com.br\/denise\/wp-json\/wp\/v2\/categories?post=2964"},{"taxonomy":"post_tag","embeddable":true,"href":"https:\/\/blogs.correiobraziliense.com.br\/denise\/wp-json\/wp\/v2\/tags?post=2964"}],"curies":[{"name":"wp","href":"https:\/\/api.w.org\/{rel}","templated":true}]}}