{"id":2880,"date":"2018-12-09T15:17:54","date_gmt":"2018-12-09T17:17:54","guid":{"rendered":"https:\/\/blogs.correiobraziliense.com.br\/denise\/?p=2880"},"modified":"2018-12-09T15:17:54","modified_gmt":"2018-12-09T17:17:54","slug":"para-aliados-de-bolsonaro-coaf-vazou-relatorio-para-barrar-mudancas","status":"publish","type":"post","link":"https:\/\/blogs.correiobraziliense.com.br\/denise\/para-aliados-de-bolsonaro-coaf-vazou-relatorio-para-barrar-mudancas\/","title":{"rendered":"Para aliados de Bolsonaro, Coaf vazou relat\u00f3rio para barrar mudan\u00e7as"},"content":{"rendered":"<p>Entre os aliados do presidente eleito, Jair Bolsonaro, tem muita gente certa de que o relat\u00f3rio do Conselho de Administra\u00e7\u00e3o Financeira (Coaf) vazou justamente para evitar que o futuro governo cumpra a promessa de mudar tudo por ali. Vale lembrar que, nos governos Dilma Rousseff e Michel Temer, todas as vezes em que se cogitava trocar o diretor-geral da Pol\u00edcia Federal, logo a oposi\u00e7\u00e3o reclamava que a inten\u00e7\u00e3o era estancar a Lava-Jato. O Coaf tem essas informa\u00e7\u00f5es h\u00e1 tempos e, na transi\u00e7\u00e3o, pergunta-se por que surgiu s\u00f3 agora.<\/p>\n<p>A resposta de aliados de Bolsonaro \u00e9 de que o Coaf se prepara para repetir o mesmo discurso usado na PF no passado, o de que qualquer mudan\u00e7a ser\u00e1 para acobertar a movimenta\u00e7\u00e3o de pessoas pr\u00f3ximas ao governo eleito. S\u00f3 tem um probleminha: o ex-juiz S\u00e9rgio Moro n\u00e3o chegou ali para acobertar ningu\u00e9m. Doa em quem doer, ele far\u00e1 o trabalho dele.<\/p>\n<h2>\nO prazo das redes sociais I<\/h2>\n<p>A equipe de transi\u00e7\u00e3o j\u00e1 foi avisada de que o futuro governo ter\u00e1 um prazo de 90 dias para a popula\u00e7\u00e3o sentir alguma mudan\u00e7a mais efetiva no trato da pol\u00edtica e no ambiente econ\u00f4mico.<\/p>\n<h2>\nO prazo das redes sociais II<\/h2>\n<p>Tr\u00eas meses \u00e9, segundo especialistas, o m\u00e1ximo de tr\u00e9gua que o pessoal das redes sociais, em que Bolsonaro lastrou a sua campanha, se permite, antes de perder a paci\u00eancia. No mundo anal\u00f3gico, esse prazo vai de seis meses a um ano.<\/p>\n<h2>\nBarrados no baile<\/h2>\n<p>Quem circula pelo Congresso sai com a sensa\u00e7\u00e3o de que o ambiente ali n\u00e3o est\u00e1 bom. E nem \u00e9 por causa da depr\u00ea de muitos que n\u00e3o foram reeleitos. \u00c9 de que prevalece o sentimento de exclus\u00e3o do novo governo.<\/p>\n<h2>\nN\u00famero errado<\/h2>\n<p>A conversa da deputada eleita Joice Hasselmann (PSL-SP) com o senador Tasso Jereissati (PSDB-CE) afastou o senador eleito Major Ol\u00edmpio (PSL-SP). Ol\u00edmpio n\u00e3o quer nada que seja articulado por Joice. Em conversas reservadas, h\u00e1 quem diga que ela foi prometer a Tasso um voto que n\u00e3o pode garantir.<\/p>\n<h2>\nCURTIDAS<\/h2>\n<p><strong>Parcerias\/<\/strong> A escolha do governador eleito como interventor em Roraima foi considerado um gol de placa do presidente Michel Temer. H\u00e1 quem sugira mudar logo o decreto de interven\u00e7\u00e3o no Rio de Janeiro, para garantir logo a posse do futuro governador, Wilson Witzel.<\/p>\n<p><strong>Final feliz para a Funai\/<\/strong> Quem conversa com a futura ministra de Direitos Humanos, Damares Alves, se impressiona com o conhecimento dela a respeito da quest\u00e3o\u2026 ind\u00edgena. Sim. Ela adorou ter recebido a Funai em seu minist\u00e9rio. O presidente eleito, Jair Bolsonaro, conseguiu resolver o imbr\u00f3glio, sem melindrar nenhum ministro.<\/p>\n<p><strong>#Ficaadica\/<\/strong> Quem for trabalhar com o ministro S\u00e9rgio Moro \u00e9 bom aproveitar esses dias natalinos para descansar. O expediente ali come\u00e7a cedo e vara a noite.<\/p>\n<p><strong>Presen\u00e7a\/<\/strong> A posse do ministro Jos\u00e9 M\u00facio na Presid\u00eancia do Tribunal de Contas da Uni\u00e3o (TCU) promete reunir a nata da pol\u00edtica nacional nesta ter\u00e7a-feira e de todos os partidos. Ali\u00e1s, ele \u00e9 visto como o \u00fanico que conseguiu passar pelo Minist\u00e9rio de Rela\u00e7\u00f5es Institucionais sem gerar atrito com nenhuma legenda.<\/p>\n","protected":false},"excerpt":{"rendered":"<p>Entre os aliados do presidente eleito, Jair Bolsonaro, tem muita gente certa de que o relat\u00f3rio do Conselho de Administra\u00e7\u00e3o Financeira (Coaf) vazou justamente para evitar que o futuro governo cumpra a promessa de mudar tudo por ali. Vale lembrar que, nos governos Dilma Rousseff e Michel Temer, todas as vezes em que se cogitava trocar o diretor-geral da Pol\u00edcia [&hellip;]<\/p>\n","protected":false},"author":29,"featured_media":2881,"comment_status":"closed","ping_status":"closed","sticky":false,"template":"","format":"standard","meta":{"footnotes":""},"categories":[4],"tags":[28,41,42],"class_list":["post-2880","post","type-post","status-publish","format-standard","has-post-thumbnail","hentry","category-coluna-brasilia-df","tag-bolsonaro","tag-coaf","tag-transicao"],"_links":{"self":[{"href":"https:\/\/blogs.correiobraziliense.com.br\/denise\/wp-json\/wp\/v2\/posts\/2880","targetHints":{"allow":["GET"]}}],"collection":[{"href":"https:\/\/blogs.correiobraziliense.com.br\/denise\/wp-json\/wp\/v2\/posts"}],"about":[{"href":"https:\/\/blogs.correiobraziliense.com.br\/denise\/wp-json\/wp\/v2\/types\/post"}],"author":[{"embeddable":true,"href":"https:\/\/blogs.correiobraziliense.com.br\/denise\/wp-json\/wp\/v2\/users\/29"}],"replies":[{"embeddable":true,"href":"https:\/\/blogs.correiobraziliense.com.br\/denise\/wp-json\/wp\/v2\/comments?post=2880"}],"version-history":[{"count":1,"href":"https:\/\/blogs.correiobraziliense.com.br\/denise\/wp-json\/wp\/v2\/posts\/2880\/revisions"}],"predecessor-version":[{"id":2882,"href":"https:\/\/blogs.correiobraziliense.com.br\/denise\/wp-json\/wp\/v2\/posts\/2880\/revisions\/2882"}],"wp:featuredmedia":[{"embeddable":true,"href":"https:\/\/blogs.correiobraziliense.com.br\/denise\/wp-json\/wp\/v2\/media\/2881"}],"wp:attachment":[{"href":"https:\/\/blogs.correiobraziliense.com.br\/denise\/wp-json\/wp\/v2\/media?parent=2880"}],"wp:term":[{"taxonomy":"category","embeddable":true,"href":"https:\/\/blogs.correiobraziliense.com.br\/denise\/wp-json\/wp\/v2\/categories?post=2880"},{"taxonomy":"post_tag","embeddable":true,"href":"https:\/\/blogs.correiobraziliense.com.br\/denise\/wp-json\/wp\/v2\/tags?post=2880"}],"curies":[{"name":"wp","href":"https:\/\/api.w.org\/{rel}","templated":true}]}}