{"id":2874,"date":"2018-12-08T12:13:17","date_gmt":"2018-12-08T14:13:17","guid":{"rendered":"https:\/\/blogs.correiobraziliense.com.br\/denise\/?p=2874"},"modified":"2018-12-08T14:55:50","modified_gmt":"2018-12-08T16:55:50","slug":"senado-deve-fazer-oposicao-a-bolsonaro","status":"publish","type":"post","link":"https:\/\/blogs.correiobraziliense.com.br\/denise\/senado-deve-fazer-oposicao-a-bolsonaro\/","title":{"rendered":"Senado deve ser a &#8220;Casa da resist\u00eancia&#8221; a Jair Bolsonaro"},"content":{"rendered":"<p>Senadores j\u00e1 fizeram as contas e conclu\u00edram que a Casa ser\u00e1 um ponto de preocupa\u00e7\u00e3o para o futuro governo. Ali, Jair Bolsonaro n\u00e3o ter\u00e1 maioria. As contas indicam, pelo menos, 39 independentes, 24 de tend\u00eancia mais oposicionista e apenas 18 mais afinados com o governo. No quesito \u201cpau para toda obra\u201d s\u00f3 mesmo os quatro do PSL.<\/p>\n<p>As dificuldades do governo no Senado, ao que tudo indica, n\u00e3o ser\u00e3o resolvidas pelo esquema t\u00e1tico em gesta\u00e7\u00e3o na Casa Civil, onde s\u00f3 h\u00e1 ex-deputados. A esperan\u00e7a, comentam alguns muito atentos \u00e0 forma\u00e7\u00e3o da \u00e1rea pol\u00edtica do governo, est\u00e1 na Secretaria de Governo, onde o general Santos Cruz dever\u00e1 construir a ponte com o Senado.<\/p>\n<p>At\u00e9 aqui, entretanto, nada foi feito. E, sem essa interlocu\u00e7\u00e3o, os advers\u00e1rios e independentes v\u00e3o organizando o jogo longe do Poder Executivo. Vale lembrar que foi ali, entre os senadores, que o governo Lula, em 13 de dezembro de 2007, perdeu a CPMF, o imposto do cheque.<\/p>\n<h2><b>A novela Coaf est\u00e1 s\u00f3 come\u00e7ando<\/b><\/h2>\n<p>A movimenta\u00e7\u00e3o financeira de Fabr\u00edcio de Queiroz, ex-assessor do senador eleito Fl\u00e1vio Bolsonaro, \u00e9 vista na transi\u00e7\u00e3o como o maior ponto de desgaste que o presidente eleito enfrenta antes da posse. Se vai estancar ou n\u00e3o, depende das explica\u00e7\u00f5es do ex-assessor, que, at\u00e9 agora, n\u00e3o deu entrevistas.<\/p>\n<h2><b>Fio da meada<\/b><\/h2>\n<p>Uma das linhas de investiga\u00e7\u00e3o sobre a movimenta\u00e7\u00e3o de dep\u00f3sitos na conta de Fabr\u00edcio Queiroz se refere a descontos nos sal\u00e1rios dos servidores. At\u00e9 aqui, entretanto, nada est\u00e1 provado. A \u00fanica explica\u00e7\u00e3o, ali\u00e1s, quem deu foi o presidente eleito, que mencionou um empr\u00e9stimo a Queiroz, no valor de R$ 40 mil, que o ex-assessor do filho pagou em parcelas.<\/p>\n<h2><b>Vis\u00f5es dos fatos<\/b><\/h2>\n<p>O vazamento do relat\u00f3rio, ali\u00e1s, foi lido por alguns mais pr\u00f3ximos do presidente eleito como uma retalia\u00e7\u00e3o pelo fato de Bolsonaro ter dito que mudaria tudo por ali.<\/p>\n<h2><b><\/b><b>Ch\u00e1 de camomila nele<\/b><\/h2>\n<p>A irrita\u00e7\u00e3o de Onyx Lorenzoni ontem, em S\u00e3o Paulo, durante entrevista que encerrou depois de discutir com um rep\u00f3rter, causou certa preocupa\u00e7\u00e3o a alguns integrantes da transi\u00e7\u00e3o. J\u00e1 tem gente dizendo que, ou Onyx desliga o modo b\u00e9lico, ou vai<br \/>\nficar dif\u00edcil.<\/p>\n<h2><b>CURTIDAS<\/b><\/h2>\n<p><strong>Prega\u00e7\u00e3o no deserto\/<\/strong> O fato de o PSL ter nomeado um porta-voz n\u00e3o vai apaziguar a bancada. H\u00e1 quem diga que, depois do \u201cbarraco\u201d no WhatsApp, o partido vai ficar \u201cpequeno demais\u201d para Joice Hasselmann e Eduardo Bolsonaro. J\u00e1 tem gente apostando que Joice seguir\u00e1 para o PSDB, se o governador eleito de S\u00e3o Paulo, Jo\u00e3o D\u00f3ria, conseguir dominar o partido.<\/p>\n<p><b>WhatsApp e Tancredo Neves\/<\/b> Depois do \u201cbarraco\u201d no grupo do PSL entre Joice e Eduardo Bolsonaro, os mais experientes recorrem a Tancredo Neves para aconselhar mais parcim\u00f4nia no uso das palavras na rede social. Dizia Tancredo: \u201cTelefone serve no m\u00e1ximo para marcar encontro. De prefer\u00eancia no lugar errado\u201d.<\/p>\n<p><b>O jovem Alckmin\/ <\/b>O presidente do PSDB, Geraldo Alckmin (foto), gasta a maior parte do tempo, hoje, preparando-se para voltar a dar aulas na \u00e1rea de anestesiologia. Tamb\u00e9m pretende se dedicar \u00e0 acupuntura. Dizem que parece um adolescente entrando para a faculdade.<\/p>\n<p><b>O velho Alckmin\/<\/b> Aficcionado pelo cafezinho na padaria, ele tem repetido o ritual diariamente em S\u00e3o Paulo, at\u00e9 mesmo nos postos de gasolina. N\u00e3o s\u00e3o poucas as pessoas que param para falar com ele. J\u00e1 tem gente apostando que o ex-governador n\u00e3o vai largar a pol\u00edtica.<\/p>\n","protected":false},"excerpt":{"rendered":"<p>Senadores j\u00e1 fizeram as contas e conclu\u00edram que a Casa ser\u00e1 um ponto de preocupa\u00e7\u00e3o para o futuro governo. Ali, Jair Bolsonaro n\u00e3o ter\u00e1 maioria. As contas indicam, pelo menos, 39 independentes, 24 de tend\u00eancia mais oposicionista e apenas 18 mais afinados com o governo. No quesito \u201cpau para toda obra\u201d s\u00f3 mesmo os quatro do PSL. As dificuldades do [&hellip;]<\/p>\n","protected":false},"author":29,"featured_media":2877,"comment_status":"closed","ping_status":"closed","sticky":false,"template":"","format":"standard","meta":{"footnotes":""},"categories":[4],"tags":[28,41,40],"class_list":["post-2874","post","type-post","status-publish","format-standard","has-post-thumbnail","hentry","category-coluna-brasilia-df","tag-bolsonaro","tag-coaf","tag-senado"],"_links":{"self":[{"href":"https:\/\/blogs.correiobraziliense.com.br\/denise\/wp-json\/wp\/v2\/posts\/2874","targetHints":{"allow":["GET"]}}],"collection":[{"href":"https:\/\/blogs.correiobraziliense.com.br\/denise\/wp-json\/wp\/v2\/posts"}],"about":[{"href":"https:\/\/blogs.correiobraziliense.com.br\/denise\/wp-json\/wp\/v2\/types\/post"}],"author":[{"embeddable":true,"href":"https:\/\/blogs.correiobraziliense.com.br\/denise\/wp-json\/wp\/v2\/users\/29"}],"replies":[{"embeddable":true,"href":"https:\/\/blogs.correiobraziliense.com.br\/denise\/wp-json\/wp\/v2\/comments?post=2874"}],"version-history":[{"count":3,"href":"https:\/\/blogs.correiobraziliense.com.br\/denise\/wp-json\/wp\/v2\/posts\/2874\/revisions"}],"predecessor-version":[{"id":2879,"href":"https:\/\/blogs.correiobraziliense.com.br\/denise\/wp-json\/wp\/v2\/posts\/2874\/revisions\/2879"}],"wp:featuredmedia":[{"embeddable":true,"href":"https:\/\/blogs.correiobraziliense.com.br\/denise\/wp-json\/wp\/v2\/media\/2877"}],"wp:attachment":[{"href":"https:\/\/blogs.correiobraziliense.com.br\/denise\/wp-json\/wp\/v2\/media?parent=2874"}],"wp:term":[{"taxonomy":"category","embeddable":true,"href":"https:\/\/blogs.correiobraziliense.com.br\/denise\/wp-json\/wp\/v2\/categories?post=2874"},{"taxonomy":"post_tag","embeddable":true,"href":"https:\/\/blogs.correiobraziliense.com.br\/denise\/wp-json\/wp\/v2\/tags?post=2874"}],"curies":[{"name":"wp","href":"https:\/\/api.w.org\/{rel}","templated":true}]}}