{"id":2856,"date":"2018-12-05T07:53:03","date_gmt":"2018-12-05T09:53:03","guid":{"rendered":"https:\/\/blogs.correiobraziliense.com.br\/denise\/?p=2856"},"modified":"2018-12-05T08:55:04","modified_gmt":"2018-12-05T10:55:04","slug":"bolsonaro-previdencia-votacao-deputados","status":"publish","type":"post","link":"https:\/\/blogs.correiobraziliense.com.br\/denise\/bolsonaro-previdencia-votacao-deputados\/","title":{"rendered":"Governo Bolsonaro tentar\u00e1 aprovar Previd\u00eancia em partes e ter\u00e1 delicada negocia\u00e7\u00e3o com deputados"},"content":{"rendered":"<p>A decis\u00e3o de fatiar a reforma da Previd\u00eancia est\u00e1 tomada no governo de transi\u00e7\u00e3o e, a julgar pelo primeiro contato direto do presidente eleito, Jair Bolsonaro, com as bancadas dos partidos, a rela\u00e7\u00e3o ser\u00e1 projeto a projeto. Bolsonaro disse aos deputados que n\u00e3o tem partido dono de minist\u00e9rio. E ouviu dos deputados que n\u00e3o tem \u201cefeito manada nas bancadas\u201d \u2014 quando o governo fecha um texto e manda os deputados filiados a partidos com cargos no governo apertarem o bot\u00e3o \u201csim\u201d na hora de votar as propostas de interesse do Executivo.<\/p>\n<p>A \u201cindepend\u00eancia\u201d declarada da maioria dos partidos em rela\u00e7\u00e3o ao governo levar\u00e1 o presidente eleito a negociar cada vota\u00e7\u00e3o e a ter de manter um contato muito mais pr\u00f3ximo com os parlamentares, a fim de evitar dissabores de \u00faltima hora. Ali\u00e1s, h\u00e1 quem diga dentro da transi\u00e7\u00e3o que caber\u00e1 aos filhos de Bolsonaro, deputado Eduardo e senador Fl\u00e1vio, o papel de prestar aten\u00e7\u00e3o no humor das bancadas na hora de cada vota\u00e7\u00e3o. \u00c9 um novo desenho, que nem os Bolsonaros sabem como funcionar\u00e1. S\u00f3 sabem que o modelo do toma l\u00e1 d\u00e1 c\u00e1 est\u00e1 falido.<\/p>\n<h2><strong>O caldo do Judici\u00e1rio<\/strong><\/h2>\n<p>A vida do \u00fanico poder que n\u00e3o se renova com elei\u00e7\u00e3o promete n\u00e3o ser f\u00e1cil. Primeiro, a troca do fim do aux\u00edlio-moradia pelo reajuste. Depois, o Minist\u00e9rio P\u00fablico reage, a favor desse aux\u00edlio. Ontem, foi a rea\u00e7\u00e3o do ministro do Supremo Tribunal Federal Ricardo Lewandowski de mandar prender o rapaz que o admoestou dentro do avi\u00e3o. O desgaste do poder est\u00e1 num crescente. E, ao que tudo indica, a deputada eleita Bia Kicis (PSL-DF), que ensaia um discurso de cobran\u00e7a ao Judici\u00e1rio, n\u00e3o estar\u00e1 sozinha.<\/p>\n<h2><strong>A fila dos partidos<\/strong><\/h2>\n<p>Depois do quarteto desta semana (MDB-PRB-PR-PSDB), Bolsonaro planeja conversar com o PSC, do Pastor Everaldo. A legenda deve ter um representante no Poder Executivo. Samuel Coelho de Oliveira, que preside a ala jovem do partido, est\u00e1 cotado para a Secretaria Nacional de Juventude.<\/p>\n<h2><strong>S\u00f3 os \u00edndios, por favor<\/strong><\/h2>\n<p>Bolsonaro inverteu totalmente a rela\u00e7\u00e3o com os partidos. At\u00e9 aqui, tucanos e petistas conversavam com presidentes e l\u00edderes, deixando a massa de deputados para um convescote no Alvorada. O presidente eleito quer evitar o contato direto com caciques partid\u00e1rios. Romero Juc\u00e1 e Valdemar Costa Neto nem pensar.<\/p>\n<h2><strong>Contagem regressiva<\/strong><\/h2>\n<p>A Segunda Turma do Supremo Tribunal Federal tem s\u00f3 mais uma reuni\u00e3o este ano. Significa que, pelo andar do tren\u00f3 na Corte, Lula pode se preparar para passar o Natal na sede da Pol\u00edcia Federal, em Curitiba.<\/p>\n<h2><strong>CB.Poder<\/strong><\/h2>\n<p>Hoje, o programa recebe o ministro da Secretaria de Governo, Carlos Marun, ao vivo, \u00e0s 13h15, na TV Bras\u00edlia e nas redes sociais do<strong> Correio Braziliense<\/strong>.<\/p>\n<p><strong>Sinais<\/strong>\/ O presidente eleito, Jair Bolsonaro, cumprimentou o vice-presidente da C\u00e2mara dos Deputados, F\u00e1bio Ramalho, do MDB-MG, chamando-o de \u201cmeu presidente\u201d. Em pol\u00edtica, todo gesto vai al\u00e9m de um simples movimento. Houve quem sa\u00edsse da reuni\u00e3o certo de que Bolsonaro prefere Ramalho na disputa de 2019.<\/p>\n<p><strong>Comes &amp; bebes<\/strong>\/ Fabinho Lideran\u00e7a, como o vice-presidente \u00e9 conhecido entre os colegas, levou p\u00e9 de moleque e dois queijos para o presidente eleito: um parmes\u00e3o artesanal do Sul de Minas e outra variedade t\u00edpica da Serra da Canastra.<\/p>\n<p><strong>E o Moro, hein?<\/strong>\/ O futuro ministro da Justi\u00e7a, S\u00e9rgio Moro, dispensou a camisa preta que costumava usar. Agora, s\u00f3 tem usado camisa de cor clara. H\u00e1 quem jure que a mudan\u00e7a \u00e9 para que as m\u00e1s l\u00ednguas n\u00e3o o vinculem aos \u201ccamisas negras\u201d da It\u00e1lia, indument\u00e1ria que marcou o grupo ligado ao fascismo de Benito Mussolini.<\/p>\n<p><strong>Por falar em Moro&#8230;<\/strong>\/ O futuro ministro anda t\u00e3o desconfiado das pessoas que todas as vezes em que vai falar ao celular chega a colocar o aparelho de um jeito que quem est\u00e1 ao seu lado n\u00e3o possa ver com quem ele est\u00e1 falando ou o que escreve. Na Espanha, chegou a passar a alguns a impress\u00e3o de que o sempre elegante, educad\u00edssimo e preparado embaixador Pompeu Andreucci estava de olho no seu celular. Pompeu jamais faria isso. Moro \u00e9 que est\u00e1 desconfiado at\u00e9 da pr\u00f3pria sombra. N\u00e3o perdeu alguns tiques dos tempos de juiz da Lava-Jato.<\/p>\n","protected":false},"excerpt":{"rendered":"<p>A decis\u00e3o de fatiar a reforma da Previd\u00eancia est\u00e1 tomada no governo de transi\u00e7\u00e3o e, a julgar pelo primeiro contato direto do presidente eleito, Jair Bolsonaro, com as bancadas dos partidos, a rela\u00e7\u00e3o ser\u00e1 projeto a projeto. Bolsonaro disse aos deputados que n\u00e3o tem partido dono de minist\u00e9rio. E ouviu dos deputados que n\u00e3o tem \u201cefeito manada nas bancadas\u201d \u2014 [&hellip;]<\/p>\n","protected":false},"author":29,"featured_media":2860,"comment_status":"closed","ping_status":"closed","sticky":false,"template":"","format":"standard","meta":{"footnotes":""},"categories":[4],"tags":[28,37],"class_list":["post-2856","post","type-post","status-publish","format-standard","has-post-thumbnail","hentry","category-coluna-brasilia-df","tag-bolsonaro","tag-refirma-da-previdencia"],"_links":{"self":[{"href":"https:\/\/blogs.correiobraziliense.com.br\/denise\/wp-json\/wp\/v2\/posts\/2856","targetHints":{"allow":["GET"]}}],"collection":[{"href":"https:\/\/blogs.correiobraziliense.com.br\/denise\/wp-json\/wp\/v2\/posts"}],"about":[{"href":"https:\/\/blogs.correiobraziliense.com.br\/denise\/wp-json\/wp\/v2\/types\/post"}],"author":[{"embeddable":true,"href":"https:\/\/blogs.correiobraziliense.com.br\/denise\/wp-json\/wp\/v2\/users\/29"}],"replies":[{"embeddable":true,"href":"https:\/\/blogs.correiobraziliense.com.br\/denise\/wp-json\/wp\/v2\/comments?post=2856"}],"version-history":[{"count":3,"href":"https:\/\/blogs.correiobraziliense.com.br\/denise\/wp-json\/wp\/v2\/posts\/2856\/revisions"}],"predecessor-version":[{"id":2861,"href":"https:\/\/blogs.correiobraziliense.com.br\/denise\/wp-json\/wp\/v2\/posts\/2856\/revisions\/2861"}],"wp:featuredmedia":[{"embeddable":true,"href":"https:\/\/blogs.correiobraziliense.com.br\/denise\/wp-json\/wp\/v2\/media\/2860"}],"wp:attachment":[{"href":"https:\/\/blogs.correiobraziliense.com.br\/denise\/wp-json\/wp\/v2\/media?parent=2856"}],"wp:term":[{"taxonomy":"category","embeddable":true,"href":"https:\/\/blogs.correiobraziliense.com.br\/denise\/wp-json\/wp\/v2\/categories?post=2856"},{"taxonomy":"post_tag","embeddable":true,"href":"https:\/\/blogs.correiobraziliense.com.br\/denise\/wp-json\/wp\/v2\/tags?post=2856"}],"curies":[{"name":"wp","href":"https:\/\/api.w.org\/{rel}","templated":true}]}}