{"id":2809,"date":"2018-11-27T08:01:27","date_gmt":"2018-11-27T10:01:27","guid":{"rendered":"https:\/\/blogs.correiobraziliense.com.br\/denise\/?p=2809"},"modified":"2018-11-27T10:18:40","modified_gmt":"2018-11-27T12:18:40","slug":"reajuste-salarial-deputados-senadores","status":"publish","type":"post","link":"https:\/\/blogs.correiobraziliense.com.br\/denise\/reajuste-salarial-deputados-senadores\/","title":{"rendered":"Maioria dos partidos se diz contra reajuste salarial para deputados e senadores"},"content":{"rendered":"<p>Para surpresa de alguns, a maioria dos partidos pol\u00edticos vai se posicionar contra a concess\u00e3o de <strong>reajuste salarial<\/strong> para os deputados e senadores no ano que vem. Assim, avaliam alguns, o desgaste junto \u00e0 opini\u00e3o p\u00fablica sobrar\u00e1 para o Judici\u00e1rio. Na reuni\u00e3o em que o assunto veio \u00e0 baila, cogitou-se ainda o fim do aux\u00edlio-moradia das excel\u00eancias. Por\u00e9m, haveria diferen\u00e7as entre aqueles que ocupam o apartamento funcional.<\/p>\n<p>A C\u00e2mara tem 380 apartamentos funcionais em uso, fora aqueles que est\u00e3o em reforma. Cogitou-se, inclusive, cobrar aluguel da turma que ocupa esses im\u00f3veis. Mas, diante da confus\u00e3o e da profus\u00e3o de ideias mirabolantes no meio do caminho, fica tudo como est\u00e1. E a C\u00e2mara deixa apenas de conceder reajuste salarial.<\/p>\n<p>O tema foi discutido numa reuni\u00e3o onde os deputados faziam exerc\u00edcios sobre a forma\u00e7\u00e3o de blocos parlamentares. S\u00f3 n\u00e3o estavam presentes representantes do PTB, do PSL e do PT. Os petistas, entretanto, avisaram que topam a n\u00e3o concess\u00e3o do reajuste.<\/p>\n<h2><strong>Vem a\u00ed o GCI<\/strong><\/h2>\n<p>O presidente eleito, Jair Bolsonaro, j\u00e1 definiu o nome do \u00f3rg\u00e3o que ir\u00e1 acompanhar toda a parte de infraestrutura de dentro do Pal\u00e1cio do Planalto: Gabinete Central de Infraestrutura (GCI). Ser\u00e1 uma esp\u00e9cie de coordena\u00e7\u00e3o dos minist\u00e9rios desse setor:<\/p>\n<h2><strong>S\u00f3 muda o nome<\/strong><\/h2>\n<p>H\u00e1 quem diga que o GCI n\u00e3o ser\u00e1 nada al\u00e9m da C\u00e2mara Setorial de Infraestrutura que funcionou no governo Lula, no qual os ministros eram chamados ao Planalto para definir prioridades e prestar contas. A coordena\u00e7\u00e3o era a cargo da Secretaria-Geral da Presid\u00eancia.<\/p>\n<h2><strong>Bloc\u00e3o pr\u00f3-Maia<\/strong><\/h2>\n<p>Embora ainda esteja em fase de constru\u00e7\u00e3o, o megabloco em gesta\u00e7\u00e3o no Congresso quer fechar o apoio \u00e0 reelei\u00e7\u00e3o de Rodrigo Maia (DEM-RJ). Quem estiver no bloco e n\u00e3o quiser seguir com Maia ter\u00e1 plena liberdade para sair candidato avulso a presidente da Casa. Pelo menos, at\u00e9 aqui, est\u00e1 caminhando nessa dire\u00e7\u00e3o.<\/p>\n<h2><strong>Balan\u00e7o de todos<\/strong><\/h2>\n<p>A combina\u00e7\u00e3o do fim do ano com o t\u00e9rmino de uma gest\u00e3o faz com que esta \u00e9poca se torne ideal para que as administra\u00e7\u00f5es fa\u00e7am um balan\u00e7o do que foi realizado. Seja o governo federal, seja o governo local, seja a C\u00e2mara Legislativa do Distrito Federal, cada um com estilo pr\u00f3prio, mas o importante \u00e9 colocar no ar as presta\u00e7\u00f5es de contas para o cidad\u00e3o.<\/p>\n<h2><strong>CURTIDAS<\/strong><\/h2>\n<p><strong>Quem n\u00e3o tem reforma da previd\u00eancia&#8230;<\/strong>\/\u2026 Ca\u00e7a com a tribut\u00e1ria. O governo de transi\u00e7\u00e3o e o atual fecharam acordo para ler ainda hoje o relat\u00f3rio da reforma tribut\u00e1ria, na comiss\u00e3o presidida pelo deputado Hildo Rocha (MDB). O problema \u00e9 a falta de tempo para votar o texto de Lu\u00edz Carlos Hauly (PSDB-PR). Salvo rar\u00edssimas exce\u00e7\u00f5es, as excel\u00eancias est\u00e3o entrando no &#8220;modo natalino&#8221;.<\/p>\n<p><strong>O que eles pensam I<\/strong>\/ Entre os congressistas, come\u00e7a a cristalizar a ideia de que Bolsonaro pode at\u00e9 reduzir o n\u00famero de Minist\u00e9rios, mas a quantidade de novas secretarias indica que muitas estruturas v\u00e3o continuar praticamente intactas, cortando apenas os carros com placa verde e amarela e o sal\u00e1rio do secret\u00e1rio.<\/p>\n<p><strong>O que eles pensam II<\/strong>\/ Os profissionais da pol\u00edtica t\u00eam comentado em conversas reservadas que o primeiro ano do governo Bolsonaro ser\u00e1 a vitrine para as a\u00e7\u00f5es do ministro da Justi\u00e7a, S\u00e9rgio Moro, na \u201cLava-Jato Executiva\u201d.<\/p>\n<p><strong>Pegou muito mal<\/strong>\/ Parlamentares, tarimbados na velha f\u00f3rmula do &#8220;e o que eu ganho com isso?&#8221;, criticaram ontem o fato de o ministro Luiz Fux s\u00f3 aceitar revogar o aux\u00edlio-moradia depois da san\u00e7\u00e3o do reajuste. Soou como um toma-l\u00e1-d\u00e1-c\u00e1. E \u00e9.<\/p>\n","protected":false},"excerpt":{"rendered":"<p>Para surpresa de alguns, a maioria dos partidos pol\u00edticos vai se posicionar contra a concess\u00e3o de reajuste salarial para os deputados e senadores no ano que vem. Assim, avaliam alguns, o desgaste junto \u00e0 opini\u00e3o p\u00fablica sobrar\u00e1 para o Judici\u00e1rio. Na reuni\u00e3o em que o assunto veio \u00e0 baila, cogitou-se ainda o fim do aux\u00edlio-moradia das excel\u00eancias. Por\u00e9m, haveria diferen\u00e7as [&hellip;]<\/p>\n","protected":false},"author":29,"featured_media":2810,"comment_status":"closed","ping_status":"closed","sticky":false,"template":"","format":"standard","meta":{"footnotes":""},"categories":[4],"tags":[],"class_list":["post-2809","post","type-post","status-publish","format-standard","has-post-thumbnail","hentry","category-coluna-brasilia-df"],"_links":{"self":[{"href":"https:\/\/blogs.correiobraziliense.com.br\/denise\/wp-json\/wp\/v2\/posts\/2809","targetHints":{"allow":["GET"]}}],"collection":[{"href":"https:\/\/blogs.correiobraziliense.com.br\/denise\/wp-json\/wp\/v2\/posts"}],"about":[{"href":"https:\/\/blogs.correiobraziliense.com.br\/denise\/wp-json\/wp\/v2\/types\/post"}],"author":[{"embeddable":true,"href":"https:\/\/blogs.correiobraziliense.com.br\/denise\/wp-json\/wp\/v2\/users\/29"}],"replies":[{"embeddable":true,"href":"https:\/\/blogs.correiobraziliense.com.br\/denise\/wp-json\/wp\/v2\/comments?post=2809"}],"version-history":[{"count":3,"href":"https:\/\/blogs.correiobraziliense.com.br\/denise\/wp-json\/wp\/v2\/posts\/2809\/revisions"}],"predecessor-version":[{"id":2814,"href":"https:\/\/blogs.correiobraziliense.com.br\/denise\/wp-json\/wp\/v2\/posts\/2809\/revisions\/2814"}],"wp:featuredmedia":[{"embeddable":true,"href":"https:\/\/blogs.correiobraziliense.com.br\/denise\/wp-json\/wp\/v2\/media\/2810"}],"wp:attachment":[{"href":"https:\/\/blogs.correiobraziliense.com.br\/denise\/wp-json\/wp\/v2\/media?parent=2809"}],"wp:term":[{"taxonomy":"category","embeddable":true,"href":"https:\/\/blogs.correiobraziliense.com.br\/denise\/wp-json\/wp\/v2\/categories?post=2809"},{"taxonomy":"post_tag","embeddable":true,"href":"https:\/\/blogs.correiobraziliense.com.br\/denise\/wp-json\/wp\/v2\/tags?post=2809"}],"curies":[{"name":"wp","href":"https:\/\/api.w.org\/{rel}","templated":true}]}}