{"id":2803,"date":"2018-11-23T08:35:21","date_gmt":"2018-11-23T10:35:21","guid":{"rendered":"https:\/\/blogs.correiobraziliense.com.br\/denise\/?p=2803"},"modified":"2018-11-23T09:02:17","modified_gmt":"2018-11-23T11:02:17","slug":"renan-calheiros-retorno-de-senadores-do-mdb","status":"publish","type":"post","link":"https:\/\/blogs.correiobraziliense.com.br\/denise\/renan-calheiros-retorno-de-senadores-do-mdb\/","title":{"rendered":"Renan Calheiros articula retorno de senadores ao MDB para n\u00e3o perder a presid\u00eancia"},"content":{"rendered":"<p>A senadora Simone Tebet (MDB-MS) tem dito que, se o MDB assim quiser, ela ser\u00e1 candidata a presidente do Senado. Renan Calheiros, que sabe da import\u00e2ncia de ser escolhido dentro da bancada, j\u00e1 est\u00e1 em campo para levar de volta alguns senadores para o partido e trabalha em duas frentes: o retorno de senadores ao MDB e, de quebra, o est\u00edmulo a potenciais advers\u00e1rios que hoje n\u00e3o t\u00eam condi\u00e7\u00f5es de agregar uma maioria na Casa. Quando perguntado, por exemplo, sobre a candidatura do senador David Alcolumbre, do DEM do Amap\u00e1, Renan n\u00e3o titubeia: \u201cUm excelente candidato\u201d.<\/p>\n<p>Os emedebistas que conhecem a fundo a expertise pol\u00edtica dos Calheiros respondem com um sorriso maroto. A ordem \u00e9 insuflar Alcolumbre para tentar inviabilizar as chances de Tasso Jereissati, do PSDB do Cear\u00e1, considerado um advers\u00e1rio perigoso.<\/p>\n<h2><strong>Quem avisa amigo \u00e9<\/strong><\/h2>\n<p>O presidente eleito, Jair Bolsonaro, j\u00e1 foi aconselhado a ficar fora da briga pelo comando da C\u00e2mara e do Senado. Ao n\u00e3o consultar partidos para a composi\u00e7\u00e3o de seu governo, h\u00e1 quem diga que, onde ele decidir influir, o recado das duas Casas poder\u00e1 ser uma derrota.E, sabe como \u00e9: melhor abra\u00e7ar um vencedor alheio do que ser obrigado a conviver com um eleito ressentido, de uma campanha contra por parte do governo.<\/p>\n<h2><strong>Dos males, o menor<\/strong><\/h2>\n<p>No caso do Senado, houve quem dissesse a Bolsonaro que o melhor mesmo \u00e9 torcer por Renan Calheiros. \u00c9 que, com Renan Filho governador de Alagoas, o senador ser\u00e1 o \u00faltimo a ficar contra o governo federal.<\/p>\n<h2><strong>Ciro &amp; Tasso, 20 anos<\/strong><\/h2>\n<p>O jantar que reuniu o PDT do senador eleito Cid Gomes, e a Rede, do senador Randolfe Rodrigues, para trabalhar uma candidatura de Tasso Jereissati (PSDB-CE) ao comando do Senado tem uma sementinha de longo prazo. Cid sonha repetir, em 2022, o que houve em 2002, quando Tasso Jereissati terminou apoiando Ciro Gomes para presidente da Rep\u00fablica.<\/p>\n<h2><strong>O que incomoda o PSL<\/strong><\/h2>\n<p>O que mais irrita os deputados do PSL \u00e9 saber que os minist\u00e9rios ocupados por deputados do DEM s\u00e3o justamente aqueles que dialogam direto com as bases. Afinal, foi na Sa\u00fade que o tucano Jos\u00e9 Serra montou sua campanha em 2002. O PT, no in\u00edcio, n\u00e3o abriu a vaga a ningu\u00e9m. Da Agricultura, sai a conversa com o setor que movimenta o pa\u00eds. Far\u00e3o tudo para evitar que a Educa\u00e7\u00e3o e programas sociais caiam nas m\u00e3os de outros partidos.<\/p>\n<p><strong>Guedes, o poderoso<\/strong>\/ Al\u00e9m de presidentes dos bancos p\u00fablicos anunciados ontem, Paulo Guedes \u00e9 quem dar\u00e1 a palavra final sobre os vice-presidentes das institui\u00e7\u00f5es. H\u00e1 tempos ningu\u00e9m concentrou tanto poder num governo.<\/p>\n<p><strong>Come\u00e7aram as maldades<\/strong>\/ Nos corredores do Parlamento, h\u00e1 quem diga que o futuro ministro da Casa Civil, Onyx Lorenzoni, passou a dar uma for\u00e7a \u00e0 candidatura de David Alcolumbre (DEM-AP) para presidente do Senado por motivos familiares. A esposa de Onyx, Denise Veberling, assumiu, em 2016, um cargo comissionado no gabinete do senador. Sal\u00e1rio bruto de R$ 8 mil.<\/p>\n<p><strong>Corpo s\u00e3o, mente s\u00e3<\/strong>\/ Quando Onyx conheceu a esposa, j\u00e1 estava separado havia tempo. Ela tinha sido indicada para personal trainer do ent\u00e3o deputado.<\/p>\n<p><a href=\"https:\/\/blogs.correiobraziliense.com.br\/denise\/wp-content\/uploads\/sites\/12\/2018\/11\/20181123002212918635i.jpg\"><img loading=\"lazy\" decoding=\"async\" class=\"aligncenter size-full wp-image-2805\" src=\"https:\/\/blogs.correiobraziliense.com.br\/denise\/wp-content\/uploads\/sites\/12\/2018\/11\/20181123002212918635i.jpg\" alt=\"\" width=\"510\" height=\"339\" \/><\/a><\/p>\n","protected":false},"excerpt":{"rendered":"<p>A senadora Simone Tebet (MDB-MS) tem dito que, se o MDB assim quiser, ela ser\u00e1 candidata a presidente do Senado. Renan Calheiros, que sabe da import\u00e2ncia de ser escolhido dentro da bancada, j\u00e1 est\u00e1 em campo para levar de volta alguns senadores para o partido e trabalha em duas frentes: o retorno de senadores ao MDB e, de quebra, o [&hellip;]<\/p>\n","protected":false},"author":29,"featured_media":2804,"comment_status":"closed","ping_status":"closed","sticky":false,"template":"","format":"standard","meta":{"footnotes":""},"categories":[4],"tags":[],"class_list":["post-2803","post","type-post","status-publish","format-standard","has-post-thumbnail","hentry","category-coluna-brasilia-df"],"_links":{"self":[{"href":"https:\/\/blogs.correiobraziliense.com.br\/denise\/wp-json\/wp\/v2\/posts\/2803","targetHints":{"allow":["GET"]}}],"collection":[{"href":"https:\/\/blogs.correiobraziliense.com.br\/denise\/wp-json\/wp\/v2\/posts"}],"about":[{"href":"https:\/\/blogs.correiobraziliense.com.br\/denise\/wp-json\/wp\/v2\/types\/post"}],"author":[{"embeddable":true,"href":"https:\/\/blogs.correiobraziliense.com.br\/denise\/wp-json\/wp\/v2\/users\/29"}],"replies":[{"embeddable":true,"href":"https:\/\/blogs.correiobraziliense.com.br\/denise\/wp-json\/wp\/v2\/comments?post=2803"}],"version-history":[{"count":3,"href":"https:\/\/blogs.correiobraziliense.com.br\/denise\/wp-json\/wp\/v2\/posts\/2803\/revisions"}],"predecessor-version":[{"id":2808,"href":"https:\/\/blogs.correiobraziliense.com.br\/denise\/wp-json\/wp\/v2\/posts\/2803\/revisions\/2808"}],"wp:featuredmedia":[{"embeddable":true,"href":"https:\/\/blogs.correiobraziliense.com.br\/denise\/wp-json\/wp\/v2\/media\/2804"}],"wp:attachment":[{"href":"https:\/\/blogs.correiobraziliense.com.br\/denise\/wp-json\/wp\/v2\/media?parent=2803"}],"wp:term":[{"taxonomy":"category","embeddable":true,"href":"https:\/\/blogs.correiobraziliense.com.br\/denise\/wp-json\/wp\/v2\/categories?post=2803"},{"taxonomy":"post_tag","embeddable":true,"href":"https:\/\/blogs.correiobraziliense.com.br\/denise\/wp-json\/wp\/v2\/tags?post=2803"}],"curies":[{"name":"wp","href":"https:\/\/api.w.org\/{rel}","templated":true}]}}