{"id":2781,"date":"2018-11-21T08:35:13","date_gmt":"2018-11-21T10:35:13","guid":{"rendered":"https:\/\/blogs.correiobraziliense.com.br\/denise\/?p=2781"},"modified":"2018-11-21T08:35:13","modified_gmt":"2018-11-21T10:35:13","slug":"lava-jato-petrobras-respondera-diretamente-a-paulo-guedes","status":"publish","type":"post","link":"https:\/\/blogs.correiobraziliense.com.br\/denise\/lava-jato-petrobras-respondera-diretamente-a-paulo-guedes\/","title":{"rendered":"Para evitar uma nova Lava-Jato, presidente da Petrobras responder\u00e1 diretamente a Paulo Guedes"},"content":{"rendered":"<p>Pelo andar da carruagem, vem por a\u00ed um esvaziamento do futuro ministro de Infraestrutura. A escolha do presidente da <strong>Petrobras<\/strong> antes do ministro de Minas e Energia, ou do de Infraestrutura, por exemplo, mostra que o setor de petr\u00f3leo responder\u00e1 diretamente a Paulo Guedes. Na primeira fase do governo Lula, para desgosto da ent\u00e3o ministra de Minas e Energia, Dilma Rousseff, o presidente da Petrobras respondia direto ao Pal\u00e1cio do Planalto. Quando ela ocupou a Presid\u00eancia, tamb\u00e9m deixou a Petrobras sob o comando palaciano. O resultado foi a Lava-Jato. Bolsonaro quer evitar isso. Al\u00e9m da Petrobras, empresas importantes devem responder direto \u00e0 \u00e1rea econ\u00f4mica.<\/p>\n<h3>\nN\u00facleo duro<\/h3>\n<p>O presidente eleito, Jair Bolsonaro, pretende fazer o comando estrat\u00e9gico pol\u00edtico de seu governo com PSL, DEM e PRB. S\u00f3 tem um probleminha: ainda n\u00e3o avisou aos presidentes<br \/>\ndos partidos.<\/p>\n<h3>\nPior para Rodrigo<\/h3>\n<p>A escolha de Luiz Henrique Mandetta, do DEM, para ministro da Sa\u00fade representar\u00e1 mais um motivo para que os partidos de centro resistam \u00e0 reelei\u00e7\u00e3o<br \/>\nde Rodrigo Maia para a Presid\u00eancia da C\u00e2mara. O PP encabe\u00e7a esse movimento.<\/p>\n<h3>\nLeitura geral<\/h3>\n<p>Deputados est\u00e3o convencidos de que o presidente eleito, Jair Bolsonaro, n\u00e3o quer Rodrigo no comando da C\u00e2mara. Por\u00e9m, se trabalhar contra, pode animar muitos a apoiar o democrata.<\/p>\n<h3>\nFalta convencer o PT<\/h3>\n<p>Rodrigo Maia \u00e9 visto como um nome capaz de agregar os partidos de esquerda, parte do centro e buscar uma C\u00e2mara mais equilibrada.<br \/>\nSe os partidos de esquerda forem inteligentes, podem ter a\u00ed a primeira derrota do presidente eleito.<\/p>\n<p>&nbsp;<\/p>\n<p><strong>\u00d4, v\u00edcio!\/<\/strong> Um dos locais onde o futuro ministro da Sa\u00fade pode ser encontrado sempre na C\u00e2mara \u00e9 o\u2026 fum\u00f3dromo. Do lado de fora do Sal\u00e3o Negro.<\/p>\n<p><strong>Se chamar, ele vai\/<\/strong> Sondado por l\u00edderes religiosos se aceitaria ser indicado para assumir o Minist\u00e9rio da Educa\u00e7\u00e3o, o senador eleito e atual deputado federal Izalci Lucas (PSDB-DF) est\u00e1 bem ciente dos desafios que teria pela frente. No evento Di\u00e1logo entre Poderes, promovido pela Associa\u00e7\u00e3o Brasileira de Rela\u00e7\u00f5es Institucionais (Abrig), nessa ter\u00e7a-feira, sentenciou: \u201cEconomia \u00e9 fichinha. O desafio maior do pa\u00eds \u00e9 mudar a educa\u00e7\u00e3o\u201d.<\/p>\n<p><strong>O governo quer o PSDB\/<\/strong> Ainda no evento da Abrig, a deputada eleita Joice Hasselmann (foto), do PSL-SP, revelou que uma das condi\u00e7\u00f5es para apoiar Jo\u00e3o Doria no segundo turno ao governo de S\u00e3o Paulo foi o compromisso de ele tomar o PSDB. \u201cBolsonaro precisa de uma base forte. A elei\u00e7\u00e3o acabou, a hora \u00e9 de construir pontes\u201d, afirmou a deputada eleita.<\/p>\n<p><strong>E ainda d\u00e1 pitaco no comando tucano\/<\/strong> Joice foi al\u00e9m e declarou ser favor\u00e1vel \u00e0 elei\u00e7\u00e3o do ex-ministro Bruno Ara\u00fajo para a presid\u00eancia da legenda, como Doria estaria defendendo nos bastidores.<\/p>\n","protected":false},"excerpt":{"rendered":"<p>Pelo andar da carruagem, vem por a\u00ed um esvaziamento do futuro ministro de Infraestrutura. A escolha do presidente da Petrobras antes do ministro de Minas e Energia, ou do de Infraestrutura, por exemplo, mostra que o setor de petr\u00f3leo responder\u00e1 diretamente a Paulo Guedes. Na primeira fase do governo Lula, para desgosto da ent\u00e3o ministra de Minas e Energia, Dilma [&hellip;]<\/p>\n","protected":false},"author":29,"featured_media":2782,"comment_status":"closed","ping_status":"closed","sticky":false,"template":"","format":"standard","meta":{"footnotes":""},"categories":[4],"tags":[],"class_list":["post-2781","post","type-post","status-publish","format-standard","has-post-thumbnail","hentry","category-coluna-brasilia-df"],"_links":{"self":[{"href":"https:\/\/blogs.correiobraziliense.com.br\/denise\/wp-json\/wp\/v2\/posts\/2781","targetHints":{"allow":["GET"]}}],"collection":[{"href":"https:\/\/blogs.correiobraziliense.com.br\/denise\/wp-json\/wp\/v2\/posts"}],"about":[{"href":"https:\/\/blogs.correiobraziliense.com.br\/denise\/wp-json\/wp\/v2\/types\/post"}],"author":[{"embeddable":true,"href":"https:\/\/blogs.correiobraziliense.com.br\/denise\/wp-json\/wp\/v2\/users\/29"}],"replies":[{"embeddable":true,"href":"https:\/\/blogs.correiobraziliense.com.br\/denise\/wp-json\/wp\/v2\/comments?post=2781"}],"version-history":[{"count":1,"href":"https:\/\/blogs.correiobraziliense.com.br\/denise\/wp-json\/wp\/v2\/posts\/2781\/revisions"}],"predecessor-version":[{"id":2783,"href":"https:\/\/blogs.correiobraziliense.com.br\/denise\/wp-json\/wp\/v2\/posts\/2781\/revisions\/2783"}],"wp:featuredmedia":[{"embeddable":true,"href":"https:\/\/blogs.correiobraziliense.com.br\/denise\/wp-json\/wp\/v2\/media\/2782"}],"wp:attachment":[{"href":"https:\/\/blogs.correiobraziliense.com.br\/denise\/wp-json\/wp\/v2\/media?parent=2781"}],"wp:term":[{"taxonomy":"category","embeddable":true,"href":"https:\/\/blogs.correiobraziliense.com.br\/denise\/wp-json\/wp\/v2\/categories?post=2781"},{"taxonomy":"post_tag","embeddable":true,"href":"https:\/\/blogs.correiobraziliense.com.br\/denise\/wp-json\/wp\/v2\/tags?post=2781"}],"curies":[{"name":"wp","href":"https:\/\/api.w.org\/{rel}","templated":true}]}}