{"id":2545,"date":"2018-09-19T06:18:44","date_gmt":"2018-09-19T09:18:44","guid":{"rendered":"https:\/\/blogs.correiobraziliense.com.br\/denise\/?p=2545"},"modified":"2018-09-19T09:38:32","modified_gmt":"2018-09-19T12:38:32","slug":"segura-lingua-general","status":"publish","type":"post","link":"https:\/\/blogs.correiobraziliense.com.br\/denise\/segura-lingua-general\/","title":{"rendered":"Segura a l\u00edngua, general"},"content":{"rendered":"<p>Numa reuni\u00e3o a portas fechadas num hotel em S\u00e3o Paulo, os bolsonaristas fecharam v\u00e1rias estrat\u00e9gias para esta reta final de primeiro turno. A primeira delas \u00e9 dar ao candidato a vice, general Hamilton Mour\u00e3o, um discurso lastreado no modelo de controle civil do pa\u00eds nos \u00faltimos 30 anos e que essa receita n\u00e3o ser\u00e1 alterada. At\u00e9 aqui, avaliam os aliados de Jair Bolsonaro, o discurso de Mour\u00e3o \u00e9 considerado um entrave \u00e0 campanha. Ontem, por exemplo, o candidato do PSDB, Geraldo Alckmin, bateu duro na declara\u00e7\u00e3o em que o general se referiu a fam\u00edlias chefiadas por m\u00e3es e av\u00f3s como \u201cf\u00e1bricas de desajustados\u201d. \u201cIsso \u00e9 uma ofensa \u00e0s m\u00e3es que criam seus filhos com dificuldade, com sacrif\u00edcio, \u00e0s vezes dois, tr\u00eas filhos, sozinhas. \u00c0s av\u00f3s, que s\u00e3o verdadeiras hero\u00ednas. \u00c9 lament\u00e1vel esse tipo de declara\u00e7\u00e3o\u201d, afirmou o tucano.<\/p>\n<p>\u00bb \u00bb \u00bb <\/p>\n<p>Paralelamente \u00e0s falas de Mour\u00e3o, os bolsonaristas preparam o discurso para o segundo turno, quando os temas econ\u00f4micos estar\u00e3o mais vis\u00edveis. A ideia \u00e9 levar a campanha do candidato para o centro, abusar das express\u00f5es \u201cliberal-democrata\u201d e defender a economia de mercado como pilar do resgate da d\u00edvida social. A ordem \u00e9 destacar a express\u00e3o \u201cresgate da d\u00edvida social\u201d. Afinal, dizem aliados do capit\u00e3o reformado, quem quer vencer tem de caminhar para o centro.<\/p>\n<p>F\u00e1cil &amp; dif\u00edcil<br \/>\nOs estrategistas de Jair Bolsonaro conclu\u00edram que, enquanto a campanha estiver voltada para o anti-Lula, o candidato deles nada de bra\u00e7ada. Quando chega a hora de discutir pol\u00edtica p\u00fablica, a equipe e o pr\u00f3prio candidato escorregam. Nesse ponto, conforme a coluna j\u00e1 escreveu h\u00e1 alguns dias, seus estrategistas consideram que o candidato terminou preservado.<\/p>\n<p>F\u00e1cil agora, dif\u00edcil<br \/>\nno segundo turno<br \/>\nPara al\u00edvio do candidato, esses estrategistas consultaram especialistas em pesquisas, que lhes garantiram que, a esta altura do campeonato, o cap\u00edtulo pol\u00edtica p\u00fablica s\u00f3 ser\u00e1 explorado no segundo turno.<\/p>\n<p>Santo de casa<br \/>\nOs coordenadores pol\u00edticos da campanha do candidato do PSDB, Geraldo Alckmin, est\u00e3o convictos de que a melhor forma de o candidato tentar ganhar f\u00f4lego nesta reta final \u00e9 reconquistando os votos dos paulistas e paulistanos e apostando forte ainda em Minas Gerais. Se n\u00e3o for por a\u00ed, adeus.<\/p>\n<p>Precau\u00e7\u00f5es jur\u00eddicas<br \/>\nAutoridades do governo de Michel Temer come\u00e7aram a consultar medalh\u00f5es da advocacia para saber o que o futuro lhes reserva em 2019. O cen\u00e1rio n\u00e3o \u00e9 nada bom. Seja para o presidente, seja para os ministros. Ningu\u00e9m, entretanto, pensa em sair do pa\u00eds em 1\u00ba de janeiro.<\/p>\n<p>Por falar em Temer&#8230;<br \/>\nEm S\u00e3o Paulo, os advers\u00e1rios do candidato do MDB ao governo, Paulo Skaf, passaram a massificar a mensagem de que o emedebista \u00e9 o candidato de Temer. \u00c9 uma tentativa de desgastar Skaf e deixar que ele chegue enfraquecido ao segundo turno.<\/p>\n<p>Companheiros I\/ No voo que o levou para S\u00e3o Paulo, ontem no fim da manh\u00e3, a fim de participar de reuni\u00f5es de coordena\u00e7\u00e3o da campanha de Bolsonaro, o general Augusto Heleno (foto) sentou-se ao lado de um padre franc\u00eas. L\u00e1 pelas tantas, entra o tema elei\u00e7\u00e3o, e o padre pergunta em quem<br \/>\no general votaria para presidente. Na hora, o general conta que pensou: \u201cPronto, vou dizer que voto no Bolsonaro, e o padre vai se benzer\u201d.<\/p>\n<p>Companheiros II\/ A preocupa\u00e7\u00e3o<br \/>\ndo general n\u00e3o durou 10 segundos. Ao ouvir que Heleno votaria em Bolsonaro, eis que o padre sorri e diz: \u201cAh, sou amigo da Marie Le Pen\u201d. O general suspirou aliviado.<\/p>\n<p>Eu sou legal!\/ O candidato do PT, Fernando Haddad, sentiu o desgaste no fim de semana em que o governador de Minas, Fernando Pimentel, mencionou o indulto a Lula como o primeiro ato de governo do postulante petista a presidente da Rep\u00fablica. Por isso, disse, com todas as letras, que n\u00e3o dar\u00e1 a liberdade ao ex-presidente e respeitar\u00e1 a decis\u00e3o da Justi\u00e7a.<\/p>\n<p>Eu sou legal II!\/ A avalia\u00e7\u00e3o \u00e9 de que os votos do PT, com ou sem indulto, Haddad ter\u00e1. Ele quer agora \u00e9 conquistar aqueles eleitores que votam em candidatos de centro, por\u00e9m, rejeitam totalmente Jair Bolsonaro.<\/p>\n","protected":false},"excerpt":{"rendered":"<p>Numa reuni\u00e3o a portas fechadas num hotel em S\u00e3o Paulo, os bolsonaristas fecharam v\u00e1rias estrat\u00e9gias para esta reta final de primeiro turno. A primeira delas \u00e9 dar ao candidato a vice, general Hamilton Mour\u00e3o, um discurso lastreado no modelo de controle civil do pa\u00eds nos \u00faltimos 30 anos e que essa receita n\u00e3o ser\u00e1 alterada. At\u00e9 aqui, avaliam os aliados [&hellip;]<\/p>\n","protected":false},"author":29,"featured_media":0,"comment_status":"closed","ping_status":"closed","sticky":false,"template":"","format":"standard","meta":{"footnotes":""},"categories":[4],"tags":[],"class_list":["post-2545","post","type-post","status-publish","format-standard","hentry","category-coluna-brasilia-df"],"_links":{"self":[{"href":"https:\/\/blogs.correiobraziliense.com.br\/denise\/wp-json\/wp\/v2\/posts\/2545","targetHints":{"allow":["GET"]}}],"collection":[{"href":"https:\/\/blogs.correiobraziliense.com.br\/denise\/wp-json\/wp\/v2\/posts"}],"about":[{"href":"https:\/\/blogs.correiobraziliense.com.br\/denise\/wp-json\/wp\/v2\/types\/post"}],"author":[{"embeddable":true,"href":"https:\/\/blogs.correiobraziliense.com.br\/denise\/wp-json\/wp\/v2\/users\/29"}],"replies":[{"embeddable":true,"href":"https:\/\/blogs.correiobraziliense.com.br\/denise\/wp-json\/wp\/v2\/comments?post=2545"}],"version-history":[{"count":4,"href":"https:\/\/blogs.correiobraziliense.com.br\/denise\/wp-json\/wp\/v2\/posts\/2545\/revisions"}],"predecessor-version":[{"id":2549,"href":"https:\/\/blogs.correiobraziliense.com.br\/denise\/wp-json\/wp\/v2\/posts\/2545\/revisions\/2549"}],"wp:attachment":[{"href":"https:\/\/blogs.correiobraziliense.com.br\/denise\/wp-json\/wp\/v2\/media?parent=2545"}],"wp:term":[{"taxonomy":"category","embeddable":true,"href":"https:\/\/blogs.correiobraziliense.com.br\/denise\/wp-json\/wp\/v2\/categories?post=2545"},{"taxonomy":"post_tag","embeddable":true,"href":"https:\/\/blogs.correiobraziliense.com.br\/denise\/wp-json\/wp\/v2\/tags?post=2545"}],"curies":[{"name":"wp","href":"https:\/\/api.w.org\/{rel}","templated":true}]}}