{"id":2543,"date":"2018-09-18T04:50:25","date_gmt":"2018-09-18T07:50:25","guid":{"rendered":"https:\/\/blogs.correiobraziliense.com.br\/denise\/?p=2543"},"modified":"2018-09-18T01:54:55","modified_gmt":"2018-09-18T04:54:55","slug":"quero-ser-doria","status":"publish","type":"post","link":"https:\/\/blogs.correiobraziliense.com.br\/denise\/quero-ser-doria\/","title":{"rendered":"\u201cQuero ser Doria\u201d"},"content":{"rendered":"<p>    O candidato do PSL, Jair Bolsonaro, tem dito que sua miss\u00e3o agora \u00e9 repetir o que fez Jo\u00e3o Doria na elei\u00e7\u00e3o para prefeito em 2016. Bastou o prefeito-candidato Fernando Haddad, \u00e0 \u00e9poca, subir um pouco nas pesquisas para que Doria ampliasse os ataques ao PT. O tucano venceu no primeiro turno. \u00c9 por a\u00ed que o candidato do PSL pretende jogar, tirando do candidato do PSDB, Geraldo Alckmin, o discurso de porto seguro do antipetismo, que o ex-governador tentou emplacar.<\/p>\n<p>    Alckmin, por sua vez, volta ao discurso de anti-Bolsonaro, com pitadas de anti-PT. Ele vai intensificar na tev\u00ea a mensagem de que \u00e9 o \u00fanico capaz de derrotar, seja Haddad, seja Bolsonaro. Aliados do PSDB consideram que, at\u00e9 aqui, a \u201conda Geraldo\u201d n\u00e3o apareceu. A contar pelo andar da carruagem, virou marola. Por\u00e9m, o tucano tamb\u00e9m sonha em repetir Doria, que saiu dos 6% e venceu.<\/p>\n<p>\u201cN\u00e3o pode ficar assim\u201d<br \/>\nQuem est\u00e1 fora do pa\u00eds e acompanha as elei\u00e7\u00f5es n\u00e3o se conforma com o sil\u00eancio em torno dos financiadores de Adelio Bispo, o criminoso que esfaqueou Jair Bolsonaro. Regina Swift, brasileira radicada nos Estados Unidos, criou um abaixo-assinado em change.org com advogados brasileiros para exigir apura\u00e7\u00e3o: \u201cQuem banca Adelio? O povo quer saber\u201d. Em menos de oito horas no ar, a peti\u00e7\u00e3o estava com quatro mil assinaturas.<\/p>\n<p>Nada muda no Brasil. Bolsonaro \u00e9 um Lula de farda. Ser\u00e1 festejado e usado pela elite enquanto interessar\u201d<\/p>\n<p>Do ex-deputado Paulo Delgado (PT-MG),<br \/>\num dos principais cr\u00edticos do pr\u00f3prio partido<\/p>\n<p>Foram eles!<br \/>\nJ\u00e1 tem tucano dizendo, em conversas reservadas, que o ex-presidente Fernando Henrique Cardoso conspirou contra Geraldo Alckmin. E petista dizendo que o governador-candidato de Minas Gerais, Fernando Pimentel, conspira contra Fernando Haddad.<\/p>\n<p>A meta de Ciro<br \/>\nEstrategistas de Ciro Gomes calculam que, se ele chegar cabe\u00e7a a cabe\u00e7a com Fernando Haddad na \u00faltima semana da elei\u00e7\u00e3o, terminar\u00e1 levando a diferen\u00e7a para passar ao segundo turno, com os votos daqueles eleitores que n\u00e3o querem os extremos na final.<\/p>\n<p>A enquete de Toffoli I\/ Em sua primeira entrevista depois da posse, o presidente do Supremo Tribunal Federal, Dias Toffoli (foto), pediu que levantassem a m\u00e3o os jornalistas desconfiados da seguran\u00e7a do voto na urna eletr\u00f4nica. Ningu\u00e9m se manifestou.<\/p>\n<p>A enquete de Toffoli II\/ Alguns jornalistas at\u00e9 ficaram com vontade de erguer o bra\u00e7o, por\u00e9m, ningu\u00e9m se mexeu, porque consideraram que n\u00e3o dava para ficar nessa pol\u00eamica, transformando o presidente do STF de entrevistado em entrevistador. Faz sentido.<\/p>\n<p>Ana Am\u00e9lia e K\u00e1tia Abreu\/ As senadoras que concorrem \u00e0 vaga de vice, Ana Am\u00e9lia (PP-RS), de Geraldo Alckmin, e K\u00e1tia Abreu (PDT-TO), de Ciro Gomes, tomam caminhos distintos. Enquanto a ga\u00facha ataca o PT, K\u00e1tia bate forte no general Mour\u00e3o, vice de Bolsonaro, sobre a frase de que fam\u00edlias sem pai e av\u00f4 s\u00e3o f\u00e1brica de desajustados. \u201cUm filme de terror de p\u00e9ssima qualidade. O Brasil tem 30 milh\u00f5es de mulheres que chefiam suas fam\u00edlias. Tem certeza de que essa dupla quer governar o meu pa\u00eds? \u00c9 muita pretens\u00e3o\u201d, afirmou.<\/p>\n<p>Esquisito\/ A apreens\u00e3o de US$ 16 milh\u00f5es em rel\u00f3gios de luxo, joias e d\u00f3lares na comitiva da Guin\u00e9 Equatorial, a 23 dias do primeiro turno, deixou muita gente de orelha em p\u00e9.<\/p>\n<p>Colaborou Renato Souza<\/p>\n","protected":false},"excerpt":{"rendered":"<p>O candidato do PSL, Jair Bolsonaro, tem dito que sua miss\u00e3o agora \u00e9 repetir o que fez Jo\u00e3o Doria na elei\u00e7\u00e3o para prefeito em 2016. Bastou o prefeito-candidato Fernando Haddad, \u00e0 \u00e9poca, subir um pouco nas pesquisas para que Doria ampliasse os ataques ao PT. O tucano venceu no primeiro turno. \u00c9 por a\u00ed que o candidato do PSL pretende [&hellip;]<\/p>\n","protected":false},"author":29,"featured_media":0,"comment_status":"closed","ping_status":"closed","sticky":false,"template":"","format":"standard","meta":{"footnotes":""},"categories":[4],"tags":[],"class_list":["post-2543","post","type-post","status-publish","format-standard","hentry","category-coluna-brasilia-df"],"_links":{"self":[{"href":"https:\/\/blogs.correiobraziliense.com.br\/denise\/wp-json\/wp\/v2\/posts\/2543","targetHints":{"allow":["GET"]}}],"collection":[{"href":"https:\/\/blogs.correiobraziliense.com.br\/denise\/wp-json\/wp\/v2\/posts"}],"about":[{"href":"https:\/\/blogs.correiobraziliense.com.br\/denise\/wp-json\/wp\/v2\/types\/post"}],"author":[{"embeddable":true,"href":"https:\/\/blogs.correiobraziliense.com.br\/denise\/wp-json\/wp\/v2\/users\/29"}],"replies":[{"embeddable":true,"href":"https:\/\/blogs.correiobraziliense.com.br\/denise\/wp-json\/wp\/v2\/comments?post=2543"}],"version-history":[{"count":1,"href":"https:\/\/blogs.correiobraziliense.com.br\/denise\/wp-json\/wp\/v2\/posts\/2543\/revisions"}],"predecessor-version":[{"id":2544,"href":"https:\/\/blogs.correiobraziliense.com.br\/denise\/wp-json\/wp\/v2\/posts\/2543\/revisions\/2544"}],"wp:attachment":[{"href":"https:\/\/blogs.correiobraziliense.com.br\/denise\/wp-json\/wp\/v2\/media?parent=2543"}],"wp:term":[{"taxonomy":"category","embeddable":true,"href":"https:\/\/blogs.correiobraziliense.com.br\/denise\/wp-json\/wp\/v2\/categories?post=2543"},{"taxonomy":"post_tag","embeddable":true,"href":"https:\/\/blogs.correiobraziliense.com.br\/denise\/wp-json\/wp\/v2\/tags?post=2543"}],"curies":[{"name":"wp","href":"https:\/\/api.w.org\/{rel}","templated":true}]}}