{"id":2539,"date":"2018-09-14T06:27:52","date_gmt":"2018-09-14T09:27:52","guid":{"rendered":"https:\/\/blogs.correiobraziliense.com.br\/denise\/?p=2539"},"modified":"2018-09-14T18:28:39","modified_gmt":"2018-09-14T21:28:39","slug":"michel-temer-na-estrada","status":"publish","type":"post","link":"https:\/\/blogs.correiobraziliense.com.br\/denise\/michel-temer-na-estrada\/","title":{"rendered":"Michel Temer na estrada"},"content":{"rendered":"<p>A aposta do meio jur\u00eddico \u00e9 de que a Procuradoria-Geral da Rep\u00fablica deixar\u00e1 para 2019 o oferecimento de den\u00fancia contra o presidente Michel Temer no caso da suspeita de propina nos portos. \u00c9 que, embora a Pol\u00edcia Federal esteja investigando o presidente agora, os fatos se referem a 2014, quando ele ainda era vice. E, reza a legisla\u00e7\u00e3o, um presidente s\u00f3 pode ser processado por atos relativos ao mandato.<\/p>\n<p>Enquanto o processo n\u00e3o vem, Temer aproveita para tentar dar uma arrumada na biografia, entregando obras pelo pa\u00eds. Ele coloca na conta de seu governo, por exemplo, a transposi\u00e7\u00e3o do rio S\u00e3o Francisco, projeto que foi paralisado na administra\u00e7\u00e3o Dilma Rousseff e que o presidente retomou.<\/p>\n<p>Enquanto Bolsonaro<br \/>\nse recupera&#8230;<br \/>\nAliados do candidato do PSL, Jair Bolsonaro, tra\u00e7am um \u201cplano C\u201d para a hip\u00f3tese de o candidato n\u00e3o se recuperar a tempo de conseguir fazer campanha no segundo turno. E a solu\u00e7\u00e3o passar\u00e1 por quem tiver um discurso mais moderado.<\/p>\n<p>\u2026 a intriga corre solta<br \/>\nA entrevista que o pr\u00edncipe Luiz Phillipe de Orl\u00e9ans e Bragan\u00e7a concedeu \u00e0 revista Cruso\u00e9 vem sendo citada entre os aliados de Bolsonaro como um tiro para tentar afastar o presidente do PSL, Gustavo Bebianno. Na entrevista, embora, cercado de \u201cn\u00e3o sei se foi isso e n\u00e3o houve cobran\u00e7a direta\u201d, o pr\u00edncipe faz insinua\u00e7\u00f5es de que teria suspeitado de uma cobran\u00e7a indireta de dinheiro para ser vice na chapa.<\/p>\n<p>Apostas<br \/>\nQuem arrisca fazer c\u00e1lculos sobre bancadas p\u00f5e o MDB e o PP disputando cabe\u00e7a a cabe\u00e7a a hegemonia na C\u00e2mara. Por\u00e9m, nada de n\u00fameros t\u00e3o espetaculares. As contas indicam que os partidos majorit\u00e1rios far\u00e3o, no m\u00e1ximo, 55 parlamentares. O PT vem no segundo pelot\u00e3o, com algo em torno de 40 deputados.<\/p>\n<p>Moral da hist\u00f3ria<br \/>\nQuem vencer a elei\u00e7\u00e3o presidencial ter\u00e1 que conversar com o partido de Michel Temer, hoje criticado por todos os candidatos.<\/p>\n<p>Destinos cruzados\/ O governador do DF, Rodrigo Rollemberg, e o de S\u00e3o Paulo, M\u00e1rcio Fran\u00e7a, passaram boa parte da posse de Dias Toffoli conversando. Ambos est\u00e3o com dificuldades de fazer deslanchar as campanhas.<\/p>\n<p>Os recados do pacificador I\/ Dias Toffoli assumiu a Presid\u00eancia do Supremo Tribunal Federal (STF) com a miss\u00e3o de pacificar a Casa e atender todos os p\u00fablicos. O primeiro gesto foi fazer do ministro Lu\u00eds Roberto Barroso o orador em nome da Corte. Barroso, h\u00e1 alguns meses, protagonizou uma discuss\u00e3o acalorada com o ministro Gilmar Mendes, chamando-o de \u201cpessoa horr\u00edvel\u201d.<\/p>\n<p>Os recados do pacificador II\/ A escolha de Barroso deixou Toffoli \u00e0 vontade para, em seu pr\u00f3prio discurso, citar a necessidade de di\u00e1logo entre os ministros e de respeito \u00e0s diferen\u00e7as, e a import\u00e2ncia da generosidade e do afeto. Para bons entendedores, \u00e9 hora de deixar de lado cenas acaloradas em plen\u00e1rio.<\/p>\n<p>Arthur, o cabo eleitoral\/ Presente \u00e0 posse de Toffoli, o prefeito de Manaus, Arthur Virg\u00edlio (foto),<br \/>\ndo PSDB, conversou com Geraldo Alckmin por telefone, h\u00e1 tr\u00eas semanas, quando alertou o tucano sobre a necessidade de apresentar uma proposta econ\u00f4mica para a Amaz\u00f4nia e a Zona Franca. Combinaram uma visita de Geraldo ao estado. \u201cRecebi o \u00c1lvaro Dias, que \u00e9 meu irm\u00e3o, mas tive a alegria de n\u00e3o estar l\u00e1 para receber o Ciro Gomes, que fala bobagem com pose. Ele representa o atraso\u201d, diz.<\/p>\n","protected":false},"excerpt":{"rendered":"<p>A aposta do meio jur\u00eddico \u00e9 de que a Procuradoria-Geral da Rep\u00fablica deixar\u00e1 para 2019 o oferecimento de den\u00fancia contra o presidente Michel Temer no caso da suspeita de propina nos portos. \u00c9 que, embora a Pol\u00edcia Federal esteja investigando o presidente agora, os fatos se referem a 2014, quando ele ainda era vice. E, reza a legisla\u00e7\u00e3o, um presidente [&hellip;]<\/p>\n","protected":false},"author":29,"featured_media":0,"comment_status":"closed","ping_status":"closed","sticky":false,"template":"","format":"standard","meta":{"footnotes":""},"categories":[4],"tags":[],"class_list":["post-2539","post","type-post","status-publish","format-standard","hentry","category-coluna-brasilia-df"],"_links":{"self":[{"href":"https:\/\/blogs.correiobraziliense.com.br\/denise\/wp-json\/wp\/v2\/posts\/2539","targetHints":{"allow":["GET"]}}],"collection":[{"href":"https:\/\/blogs.correiobraziliense.com.br\/denise\/wp-json\/wp\/v2\/posts"}],"about":[{"href":"https:\/\/blogs.correiobraziliense.com.br\/denise\/wp-json\/wp\/v2\/types\/post"}],"author":[{"embeddable":true,"href":"https:\/\/blogs.correiobraziliense.com.br\/denise\/wp-json\/wp\/v2\/users\/29"}],"replies":[{"embeddable":true,"href":"https:\/\/blogs.correiobraziliense.com.br\/denise\/wp-json\/wp\/v2\/comments?post=2539"}],"version-history":[{"count":1,"href":"https:\/\/blogs.correiobraziliense.com.br\/denise\/wp-json\/wp\/v2\/posts\/2539\/revisions"}],"predecessor-version":[{"id":2540,"href":"https:\/\/blogs.correiobraziliense.com.br\/denise\/wp-json\/wp\/v2\/posts\/2539\/revisions\/2540"}],"wp:attachment":[{"href":"https:\/\/blogs.correiobraziliense.com.br\/denise\/wp-json\/wp\/v2\/media?parent=2539"}],"wp:term":[{"taxonomy":"category","embeddable":true,"href":"https:\/\/blogs.correiobraziliense.com.br\/denise\/wp-json\/wp\/v2\/categories?post=2539"},{"taxonomy":"post_tag","embeddable":true,"href":"https:\/\/blogs.correiobraziliense.com.br\/denise\/wp-json\/wp\/v2\/tags?post=2539"}],"curies":[{"name":"wp","href":"https:\/\/api.w.org\/{rel}","templated":true}]}}