{"id":2536,"date":"2018-09-11T05:07:24","date_gmt":"2018-09-11T08:07:24","guid":{"rendered":"https:\/\/blogs.correiobraziliense.com.br\/denise\/?p=2536"},"modified":"2018-09-11T10:01:35","modified_gmt":"2018-09-11T13:01:35","slug":"eleitor-comeca-migrar-para-o-voto-util","status":"publish","type":"post","link":"https:\/\/blogs.correiobraziliense.com.br\/denise\/eleitor-comeca-migrar-para-o-voto-util\/","title":{"rendered":"Eleitor come\u00e7a a migrar para o voto \u00fatil"},"content":{"rendered":"<p>O movimento que geralmente ocorre a poucos dias da elei\u00e7\u00e3o, desta vez, parece mais acelerado e, pelo andar da carruagem, aponta para transformar Ciro Gomes (PDT) e Geraldo Alckmin (PSDB) em maiores apostas para as pr\u00f3ximas semanas. Em S\u00e3o Paulo \u2014 onde o Ibope mostrou Alckmin e Ciro em ascens\u00e3o, enquanto Jair Bolsonaro subiu apenas um ponto, de 22% para 23% \u2014, h\u00e1 quem assegure que j\u00e1 est\u00e1 em curso a migra\u00e7\u00e3o: o eleitor tem deixado de lado seu candidato preferido para apostar em algu\u00e9m com capacidade de derrotar quem ele mais rejeita.<\/p>\n<p>No quartel-general bolsonarista, a subida do candidato nas pesquisas em todo o pa\u00eds, depois do atentado, era considerada fava contada. Por\u00e9m, n\u00e3o se esperava t\u00e3o pouco em S\u00e3o Paulo. Por isso, h\u00e1 quem esteja disposto a mudar a imagem do postulante ao Planalto, tornando-o mais \u201cpaz e amor\u201d. E, conforme a coluna publicou em primeira m\u00e3o na quarta-feira, os apoiadores do candidato do PSL v\u00e3o pregar ainda o voto branco e o nulo, a fim de reduzir a quantidade de votos v\u00e1lidos e tentar assegurar a vit\u00f3ria logo na primeira rodada. Pesquisa n\u00e3o decide elei\u00e7\u00e3o, mas dita movimentos. E, enquanto uns seguem para o voto \u00fatil, outros pregam o nulo e o branco.<\/p>\n<p>Queda de bra\u00e7o no PT I<br \/>\nFernando Haddad foi a Curitiba, ontem, certo de que, \u00e0 noite, ele e Manuela D\u2019\u00c1vila estariam num ato em S\u00e3o Paulo prontos para virarem a chapa de Lula. O novo parecer do escrit\u00f3rio das Na\u00e7\u00f5es Unidas jogou um balde de \u00e1gua fria.<\/p>\n<p>Queda de bra\u00e7o no PT II<br \/>\nOs sinais ontem eram os de que um grupo do partido ainda pretende jogar no sentido de manter a press\u00e3o para que o ministro Celso de Mello libere a candidatura, ainda que seja por liminar, at\u00e9 que o STF julgue o m\u00e9rito. Por\u00e9m, essa ala perde for\u00e7a diariamente. O PT n\u00e3o quer passar as pr\u00f3ximas semanas, cruciais da campanha, nessa novela, ainda mais depois que Haddad cresceu na pesquisa do Datafolha.<\/p>\n<p>O que eles temem<br \/>\nBastou o presidente Michel Temer passar a atacar os candidatos a presidente da Rep\u00fablica para que, em menos de uma semana, voltassem as not\u00edcias sobre pagamento de propina. Desta vez, com direito a \u00e1udios que o delator apresentou para mostrar que combinava hor\u00e1rios de pagamento com o coronel Lima, fiel aliado de Temer.<\/p>\n<p>Calend\u00e1rio<br \/>\nO prazo de 15 dias solicitado pela Pol\u00edcia Federal para conclus\u00e3o do inqu\u00e9rito em que o presidente<br \/>\n\u00e9 citado foi visto como mais um agravante para o candidato do MDB, Henrique Meirelles. \u00c9 que, embora o ex-ministro da Fazenda n\u00e3o tenha a ver com o caso, o partido segue na roda das not\u00edcias negativas.<\/p>\n<p>Sem boca livre I\/ As autoridades em Bras\u00edlia come\u00e7am a se adequar aos novos tempos de or\u00e7amentos mais modestos. Os convidados para o coquetel de comemora\u00e7\u00e3o da posse do presidente do Supremo Tribunal Federal, Dias Toffoli (foto), e do vice, Luiz Fux, ter\u00e3o de desembolsar R$ 250 por cabe\u00e7a.<\/p>\n<p>Sem boca livre II\/ A entrada ser\u00e1 mediante um c\u00f3digo fornecido ao convidado apenas depois do envio do comprovante de pagamento ao cerimonial. O mesmo sistema foi adotado para o jantar no dia da posse<br \/>\ndo presidente do Superior Tribunal de Justi\u00e7a, Jo\u00e3o Ot\u00e1vio de Noronha.<\/p>\n<p>Menos, general!\/ A turma mais ligada a Jair Bolsonaro n\u00e3o gostou de Hamilton Mour\u00e3o ter dito em alto e bom som, durante entrevista \u00e0 Globonews, que era a primeira op\u00e7\u00e3o de Jair Bolsonaro para a vaga de vice na chapa. Afinal, fez parecer que os movimentos anteriores n\u00e3o passaram de teatro. E n\u00e3o \u00e9 bom um candidato passar a imagem de que n\u00e3o<br \/>\n\u00e9 sincero em suas conversas pol\u00edticas.<\/p>\n<p>O adeus a Ubirajara Timm\/ Refer\u00eancia na aquicultura no pa\u00eds e respons\u00e1vel pela introdu\u00e7\u00e3o de trutas no Brasil, Ubirajara Timm dedicou a vida a transformar o setor pesqueiro num segmento mais profissional e moderno. Uma das frases preferidas dele, segundo amigos, era \u201ctend\u00eancia n\u00e3o \u00e9 destino\u201d.<br \/>\nO corpo ser\u00e1 velado hoje, das 8h \u00e0s 11h, na capela 10 do Campo da Esperan\u00e7a. De l\u00e1, seguir\u00e1 para o cremat\u00f3rio em Valpara\u00edso.<\/p>\n","protected":false},"excerpt":{"rendered":"<p>O movimento que geralmente ocorre a poucos dias da elei\u00e7\u00e3o, desta vez, parece mais acelerado e, pelo andar da carruagem, aponta para transformar Ciro Gomes (PDT) e Geraldo Alckmin (PSDB) em maiores apostas para as pr\u00f3ximas semanas. Em S\u00e3o Paulo \u2014 onde o Ibope mostrou Alckmin e Ciro em ascens\u00e3o, enquanto Jair Bolsonaro subiu apenas um ponto, de 22% para [&hellip;]<\/p>\n","protected":false},"author":29,"featured_media":0,"comment_status":"closed","ping_status":"closed","sticky":false,"template":"","format":"standard","meta":{"footnotes":""},"categories":[4],"tags":[],"class_list":["post-2536","post","type-post","status-publish","format-standard","hentry","category-coluna-brasilia-df"],"_links":{"self":[{"href":"https:\/\/blogs.correiobraziliense.com.br\/denise\/wp-json\/wp\/v2\/posts\/2536","targetHints":{"allow":["GET"]}}],"collection":[{"href":"https:\/\/blogs.correiobraziliense.com.br\/denise\/wp-json\/wp\/v2\/posts"}],"about":[{"href":"https:\/\/blogs.correiobraziliense.com.br\/denise\/wp-json\/wp\/v2\/types\/post"}],"author":[{"embeddable":true,"href":"https:\/\/blogs.correiobraziliense.com.br\/denise\/wp-json\/wp\/v2\/users\/29"}],"replies":[{"embeddable":true,"href":"https:\/\/blogs.correiobraziliense.com.br\/denise\/wp-json\/wp\/v2\/comments?post=2536"}],"version-history":[{"count":2,"href":"https:\/\/blogs.correiobraziliense.com.br\/denise\/wp-json\/wp\/v2\/posts\/2536\/revisions"}],"predecessor-version":[{"id":2538,"href":"https:\/\/blogs.correiobraziliense.com.br\/denise\/wp-json\/wp\/v2\/posts\/2536\/revisions\/2538"}],"wp:attachment":[{"href":"https:\/\/blogs.correiobraziliense.com.br\/denise\/wp-json\/wp\/v2\/media?parent=2536"}],"wp:term":[{"taxonomy":"category","embeddable":true,"href":"https:\/\/blogs.correiobraziliense.com.br\/denise\/wp-json\/wp\/v2\/categories?post=2536"},{"taxonomy":"post_tag","embeddable":true,"href":"https:\/\/blogs.correiobraziliense.com.br\/denise\/wp-json\/wp\/v2\/tags?post=2536"}],"curies":[{"name":"wp","href":"https:\/\/api.w.org\/{rel}","templated":true}]}}