{"id":2533,"date":"2018-09-07T05:00:23","date_gmt":"2018-09-07T08:00:23","guid":{"rendered":"https:\/\/blogs.correiobraziliense.com.br\/denise\/?p=2533"},"modified":"2018-09-07T16:42:00","modified_gmt":"2018-09-07T19:42:00","slug":"pf-evitou-outros-incidentes-ao-longo-da-campanha","status":"publish","type":"post","link":"https:\/\/blogs.correiobraziliense.com.br\/denise\/pf-evitou-outros-incidentes-ao-longo-da-campanha\/","title":{"rendered":"PF evitou outros incidentes  ao longo da campanha"},"content":{"rendered":"<p>H\u00e1 alguns dias, quando o candidato do PDT \u00e0 Presid\u00eancia da Rep\u00fablica, Ciro Gomes, fazia campanha, na feira central de Ceil\u00e2ndia, ao lado do governador-candidato, Rodrigo Rollemberg, a seguran\u00e7a retirou um sujeito, em atitude considerada suspeita,  que portava um fac\u00e3o e recolheu a arma. Em janeiro, o \u00f4nibus em que a comitiva do ex-presidente Lula viajava no Sul do pa\u00eds foi apedrejado. Agora, esse atentado a Jair Bolsonaro completa o c\u00edrculo e acende o sinal de alerta na Pol\u00edcia Federal. A avalia\u00e7\u00e3o da PF \u00e9 de que nenhum candidato est\u00e1 totalmente seguro.<\/p>\n<p>Aqueles que conversaram ontem com policiais garantem que algumas poss\u00edveis situa\u00e7\u00f5es de perigo para os candidatos, como a do sujeito com fac\u00e3o no dia de Ciro e Rollemberg na feira,  j\u00e1 foram evitados. Nunca se sabe onde um sujeito tomado pelo desequil\u00edbrio \u2014 por enquanto, \u00e9 assim que eles tratam esses casos \u2014 atacar\u00e1. A ordem \u00e9 refor\u00e7ar especialmente os servi\u00e7os de intelig\u00eancia.<\/p>\n<p>O representante<br \/>\nEnquanto Bolsonaro estiver fora de combate, quem o representar\u00e1 \u00e9 o candidato a vice, general Hamilton Mour\u00e3o, que, ontem, num primeiro momento, acusou o PT pelo atentado. Pelo visto, os \u00e2nimos v\u00e3o continuar acirrados.<\/p>\n<p>Vai sem ele<br \/>\nApoiadores de Jair Bolsonaro convocaram manifesta\u00e7\u00f5es em v\u00e1rias cidades para manter a campanha do candidato viva nas ruas. Ser\u00e1 a prova dos nove da mobiliza\u00e7\u00e3o sem a presen\u00e7a do deputado que lidera as pesquisas de inten\u00e7\u00e3o de voto.<\/p>\n<p>Pr\u00f3ximos cap\u00edtulos 1<br \/>\nAnalistas ontem eram un\u00e2nimes em afirmar que, depois do atentado, Jair Bolsonaro se manter\u00e1 na lideran\u00e7a e conquistar\u00e1 apoios. Mas, daqui a alguns dias, o fato de o candidato defender a libera\u00e7\u00e3o de armas de fogo e, em alguns casos, incitar a viol\u00eancia contra advers\u00e1rios, deve voltar \u00e0 baila.<\/p>\n<p>Pr\u00f3ximos cap\u00edtulos 2<br \/>\nNingu\u00e9m arrisca dizer quando Jair Bolsonaro voltar\u00e1 \u00e0 campanha. Mas seus apoiadores desejam algo bastante voltado \u00e0 religiosidade do povo brasileiro.<\/p>\n<p>E o PT, hein?<br \/>\nA decis\u00e3o do ministro Celso de Mello de negar a liminar liberando a candidatura de Lula n\u00e3o deixa outra op\u00e7\u00e3o ao partido, se n\u00e3o organizar a passagem do bast\u00e3o para Fernando Haddad. Apesar das resist\u00eancias, dever\u00e1 ser mesmo em 11 de setembro.<\/p>\n<p>Ficou para depois\/ O atentado a Jair Bolsonaro parou o Brasil. Pelo menos, no Pal\u00e1cio do Planalto. A reuni\u00e3o que tratava das medidas provis\u00f3rias para a cria\u00e7\u00e3o de fundos patrimoniais e a defini\u00e7\u00e3o do modelo de gest\u00e3o dos museus teve que ser suspensa. A ordem \u00e9 retomar ainda hoje, depois do desfile.<\/p>\n<p>\u00c9 para ontem 1\/ O ministro da Casa Civil, Eliseu Padilha, que presidia a reuni\u00e3o, foi chamado para o encontro em que o ministro da Seguran\u00e7a P\u00fablica, Raul Jungmann, fez um relato ao presidente a respeito da seguran\u00e7a dos candidatos e, juntos, decidiram refor\u00e7ar a atua\u00e7\u00e3o.<\/p>\n<p>Por falar em Temer&#8230;.\/O presidente pretende continuar a defesa do governo e os ataques a Geraldo Alckmin via v\u00eddeos no Twitter, como aqueles em que citou a participa\u00e7\u00e3o do PSDB no seu Minist\u00e9rio. Agora, entretanto, diante do atentado a Bolsonaro, vai baixar a bola.<\/p>\n<p>\u2026 est\u00e1 tudo meio nebuloso\/ O atentado tamb\u00e9m jogou em segundo plano as den\u00fancias de que o presidente teria recebido propina. As apostas da classe pol\u00edtica s\u00e3o as de que esse tema s\u00f3 volta \u00e0 baila com for\u00e7a em janeiro.<\/p>\n<p>Os hinos de cada um\/ O ministro da Justi\u00e7a, Torquato Jardim (foto), abriu as comemora\u00e7\u00f5es de 7 de setembro com uma exibi\u00e7\u00e3o da Orquestra Sinf\u00f4nica do Teatro Nacional (que continua fechado), no sagu\u00e3o do Minist\u00e9rio. Ao final, Torquato brincou: \u201cFicou faltando um quarto hino!\u201d O maestro Claudio Cohen fez aquela cara de quem n\u00e3o estava entendendo, e o ministro cantarolou a melodia que todo flamenguista canta com a m\u00e3o sobre o peito.<br \/>\n\u201cEu sou Fluminense!!!, retruca o maestro.<\/p>\n<p>Paz e democracia a todos neste 7 de Setembro<\/p>\n","protected":false},"excerpt":{"rendered":"<p>H\u00e1 alguns dias, quando o candidato do PDT \u00e0 Presid\u00eancia da Rep\u00fablica, Ciro Gomes, fazia campanha, na feira central de Ceil\u00e2ndia, ao lado do governador-candidato, Rodrigo Rollemberg, a seguran\u00e7a retirou um sujeito, em atitude considerada suspeita, que portava um fac\u00e3o e recolheu a arma. Em janeiro, o \u00f4nibus em que a comitiva do ex-presidente Lula viajava no Sul do pa\u00eds [&hellip;]<\/p>\n","protected":false},"author":29,"featured_media":0,"comment_status":"closed","ping_status":"closed","sticky":false,"template":"","format":"standard","meta":{"footnotes":""},"categories":[4],"tags":[],"class_list":["post-2533","post","type-post","status-publish","format-standard","hentry","category-coluna-brasilia-df"],"_links":{"self":[{"href":"https:\/\/blogs.correiobraziliense.com.br\/denise\/wp-json\/wp\/v2\/posts\/2533","targetHints":{"allow":["GET"]}}],"collection":[{"href":"https:\/\/blogs.correiobraziliense.com.br\/denise\/wp-json\/wp\/v2\/posts"}],"about":[{"href":"https:\/\/blogs.correiobraziliense.com.br\/denise\/wp-json\/wp\/v2\/types\/post"}],"author":[{"embeddable":true,"href":"https:\/\/blogs.correiobraziliense.com.br\/denise\/wp-json\/wp\/v2\/users\/29"}],"replies":[{"embeddable":true,"href":"https:\/\/blogs.correiobraziliense.com.br\/denise\/wp-json\/wp\/v2\/comments?post=2533"}],"version-history":[{"count":1,"href":"https:\/\/blogs.correiobraziliense.com.br\/denise\/wp-json\/wp\/v2\/posts\/2533\/revisions"}],"predecessor-version":[{"id":2534,"href":"https:\/\/blogs.correiobraziliense.com.br\/denise\/wp-json\/wp\/v2\/posts\/2533\/revisions\/2534"}],"wp:attachment":[{"href":"https:\/\/blogs.correiobraziliense.com.br\/denise\/wp-json\/wp\/v2\/media?parent=2533"}],"wp:term":[{"taxonomy":"category","embeddable":true,"href":"https:\/\/blogs.correiobraziliense.com.br\/denise\/wp-json\/wp\/v2\/categories?post=2533"},{"taxonomy":"post_tag","embeddable":true,"href":"https:\/\/blogs.correiobraziliense.com.br\/denise\/wp-json\/wp\/v2\/tags?post=2533"}],"curies":[{"name":"wp","href":"https:\/\/api.w.org\/{rel}","templated":true}]}}