{"id":2199,"date":"2018-06-14T05:43:59","date_gmt":"2018-06-14T08:43:59","guid":{"rendered":"https:\/\/blogs.correiobraziliense.com.br\/denise\/?p=2199"},"modified":"2018-06-14T01:46:13","modified_gmt":"2018-06-14T04:46:13","slug":"e-o-pragmatismo-impera","status":"publish","type":"post","link":"https:\/\/blogs.correiobraziliense.com.br\/denise\/e-o-pragmatismo-impera\/","title":{"rendered":"E o pragmatismo impera"},"content":{"rendered":"<p>Bras\u00edlia-DF<br \/>\npor Denise Rothenburg  \u00bb deniserothenburg.df@dabr.com.br <\/p>\n<p>A contar pelo que dizem os l\u00edderes partid\u00e1rios da oposi\u00e7\u00e3o, o MDB ter\u00e1 dificuldades em se livrar do papel de respons\u00e1vel pelo governo Michel Temer ao longo da campanha eleitoral. \u00c9 que, em todos os ensaios pr\u00e9-eleitorais, os advers\u00e1rios do governo avisam que a proximidade de alguns com o Planalto ser\u00e1 explorada. Em Pernambuco, por exemplo, o PSB j\u00e1 tem tudo engatilhado para mostrar que o MDB, o DEM e o PTB apoiaram o governo Temer.<\/p>\n<p>O presidente Michel Temer sabe que ser\u00e1 assim e tem plena certeza de que as den\u00fancias ser\u00e3o exploradas. Ele tem dito a amigos que nunca passou por tantos dissabores em sua carreira pol\u00edtica. \u201cTrabalhei a minha vida inteira, n\u00e3o mere\u00e7o isso\u201d, diz, em desabafo com amigos em rela\u00e7\u00e3o \u00e0s den\u00fancias envolvendo seus familiares. Ningu\u00e9m, entretanto, teve coragem de dizer diretamente a ele que negocie um cargo de embaixador para tentar ter algum sossego quando deixar a Presid\u00eancia da Rep\u00fablica. Esse tema ser\u00e1 tratado mais \u00e0 frente, quando chegar a hora. Se tem algo que o MDB n\u00e3o perdeu foi o pragmatismo.<\/p>\n<p>A inclina\u00e7\u00e3o \u00e9 pr\u00f3-Ciro<\/p>\n<p>Os socialistas que assistiram a entrevista do l\u00edder do PSB na C\u00e2mara, Tadeu Alencar, ao programa CB.Poder ontem n\u00e3o tiveram d\u00favidas de que a inclina\u00e7\u00e3o do partido hoje \u00e9 Ciro Gomes, do PDT. Ciro j\u00e1 foi do PSB e n\u00e3o abandonou os governos estaduais do PSB. A Rede, de Marina Silva, largou tanto Rodrigo Rollemberg, no DF, quanto Paulo C\u00e2mara, em Pernambuco. E o PT, bem, se acha o caudat\u00e1rio da centro-esquerda e quer que o PSB assine um cheque em branco, uma vez que Lula ter\u00e1 dificuldades em ser candidato. Logo, Ciro est\u00e1 com mais for\u00e7a.<\/p>\n<p>O vice de Doria<\/p>\n<p>O l\u00edder do DEM na C\u00e2mara, Rodrigo Garcia, era saudado ontem na C\u00e2mara como o candidato a vice-governador na chapa de Jo\u00e3o Doria ao governo de S\u00e3o Paulo. Ex-secret\u00e1rio do governo Geraldo Alckmin, Garcia jogar\u00e1 para levar seu partido a uma alian\u00e7a com o PSDB.<\/p>\n<p>Sensa\u00e7\u00f5es<\/p>\n<p>A amigos, Geraldo Alckmin tem dito que sentiu uma certa frieza do prefeito ACM Neto durante a recente visita a Salvador. H\u00e1 quem diga que ACM Neto jogar\u00e1 contra a alian\u00e7a com os tucanos, para livrar o partido da pecha de ap\u00eandice do PSDB.<\/p>\n<p>A bandeira que resta<\/p>\n<p>Quem acompanha o dia a dia da economia acredita que a situa\u00e7\u00e3o vai ficar no mesmo patamar de hoje at\u00e9 o fim do ano, ou seja, sem o espet\u00e1culo do crescimento, mas sem uma derrocada geral. Isso porque a infla\u00e7\u00e3o est\u00e1 baixa. Ali\u00e1s, a infla\u00e7\u00e3o baixa \u00e9 vista hoje como o grande feito do governo de Michel Temer. <\/p>\n<p>Enquanto isso, na C\u00e2mara&#8230;\/ Os petistas aproveitaram a sess\u00e3o de ontem, com vota\u00e7\u00f5es na C\u00e2mara, para puxar um debate sobre as reclama\u00e7\u00f5es do advogado Rodrigo Tacla Duran em rela\u00e7\u00e3o \u00e0 exist\u00eancia de uma ind\u00fastria das dela\u00e7\u00f5es premiadas. Sil\u00eancio sepulcral nos outros partidos.<\/p>\n<p>Olho vivo\/ O senador Ivo Cassol quer levar o projeto antitabagista de Jos\u00e9 Serra para discuss\u00e3o na Comiss\u00e3o de Agricultura. O pedido \u00e9 visto como uma manobra a fim de adiar indefinidamente a vota\u00e7\u00e3o. Os tucanos est\u00e3o de olho.<\/p>\n<p>Recesso amea\u00e7ado\/ Com os parlamentares hoje mais ligados na elei\u00e7\u00e3o do que na Copa e no dia a dia da C\u00e2mara, o governo n\u00e3o conseguiu mobilizar a base para votar o relat\u00f3rio preliminar da Lei de Diretrizes Or\u00e7ament\u00e1rias (LDO), a \u00fanica que impede o recesso parlamentar. Isso, por\u00e9m, n\u00e3o ser\u00e1 empecilho para os congressistas. Eles ficam no recesso branco sem o menor constrangimento.<\/p>\n<p>Aeroporto, por favor\/ O presidente do Senado, Eun\u00edcio Oliveira (foto), marcou a sess\u00e3o extraordin\u00e1ria de ontem para as 13h. Todas as vezes que ele faz isso, os senadores j\u00e1 sabem. \u00c9 a senha para avisar que o expediente terminar\u00e1 mais cedo. <\/p>\n","protected":false},"excerpt":{"rendered":"<p>Bras\u00edlia-DF por Denise Rothenburg \u00bb deniserothenburg.df@dabr.com.br A contar pelo que dizem os l\u00edderes partid\u00e1rios da oposi\u00e7\u00e3o, o MDB ter\u00e1 dificuldades em se livrar do papel de respons\u00e1vel pelo governo Michel Temer ao longo da campanha eleitoral. \u00c9 que, em todos os ensaios pr\u00e9-eleitorais, os advers\u00e1rios do governo avisam que a proximidade de alguns com o Planalto ser\u00e1 explorada. Em Pernambuco, [&hellip;]<\/p>\n","protected":false},"author":29,"featured_media":0,"comment_status":"closed","ping_status":"closed","sticky":false,"template":"","format":"standard","meta":{"footnotes":""},"categories":[4],"tags":[],"class_list":["post-2199","post","type-post","status-publish","format-standard","hentry","category-coluna-brasilia-df"],"_links":{"self":[{"href":"https:\/\/blogs.correiobraziliense.com.br\/denise\/wp-json\/wp\/v2\/posts\/2199","targetHints":{"allow":["GET"]}}],"collection":[{"href":"https:\/\/blogs.correiobraziliense.com.br\/denise\/wp-json\/wp\/v2\/posts"}],"about":[{"href":"https:\/\/blogs.correiobraziliense.com.br\/denise\/wp-json\/wp\/v2\/types\/post"}],"author":[{"embeddable":true,"href":"https:\/\/blogs.correiobraziliense.com.br\/denise\/wp-json\/wp\/v2\/users\/29"}],"replies":[{"embeddable":true,"href":"https:\/\/blogs.correiobraziliense.com.br\/denise\/wp-json\/wp\/v2\/comments?post=2199"}],"version-history":[{"count":1,"href":"https:\/\/blogs.correiobraziliense.com.br\/denise\/wp-json\/wp\/v2\/posts\/2199\/revisions"}],"predecessor-version":[{"id":2200,"href":"https:\/\/blogs.correiobraziliense.com.br\/denise\/wp-json\/wp\/v2\/posts\/2199\/revisions\/2200"}],"wp:attachment":[{"href":"https:\/\/blogs.correiobraziliense.com.br\/denise\/wp-json\/wp\/v2\/media?parent=2199"}],"wp:term":[{"taxonomy":"category","embeddable":true,"href":"https:\/\/blogs.correiobraziliense.com.br\/denise\/wp-json\/wp\/v2\/categories?post=2199"},{"taxonomy":"post_tag","embeddable":true,"href":"https:\/\/blogs.correiobraziliense.com.br\/denise\/wp-json\/wp\/v2\/tags?post=2199"}],"curies":[{"name":"wp","href":"https:\/\/api.w.org\/{rel}","templated":true}]}}