{"id":2181,"date":"2018-05-19T09:37:07","date_gmt":"2018-05-19T12:37:07","guid":{"rendered":"https:\/\/blogs.correiobraziliense.com.br\/denise\/?p=2181"},"modified":"2018-05-19T09:37:07","modified_gmt":"2018-05-19T12:37:07","slug":"o-que-eles-pensam","status":"publish","type":"post","link":"https:\/\/blogs.correiobraziliense.com.br\/denise\/o-que-eles-pensam\/","title":{"rendered":"O que eles pensam"},"content":{"rendered":"<p>As declara\u00e7\u00f5es do presidente Michel Temer defendendo um candidato \u00fanico de centro levou todos os partidos desse naipe a tra\u00e7arem projetos de afunilamento. Em todas as conversas, uma certeza: o presidente da C\u00e2mara dos Deputados, Rodrigo Maia (DEM), est\u00e1 fora da lista. At\u00e9 entre os partidos que est\u00e3o com Rodrigo h\u00e1 a certeza de que deputado deseja mesmo \u00e9 ser presidente da C\u00e2mara. O pr\u00f3prio Temer, haja vista a impopularidade gritante do governo, tamb\u00e9m n\u00e3o empolga. Portanto, continuam no jogo o ex-governador Geraldo Alckmin, o ex-ministro da Fazenda Henrique Meirelles e o senador \u00c1lvaro Dias. Nesta ordem.<br \/>\n\u00bb \u00bb \u00bb<br \/>\nEm tempo: Josu\u00e9 Alencar, filho do ex-vice-presidente Jos\u00e9 Alencar, \u00e9 visto como mais um cap\u00edtulo, como j\u00e1 houve o de Luciano Huck e de Joaquim Barbosa.<\/p>\n<p>Deu ruim I<br \/>\nO fato de Maristela Temer, filha do presidente Michel Temer, dizer que n\u00e3o guardou recibos nem se lembra dos prestadores de servi\u00e7os da reforma de sua casa deixou alguns emedebistas de cabelo em p\u00e9. Afinal, agora, o Minist\u00e9rio P\u00fablico ter\u00e1 uma avenida para solicitar, inclusive, a quebra de sigilo da filha do presidente.<\/p>\n<p>Deu ruim II<br \/>\nNos bastidores, os emedebistas n\u00e3o escondem a f\u00faria. Afinal, consideram que o presidente est\u00e1 sob investiga\u00e7\u00e3o, embora a C\u00e2mara dos Deputados n\u00e3o tenha autorizado. Se vierem a pedir a quebra de sigilo de Maristela, para investiga\u00e7\u00e3o dentro do inqu\u00e9rito dos portos e suposta lavagem de dinheiro, vai virar uma guerra.<\/p>\n<p>\u201cZ\u00e9 Dirceu preso e Paulo Preto solto. N\u00e3o<br \/>\nd\u00e1 para entender a Justi\u00e7a no nosso pa\u00eds\u201d<\/p>\n<p>Humberto Costa (PT-PE), senador, ao comentar a volta do ex-ministro \u00e0 Papuda.<\/p>\n<p>Uma coisa e outra coisa<br \/>\nSecret\u00e1rio-geral do PSB, o ex-governador Renato Casagrande considera que n\u00e3o d\u00e1 para o PT, do governador de Minas Gerais, Fernando Pimentel, contar com o apoio autom\u00e1tico dos socialistas no caso de M\u00e1rcio Lacerda ser candidato a vice na chapa de Ciro Gomes. \u201cN\u00e3o tem nada a ver uma coisa com a outra. Quem ter\u00e1 o apoio do PSB em Minas \u00e9 algo que a dire\u00e7\u00e3o do partido, l\u00e1 em Minas, discutir\u00e1 no momento certo\u201d, diz Casagrande.<\/p>\n<p>Temporada de semin\u00e1rios I\/ O Correio Braziliense promove na pr\u00f3xima quinta-feira, 24, mais um CB.Debate. Desta vez, sobre not\u00edcias falsas (fake news). Agora, vem c\u00e1: se \u00e9 falso, n\u00e3o pode ser chamado de not\u00edcia, \u00e9 mentira mesmo.<\/p>\n<p>Temporada de semin\u00e1rios II\/ Na sede do Instituto Brasiliense de Direito P\u00fablico (IDP) nesta segunda-feira, 21, ser\u00e1 a vez do semin\u00e1rio internacional \u201cA prote\u00e7\u00e3o do consumidor no mercado financeiro\u201d, realizado pelo pr\u00f3prio IDP em parceria com a Universidade Humboldt de Berlim, na Alemanha, e apoiado pela Rede de Direito Civil Contempor\u00e2neo. A organiza\u00e7\u00e3o est\u00e1 a cargo das professoras Laura Schertel Mendes e Karina Nunes Fritz.<\/p>\n<p>Temporada de semin\u00e1rios III\/ Na quinta-feira, o mesmo IDP abre o 8\u00ba Semin\u00e1rio Internacional de Direito Administrativo e Seguran\u00e7a P\u00fablica, com abertura a cargo do ministro da Seguran\u00e7a P\u00fablica, Raul Jungmann (foto), e do ministro do Supremo Tribunal Federal Gilmar Mendes.<\/p>\n<p>Enquanto isso, na Papuda&#8230; \/ Se brincar, a cela 4, onde est\u00e1 Jos\u00e9 Dirceu, vira um miniplen\u00e1rio. Luiz Estev\u00e3o j\u00e1 foi senador; Celso Jacob (PMDB-RJ) e Jo\u00e3o Rodrigues (PSD-SC) s\u00e3o deputados. Havia pouco tempo, uma cela com esses personagens presos por corrup\u00e7\u00e3o ou irregularidades era restrita ao imagin\u00e1rio popular. Outras est\u00e3o perto de serem ocupadas.<\/p>\n","protected":false},"excerpt":{"rendered":"<p>As declara\u00e7\u00f5es do presidente Michel Temer defendendo um candidato \u00fanico de centro levou todos os partidos desse naipe a tra\u00e7arem projetos de afunilamento. Em todas as conversas, uma certeza: o presidente da C\u00e2mara dos Deputados, Rodrigo Maia (DEM), est\u00e1 fora da lista. At\u00e9 entre os partidos que est\u00e3o com Rodrigo h\u00e1 a certeza de que deputado deseja mesmo \u00e9 ser [&hellip;]<\/p>\n","protected":false},"author":29,"featured_media":0,"comment_status":"closed","ping_status":"closed","sticky":false,"template":"","format":"standard","meta":{"footnotes":""},"categories":[4],"tags":[],"class_list":["post-2181","post","type-post","status-publish","format-standard","hentry","category-coluna-brasilia-df"],"_links":{"self":[{"href":"https:\/\/blogs.correiobraziliense.com.br\/denise\/wp-json\/wp\/v2\/posts\/2181","targetHints":{"allow":["GET"]}}],"collection":[{"href":"https:\/\/blogs.correiobraziliense.com.br\/denise\/wp-json\/wp\/v2\/posts"}],"about":[{"href":"https:\/\/blogs.correiobraziliense.com.br\/denise\/wp-json\/wp\/v2\/types\/post"}],"author":[{"embeddable":true,"href":"https:\/\/blogs.correiobraziliense.com.br\/denise\/wp-json\/wp\/v2\/users\/29"}],"replies":[{"embeddable":true,"href":"https:\/\/blogs.correiobraziliense.com.br\/denise\/wp-json\/wp\/v2\/comments?post=2181"}],"version-history":[{"count":1,"href":"https:\/\/blogs.correiobraziliense.com.br\/denise\/wp-json\/wp\/v2\/posts\/2181\/revisions"}],"predecessor-version":[{"id":2182,"href":"https:\/\/blogs.correiobraziliense.com.br\/denise\/wp-json\/wp\/v2\/posts\/2181\/revisions\/2182"}],"wp:attachment":[{"href":"https:\/\/blogs.correiobraziliense.com.br\/denise\/wp-json\/wp\/v2\/media?parent=2181"}],"wp:term":[{"taxonomy":"category","embeddable":true,"href":"https:\/\/blogs.correiobraziliense.com.br\/denise\/wp-json\/wp\/v2\/categories?post=2181"},{"taxonomy":"post_tag","embeddable":true,"href":"https:\/\/blogs.correiobraziliense.com.br\/denise\/wp-json\/wp\/v2\/tags?post=2181"}],"curies":[{"name":"wp","href":"https:\/\/api.w.org\/{rel}","templated":true}]}}