{"id":2177,"date":"2018-05-17T05:20:51","date_gmt":"2018-05-17T08:20:51","guid":{"rendered":"https:\/\/blogs.correiobraziliense.com.br\/denise\/?p=2177"},"modified":"2018-05-17T10:23:24","modified_gmt":"2018-05-17T13:23:24","slug":"se-nao-fosse-eu-poderiam-estar-com-ciro","status":"publish","type":"post","link":"https:\/\/blogs.correiobraziliense.com.br\/denise\/se-nao-fosse-eu-poderiam-estar-com-ciro\/","title":{"rendered":"\u201cSe n\u00e3o fosse eu, poderiam estar com Ciro\u201d"},"content":{"rendered":"<p>Foi nessa linha que se deu o almo\u00e7o \u201cvamos baixar a poeira\u201d oferecido pelo presidente da C\u00e2mara, Rodrigo Maia (DEM-RJ), \u00e0 bancada do PSDB. O encontro foi pensado para que ele explicasse aos tucanos a entrevista em que disse com todas as letras que era chegada a hora de acabar com o casamento entre os dois partidos. \u201cN\u00e3o tenho nada contra o PSDB, mas preciso manter os que me apoiam\u201d comentou ele, citando textualmente o risco de o grupo formado por PP e Solidariedade se aproximar do PDT de Ciro Gomes. \u201cTeremos um candidato de centro, seja eu, seja Alckmin, seja \u00c1lvaro Dias ou algum outro nome de centro.\u201d<\/p>\n<p>Em tempo: Os partidos que est\u00e3o hoje ligados a Rodrigo Maia t\u00eam um plano pragm\u00e1tico, conforme antecipado por esta coluna em mar\u00e7o: ocupar o espa\u00e7o que o MDB ocupa hoje no espectro pol\u00edtico, ou seja, indispens\u00e1vel a qualquer governo. \u00c9 nisso que eles apostar\u00e3o. E pela conversa de Rodrigo, ficou claro que a ideia \u00e9 segurar a turma para apoiar algu\u00e9m do centro que se mostrar mais vi\u00e1vel. E, dada as pesquisas, esse personagem ainda n\u00e3o apareceu. Portanto, todos continuar\u00e3o na pista at\u00e9 julho.<\/p>\n<p>Onde mora o perigo<br \/>\nA nova den\u00fancia do Minist\u00e9rio P\u00fablico contra o dono da JBS, Joesley Batista, o ex-procurador \u00c2ngelo Goulart, o presidente da OAB-DF, Juliano Costa Couto e outras tr\u00eas pessoas vai muito al\u00e9m das dela\u00e7\u00f5es. Quem teve acesso aos autos avalia que vai ser dif\u00edcil convencer os ju\u00edzes de que tudo n\u00e3o passa de \u201cpersegui\u00e7\u00e3o\u201d do MP.<\/p>\n<p>As redes hoje e amanh\u00e3<br \/>\nEm entrevista ao programa CB.Poder, o cientista pol\u00edtico Murilo de Arag\u00e3o, da Arko Advice, lembrou que as redes sociais neste momento s\u00e3o fortes instrumentos para constru\u00e7\u00e3o de candidatos e organiza\u00e7\u00e3o da largada. Quando come\u00e7ar a campanha, entretanto, v\u00e3o mudar de fun\u00e7\u00e3o: ser\u00e3o usadas para desconstruir. Valha-me, Deus!<\/p>\n<p>Muito al\u00e9m do triplex<br \/>\nOk, os advogados dizem que Lula n\u00e3o poderia ser preso por causa do apartamento no Guaruj\u00e1, porque desistiu do neg\u00f3cio quando o im\u00f3vel ainda estava em constru\u00e7\u00e3o. Por\u00e9m, em rela\u00e7\u00e3o ao s\u00edtio, dizem os procuradores, surge a cada dia uma novidade. A adega de Lula foi entregue pela transportadora Granero em 13\/06\/2012, conforme nota divulgada pela pr\u00f3pria empresa em 2016. Agora, ainda v\u00eam planilhas da Odebrecht sobre reformas no im\u00f3vel. H\u00e1 quem diga que vai ser dif\u00edcil encontrar uma explica\u00e7\u00e3o plaus\u00edvel para rebater a propriedade.<\/p>\n<p>Que venha o recesso!<br \/>\nOs pr\u00f3prios deputados alertavam ontem que, em ano eleitoral, quanto mais tempo a Casa funciona, mais o er\u00e1rio paga a conta. No disse-me-disse do plen\u00e1rio, contabilizava-se 800 munic\u00edpios a serem criados no futuro pr\u00f3ximo, dentro das novas regras de emancipa\u00e7\u00e3o. Haja dinheiro para sustentar novas prefeituras, c\u00e2maras de vereadores e toda uma gama de servidores municipais que v\u00eam no rastro dos povoados emancipados.<\/p>\n<p>Que servicinho, hein?\/ Clientes de um badalado restaurante na 402 Sul passaram maus bocados ontem, por causa da barulheira de m\u00e1quinas que faziam uma vala atr\u00e1s do estabelecimento para passagem de fia\u00e7\u00e3o. Qual n\u00e3o foi a surpresa quando, de repente, um estrondo e \u00e1gua jorrando. As m\u00e1quinas atingiram uma adutora. Cobra a\u00ed, GDF!<\/p>\n<p>Obrigado, CIA!\/ Deputados da esquerda, como Chico Alencar (Psol), brincavam esta semana que, se os novos documentos da ditadura militar terminarem por reduzir as chances da extrema direita na campanha, leia-se de Jair Bolsonaro, eles ter\u00e3o que agradecer \u00e0 ag\u00eancia americana. Quem diria\u2026<\/p>\n<p>Deu ruim\/ Se o senador \u00c1lvaro Dias (foto) espera obter algum apoio de dissidentes do PSDB insatisfeitos com Geraldo Alckmin, \u00e9 bom parar de dizer que o seu ex-partido representa tudo o que ele n\u00e3o quer. Quem entende das coisas considera que o momento de conversas, daqui e dali, exige cautela.<\/p>\n<p>Enquanto isso, nas oposi\u00e7\u00f5es&#8230;\/ Pr\u00e9-candidato do Solidariedade a presidente da Rep\u00fablica, o ex-ministro e ex-deputado Aldo Rebelo \u00e9 direto quando lhe perguntam sobre uni\u00e3o das esquerdas: \u201cS\u00f3 depois da Copa. O povo n\u00e3o quer nem saber de Copa do Mundo, que j\u00e1 est\u00e1 em cima, quem dir\u00e1 de elei\u00e7\u00e3o\u201d.<\/p>\n","protected":false},"excerpt":{"rendered":"<p>Foi nessa linha que se deu o almo\u00e7o \u201cvamos baixar a poeira\u201d oferecido pelo presidente da C\u00e2mara, Rodrigo Maia (DEM-RJ), \u00e0 bancada do PSDB. O encontro foi pensado para que ele explicasse aos tucanos a entrevista em que disse com todas as letras que era chegada a hora de acabar com o casamento entre os dois partidos. \u201cN\u00e3o tenho nada [&hellip;]<\/p>\n","protected":false},"author":29,"featured_media":0,"comment_status":"closed","ping_status":"closed","sticky":false,"template":"","format":"standard","meta":{"footnotes":""},"categories":[4],"tags":[],"class_list":["post-2177","post","type-post","status-publish","format-standard","hentry","category-coluna-brasilia-df"],"_links":{"self":[{"href":"https:\/\/blogs.correiobraziliense.com.br\/denise\/wp-json\/wp\/v2\/posts\/2177","targetHints":{"allow":["GET"]}}],"collection":[{"href":"https:\/\/blogs.correiobraziliense.com.br\/denise\/wp-json\/wp\/v2\/posts"}],"about":[{"href":"https:\/\/blogs.correiobraziliense.com.br\/denise\/wp-json\/wp\/v2\/types\/post"}],"author":[{"embeddable":true,"href":"https:\/\/blogs.correiobraziliense.com.br\/denise\/wp-json\/wp\/v2\/users\/29"}],"replies":[{"embeddable":true,"href":"https:\/\/blogs.correiobraziliense.com.br\/denise\/wp-json\/wp\/v2\/comments?post=2177"}],"version-history":[{"count":1,"href":"https:\/\/blogs.correiobraziliense.com.br\/denise\/wp-json\/wp\/v2\/posts\/2177\/revisions"}],"predecessor-version":[{"id":2178,"href":"https:\/\/blogs.correiobraziliense.com.br\/denise\/wp-json\/wp\/v2\/posts\/2177\/revisions\/2178"}],"wp:attachment":[{"href":"https:\/\/blogs.correiobraziliense.com.br\/denise\/wp-json\/wp\/v2\/media?parent=2177"}],"wp:term":[{"taxonomy":"category","embeddable":true,"href":"https:\/\/blogs.correiobraziliense.com.br\/denise\/wp-json\/wp\/v2\/categories?post=2177"},{"taxonomy":"post_tag","embeddable":true,"href":"https:\/\/blogs.correiobraziliense.com.br\/denise\/wp-json\/wp\/v2\/tags?post=2177"}],"curies":[{"name":"wp","href":"https:\/\/api.w.org\/{rel}","templated":true}]}}