{"id":2174,"date":"2018-05-16T02:53:10","date_gmt":"2018-05-16T05:53:10","guid":{"rendered":"https:\/\/blogs.correiobraziliense.com.br\/denise\/?p=2174"},"modified":"2018-05-16T11:55:16","modified_gmt":"2018-05-16T14:55:16","slug":"haja-remedio-para-dormir","status":"publish","type":"post","link":"https:\/\/blogs.correiobraziliense.com.br\/denise\/haja-remedio-para-dormir\/","title":{"rendered":"Haja rem\u00e9dio para dormir"},"content":{"rendered":"<p>O voto do decano Celso de Mello e o do relator Edson Fachin na 2\u00aa Turma pela rejei\u00e7\u00e3o dos pedidos preliminares da defesa de Nelson Meurer (PP-PR) serviram de ant\u00eddoto \u00e0s esperan\u00e7as de absolvi\u00e7\u00e3o. E mais: quem est\u00e1 na fila para ser julgado no STF comentava ontem que vai mesmo ser candidato. Afinal, no Supremo, os casos ainda demoram. E, na primeira inst\u00e2ncia, tudo corre bem mais r\u00e1pido.<\/p>\n<p>Para completar, com tantos deputados denunciados, ningu\u00e9m tem hoje prazo para julgamento daqueles denunciados no Conselho de \u00c9tica. Todos, inclusive L\u00facio Vieira Lima, irm\u00e3o do ex-ministro Geddel, jogam com o tempo e apostam na reelei\u00e7\u00e3o.<\/p>\n<p>Tem caro\u00e7o nesse angu<br \/>\nQuem investigou as not\u00edcias de que o ex-diretor da Dersa Paulo Preto n\u00e3o aguentaria a pris\u00e3o encontrou ind\u00edcios de que fazem parte de um esquema de chantagem que teria como alvo os pol\u00edticos. Algo como um trabalho da m\u00e1fia.<\/p>\n<p>E o Meirelles, hein?<br \/>\nPronto. O ex-ministro da Fazenda Henrique Meirelles aproveita o embalo da alta do d\u00f3lar para ver se consegue levar a popula\u00e7\u00e3o a pensar melhor antes de optar pelos extremos da pol\u00edtica na hora de escolher o candidato a presidente da Rep\u00fablica. Ao comentar as pesquisas, diz com todas as letras que o mercado v\u00ea com desconfian\u00e7a Marina Silva, Ciro Gomes e Jair Bolsonaro.<\/p>\n<p>Alckmin entre<br \/>\na cruz e a espada<br \/>\nSe Geraldo Alckmin quiser melhorar sua performance em S\u00e3o Paulo, ter\u00e1 que ter \u201caquela conversa\u201d, \u201colho no olho\u201d, com Jo\u00e3o D\u00f3ria (PSDB) e o governador M\u00e1rcio Fran\u00e7a, ambos pr\u00e9-candidatos ao governo estadual. D\u00f3ria est\u00e1 cuidando da pr\u00f3pria campanha e nem \u201ctchum\u201d para Alckmin. Fran\u00e7a est\u00e1 tratando de se tornar conhecido com a\u00e7\u00f5es do pr\u00f3prio governo e n\u00e3o discursos que recordem o padrinho.<\/p>\n<p>Se foi para desfazer&#8230;<br \/>\n\u2026 por que \u00e9 que fez? A rela\u00e7\u00e3o com o DEM deu uma estremecida depois da \u00faltima entrevista do presidente da C\u00e2mara, Rodrigo Maia (DEM-RJ). H\u00e1 alguns dias, houve um pr\u00e9-acordo entre eles. Dias depois, vem a entrevista em que o demista diz que chegou a hora de terminar o casamento com os tucanos.<\/p>\n<p>Deu ruim\/ Muitos pol\u00edticos ficaram com um p\u00e9 atr\u00e1s nessa hist\u00f3ria de crowdfunding, a tal vaquinha das campanhas eleitorais, que pode ser feita via empresas cadastradas no TSE. \u00c9 que essas empresas, no papel de operadoras, levam um percentual. Sabe como \u00e9, no Congresso, quando se fala em percentual, o bicho pega.<\/p>\n<p>Filho sem pai I\/ Quando uma a\u00e7\u00e3o d\u00e1 errado, todo mundo faz cara de paisagem, do tipo \u201cn\u00e3o tenho nada com isso\u201d. Pois foi bem assim com a pol\u00eamica em torno do slogan para marcar os dois anos do governo Michel Temer \u2014 \u201cO Brasil voltou, 20 anos em 2\u201d. Virou um jogo de empurra sobre a paternidade da ideia.<\/p>\n<p>Filho sem pai II\/ Nos bastidores da solenidade, autoridades criticavam Elsinho Mouco, como o autor da frase. Outros pol\u00edticos, entretanto, colocaram a frase \u201cO Brasil voltou\u201d (sem o complemento que gerou a confus\u00e3o) ao publicit\u00e1rio Nizan Guanaes, que nem em Bras\u00edlia estava. Nizan est\u00e1 no Caribe, onde comemorou seu anivers\u00e1rio de 60 anos ao lado da fam\u00edlia. Sobrou mesmo para Elsinho.<\/p>\n<p>Faltou coisa\/ Michel Temer falou por mais de uma hora na solenidade em que fez um balan\u00e7o de sua gest\u00e3o. Ao final, o ex-ministro do Desenvolvimento Social, Osmar Terra (foto), alertou: \u201cO Michel n\u00e3o mencionou o aumento da capacidade do poder de compra do Bolsa Fam\u00edlia, que foi o maior da hist\u00f3ria nesse per\u00edodo\u201d.<\/p>\n","protected":false},"excerpt":{"rendered":"<p>O voto do decano Celso de Mello e o do relator Edson Fachin na 2\u00aa Turma pela rejei\u00e7\u00e3o dos pedidos preliminares da defesa de Nelson Meurer (PP-PR) serviram de ant\u00eddoto \u00e0s esperan\u00e7as de absolvi\u00e7\u00e3o. E mais: quem est\u00e1 na fila para ser julgado no STF comentava ontem que vai mesmo ser candidato. Afinal, no Supremo, os casos ainda demoram. E, [&hellip;]<\/p>\n","protected":false},"author":29,"featured_media":0,"comment_status":"closed","ping_status":"closed","sticky":false,"template":"","format":"standard","meta":{"footnotes":""},"categories":[4],"tags":[],"class_list":["post-2174","post","type-post","status-publish","format-standard","hentry","category-coluna-brasilia-df"],"_links":{"self":[{"href":"https:\/\/blogs.correiobraziliense.com.br\/denise\/wp-json\/wp\/v2\/posts\/2174","targetHints":{"allow":["GET"]}}],"collection":[{"href":"https:\/\/blogs.correiobraziliense.com.br\/denise\/wp-json\/wp\/v2\/posts"}],"about":[{"href":"https:\/\/blogs.correiobraziliense.com.br\/denise\/wp-json\/wp\/v2\/types\/post"}],"author":[{"embeddable":true,"href":"https:\/\/blogs.correiobraziliense.com.br\/denise\/wp-json\/wp\/v2\/users\/29"}],"replies":[{"embeddable":true,"href":"https:\/\/blogs.correiobraziliense.com.br\/denise\/wp-json\/wp\/v2\/comments?post=2174"}],"version-history":[{"count":1,"href":"https:\/\/blogs.correiobraziliense.com.br\/denise\/wp-json\/wp\/v2\/posts\/2174\/revisions"}],"predecessor-version":[{"id":2175,"href":"https:\/\/blogs.correiobraziliense.com.br\/denise\/wp-json\/wp\/v2\/posts\/2174\/revisions\/2175"}],"wp:attachment":[{"href":"https:\/\/blogs.correiobraziliense.com.br\/denise\/wp-json\/wp\/v2\/media?parent=2174"}],"wp:term":[{"taxonomy":"category","embeddable":true,"href":"https:\/\/blogs.correiobraziliense.com.br\/denise\/wp-json\/wp\/v2\/categories?post=2174"},{"taxonomy":"post_tag","embeddable":true,"href":"https:\/\/blogs.correiobraziliense.com.br\/denise\/wp-json\/wp\/v2\/tags?post=2174"}],"curies":[{"name":"wp","href":"https:\/\/api.w.org\/{rel}","templated":true}]}}