{"id":2170,"date":"2018-05-13T05:32:37","date_gmt":"2018-05-13T08:32:37","guid":{"rendered":"https:\/\/blogs.correiobraziliense.com.br\/denise\/?p=2170"},"modified":"2018-05-13T09:35:38","modified_gmt":"2018-05-13T12:35:38","slug":"tortura-na-esplanada","status":"publish","type":"post","link":"https:\/\/blogs.correiobraziliense.com.br\/denise\/tortura-na-esplanada\/","title":{"rendered":"Tortura na Esplanada"},"content":{"rendered":"<p>Relatos de tortura em plena Esplanada dos Minist\u00e9rios constam em depoimentos colhidos pela Comiss\u00e3o Mem\u00f3ria Verdade do Sindicato dos Jornalistas do Distrito Federal, em 2013. Alexandre Ribondi, jornalista e diretor de teatro, e outros contaram que a garagem do Minist\u00e9rio do Ex\u00e9rcito era usada como sala de torturas, e ainda havia outro local no Minist\u00e9rio da Marinha. \u201cEu ouvia o sino\u201d, disse ele \u00e0 comiss\u00e3o, referindo-se ao sino que at\u00e9 hoje est\u00e1 na frente do Minist\u00e9rio da Marinha. Armando Rollemberg, que, em 1973, era da revista Veja, contou \u00e0 comiss\u00e3o que ficou preso por mais de sete horas na garagem do Minist\u00e9rio do Ex\u00e9rcito, onde ouviu gritos de pessoas submetidas a sess\u00f5es de tortura.<\/p>\n<p>\u201cOs relatos que colhemos apontaram dois centros de tortura na Esplanada, um no Minist\u00e9rio do Ex\u00e9rcito, outro na Marinha, corroborando o que est\u00e1 sendo colocado agora, nesses documentos revelados pela CIA. Com locais de tortura em plena Esplanada dos Minist\u00e9rios est\u00e1 cada vez mais claro que a tortura n\u00e3o era um desvio de conduta de um grupo de oficiais e, sim, uma situa\u00e7\u00e3o institucional\u201d, conta Chico Santana, que participou da comiss\u00e3o.<\/p>\n<p>Em 1973, o presidente era Em\u00edlio Garrastazu M\u00e9dici. Ernesto Geisel assumiu no ano seguinte. O relat\u00f3rio da comiss\u00e3o do sindicato foi entregue ao governo e ao Senado, em 2014. Por\u00e9m, segundo Chico Santana, nada foi feito.<\/p>\n<p>A\u00e7\u00e3o limitada<br \/>\nAs conversas dos governistas correm hoje dividindo a pol\u00edtica em dois campos: o que \u00e9 poss\u00edvel controlar e aquele que est\u00e1 ao deus-dar\u00e1.  No campo do controle, o governo coloca a possibilidade de manter a base aliada como ainda dentro do terreno das coisas fact\u00edveis. Mas n\u00e3o por muito tempo.<\/p>\n<p>\u201cQue Deus nos ajude\u201d<br \/>\nQuanto \u00e0 crise pol\u00edtica, leia-se Supremo Tribunal Federal e Minist\u00e9rio P\u00fablico, n\u00e3o h\u00e1 nada a fazer, a n\u00e3o ser tentar minimizar os danos eleitorais para o MDB. At\u00e9 a elei\u00e7\u00e3o, o jeito ser\u00e1 administrar o dia a dia com muita reza forte.<\/p>\n<p>Gato por lebre?<br \/>\nO governo est\u00e1 animado com as promessas de investimentos dos italianos da Enel, que ofereceram R$ 32,00 por a\u00e7\u00e3o da Eletropaulo, 8,8% acima do que foi apresentado pela Neoenergia, controlada pela espanhola Iberdrola. O embate entre italianos e espanh\u00f3is j\u00e1 chegou \u00e0s cortes europeias. Nos bastidores, os espanh\u00f3is acusam os italianos de n\u00e3o terem regras de compliance eficientes e de atuarem como tubar\u00f5es por onde passam.<\/p>\n<p>\u00c9 geral\/ O presidente Michel Temer completa dois anos de governo patinando na popularidade e sem entender por que nada de bom gruda na sua imagem. Seus fi\u00e9is escudeiros, por\u00e9m, n\u00e3o colocam a responsabilidade nos ombros do comandante do Planalto. Consideram que o problema \u00e9 que o cidad\u00e3o rejeita a pol\u00edtica, e o presidente da Rep\u00fablica, por ser o mais exposto, termina pagando a maior parte da conta.<\/p>\n<p>Vai ser vapt-vupt\/ O PT tem como estrat\u00e9gia apresentar Lula no papel de candidato nos primeiros dias do programa eleitoral. S\u00f3 tem um probleminha: conforme a coluna j\u00e1 noticiou h\u00e1 alguns meses, negado o registro, o ac\u00f3rd\u00e3o sair\u00e1 imediatamente. Logo, se brincar, Lula aparecer\u00e1 apenas no primeiro programa de tev\u00ea na posi\u00e7\u00e3o de candidato. E isso na melhor das hip\u00f3teses.<\/p>\n<p>Por falar em PT&#8230;\/ At\u00e9 aqui, nada do que o partido planejou para Lula se cumpriu. Primeiro, os petistas apostaram que Lula n\u00e3o seria preso. Foi. Depois, que ficaria pouco tempo na cadeia. Est\u00e1 h\u00e1 mais de um m\u00eas. Resta a aposta da candidatura. Cada dia mais remota.<\/p>\n<p>Joaquim II\/ Joaquim Barbosa faz escola nessa hist\u00f3ria de se lan\u00e7ar pr\u00e9-candidato a presidente, aparecer bem nas pesquisas e\u2026 desistir. No Rio de Janeiro, h\u00e1 quem diga que o senador Rom\u00e1rio (foto) vai para o mesmo caminho. As contas em frangalhos n\u00e3o animam o baixinho a concorrer ao governo estadual. O que ele queria mesmo era poder ser candidato a mais oito anos de senador. S\u00f3 se renunciar ao mandato.<\/p>\n","protected":false},"excerpt":{"rendered":"<p>Relatos de tortura em plena Esplanada dos Minist\u00e9rios constam em depoimentos colhidos pela Comiss\u00e3o Mem\u00f3ria Verdade do Sindicato dos Jornalistas do Distrito Federal, em 2013. Alexandre Ribondi, jornalista e diretor de teatro, e outros contaram que a garagem do Minist\u00e9rio do Ex\u00e9rcito era usada como sala de torturas, e ainda havia outro local no Minist\u00e9rio da Marinha. \u201cEu ouvia o [&hellip;]<\/p>\n","protected":false},"author":29,"featured_media":0,"comment_status":"closed","ping_status":"closed","sticky":false,"template":"","format":"standard","meta":{"footnotes":""},"categories":[4],"tags":[],"class_list":["post-2170","post","type-post","status-publish","format-standard","hentry","category-coluna-brasilia-df"],"_links":{"self":[{"href":"https:\/\/blogs.correiobraziliense.com.br\/denise\/wp-json\/wp\/v2\/posts\/2170","targetHints":{"allow":["GET"]}}],"collection":[{"href":"https:\/\/blogs.correiobraziliense.com.br\/denise\/wp-json\/wp\/v2\/posts"}],"about":[{"href":"https:\/\/blogs.correiobraziliense.com.br\/denise\/wp-json\/wp\/v2\/types\/post"}],"author":[{"embeddable":true,"href":"https:\/\/blogs.correiobraziliense.com.br\/denise\/wp-json\/wp\/v2\/users\/29"}],"replies":[{"embeddable":true,"href":"https:\/\/blogs.correiobraziliense.com.br\/denise\/wp-json\/wp\/v2\/comments?post=2170"}],"version-history":[{"count":1,"href":"https:\/\/blogs.correiobraziliense.com.br\/denise\/wp-json\/wp\/v2\/posts\/2170\/revisions"}],"predecessor-version":[{"id":2171,"href":"https:\/\/blogs.correiobraziliense.com.br\/denise\/wp-json\/wp\/v2\/posts\/2170\/revisions\/2171"}],"wp:attachment":[{"href":"https:\/\/blogs.correiobraziliense.com.br\/denise\/wp-json\/wp\/v2\/media?parent=2170"}],"wp:term":[{"taxonomy":"category","embeddable":true,"href":"https:\/\/blogs.correiobraziliense.com.br\/denise\/wp-json\/wp\/v2\/categories?post=2170"},{"taxonomy":"post_tag","embeddable":true,"href":"https:\/\/blogs.correiobraziliense.com.br\/denise\/wp-json\/wp\/v2\/tags?post=2170"}],"curies":[{"name":"wp","href":"https:\/\/api.w.org\/{rel}","templated":true}]}}