{"id":2168,"date":"2018-05-12T05:45:16","date_gmt":"2018-05-12T08:45:16","guid":{"rendered":"https:\/\/blogs.correiobraziliense.com.br\/denise\/?p=2168"},"modified":"2018-05-12T00:01:06","modified_gmt":"2018-05-12T03:01:06","slug":"primeira-uniao-no-centro","status":"publish","type":"post","link":"https:\/\/blogs.correiobraziliense.com.br\/denise\/primeira-uniao-no-centro\/","title":{"rendered":"Primeira uni\u00e3o no centro"},"content":{"rendered":"<p>Empres\u00e1rios paulistas contam aos quatro ventos que, antes do dia dos namorados e de Santo Ant\u00f4nio, o santo casamenteiro, ser\u00e1 anunciada a uni\u00e3o eleitoral entre os pr\u00e9-candidatos Fl\u00e1vio Rocha, do PRB, e o senador \u00c1lvaro Dias, do Podemos. O movimento de Rocha no papel de vice numa chapa encabe\u00e7ada por \u00c1lvaro Dias representar\u00e1 a consolida\u00e7\u00e3o de um bloco de centro no tabuleiro da sucess\u00e3o presidencial e for\u00e7ar\u00e1 os demais pr\u00e9-candidatos a acelerarem conversas.<\/p>\n<p>\u00bb \u00bb \u00bb <\/p>\n<p>Nesse ritmo, o ex-governador Geraldo Alckmin (PSDB), hoje o mais bem posicionado entre os pr\u00e9-candidatos de centro, corre o risco de isolamento, da mesma forma que o PT se isola \u00e0 esquerda ao insistir na candidatura de Lula. Alckmin n\u00e3o \u00e9 uma op\u00e7\u00e3o para o MDB, tampouco est\u00e1 conseguindo levar o DEM e os demais partidos para a sua campanha.<\/p>\n<p>Um general por Alckmin<\/p>\n<p>O PSDB bateu o martelo e confirmou que seu candidato ao governo do Cear\u00e1 ser\u00e1 mesmo o general Guilherme Teophilo, ex-comandante log\u00edstico do Ex\u00e9rcito. Assim, os tucanos esperam tirar um naco dos votos de Jair Bolsonaro, do PSL, e at\u00e9 de Ciro Gomes, um paulista mais cearense do que muitos nascidos no estado.<\/p>\n<p>Tema da hora<\/p>\n<p>Do alto de quem tem p\u00f3s-gradua\u00e7\u00e3o em tecnologia da informa\u00e7\u00e3o e experi\u00eancia em log\u00edstica, o general est\u00e1 focado na elabora\u00e7\u00e3o de um plano de seguran\u00e7a para o estado, onde a viol\u00eancia \u00e9 t\u00e3o grave quanto no Rio de Janeiro. A escolha de Teophilo indica que esse assunto, pelo menos, no Cear\u00e1, ser\u00e1 prioridade na campanha<\/p>\n<p>\u201cO jogo dele \u00e9 para se cacifar e ser candidato a presidente da C\u00e2mara no ano que vem\u201d<\/p>\n<p>Do deputado Arnaldo Faria de S\u00e1 (PP-SP), no programa Frente a Frente, da Rede Vida, referindo-se francamente ao que acha da candidatura do presidente da C\u00e2mara, Rodrigo Maia, \u00e0 Presid\u00eancia da Rep\u00fablica.<\/p>\n<p>\u00c9, mas n\u00e3o \u00e9<\/p>\n<p>Sesc e Senac do Rio de Janeiro vivem uma situa\u00e7\u00e3o para l\u00e1 de inusitada, \u00e0 espera da Justi\u00e7a. \u00c9 que, desde a pris\u00e3o do ex-presidente da Fecom\u00e9rcio, Orlando Diniz, um interventor indicado pela Confedera\u00e7\u00e3o Nacional do Com\u00e9rcio continua dando as cartas por l\u00e1, comandando um or\u00e7amento milion\u00e1rio. Por\u00e9m, pela lei, o novo presidente da Fecom\u00e9rcio, Ant\u00f4nio Flor\u00eancio Queiroz, deveria assumir automaticamente a presid\u00eancia do Sesc\/Senac. Mas, para isso acontecer, \u00e9 preciso que o STJ encaminhe a sua decis\u00e3o para o TJRJ. O julgamento ocorreu h\u00e1 quase dois meses no STJ e, at\u00e9 agora, o relator n\u00e3o assinou o documento necess\u00e1rio para p\u00f4r um fim a essa novela.<\/p>\n<p>\u201cV\u00e1 votando, que eu j\u00e1 chego\u201d\/ Deputados comentavam nesses dias que v\u00e3o passar a \u00faltima semana de maio e a primeira de junho na organiza\u00e7\u00e3o dos palanques regionais antes das festas juninas, que s\u00e3o o primeiro teste de popularidade dos pol\u00edticos, especialmente, os nordestinos. Significa qu\u00f3rum baixo para vota\u00e7\u00f5es em Bras\u00edlia antes mesmo do s\u00e3o-jo\u00e3o.<\/p>\n<p>Por falar em qu\u00f3rum&#8230;\/ A turma do governo j\u00e1 fez as proje\u00e7\u00f5es. Este ano, \u00e9 votar o que falta do cadastro positivo, os projetos de lei complementar ao Or\u00e7amento deste ano, inclusive os recursos da interven\u00e7\u00e3o no Rio, a reonera\u00e7\u00e3o da folha de pagamento. O resto \u00e9 pr\u00e9-campanha nas festas juninas, Copa do Mundo da R\u00fassia e, depois, conven\u00e7\u00f5es e campanha.<\/p>\n<p>A culpa \u00e9 dele\/ Em suas conversas mais reservadas, os governistas tentam debitar na conta de Rodrigo Maia (foto) as dificuldades para aprovar a reonera\u00e7\u00e3o, por exemplo. Consideram que, se o governo n\u00e3o conseguir demonstrar um m\u00ednimo controle sobre a base e votar as propostas pendentes, a tend\u00eancia \u00e9 a recupera\u00e7\u00e3o da economia, que anda lenta, empacar de vez.<\/p>\n<p>Siga o dinheiro\/ A for\u00e7a-tarefa da Receita Federal que investigar\u00e1 800 agentes p\u00fablicos deixou muita gente em Bras\u00edlia de cabelo em p\u00e9, disposta a deixar seus Land Rovers e Porches nas garagens.<\/p>\n<p>Enquanto isso, em S\u00e3o Paulo&#8230;\/ Com Paulo Preto, ex-diretor do Dersa, solto, tem muita gente no PSDB que vai passar o Dia das M\u00e3es mais tranquilo.<\/p>\n","protected":false},"excerpt":{"rendered":"<p>Empres\u00e1rios paulistas contam aos quatro ventos que, antes do dia dos namorados e de Santo Ant\u00f4nio, o santo casamenteiro, ser\u00e1 anunciada a uni\u00e3o eleitoral entre os pr\u00e9-candidatos Fl\u00e1vio Rocha, do PRB, e o senador \u00c1lvaro Dias, do Podemos. O movimento de Rocha no papel de vice numa chapa encabe\u00e7ada por \u00c1lvaro Dias representar\u00e1 a consolida\u00e7\u00e3o de um bloco de centro [&hellip;]<\/p>\n","protected":false},"author":29,"featured_media":0,"comment_status":"closed","ping_status":"closed","sticky":false,"template":"","format":"standard","meta":{"footnotes":""},"categories":[4],"tags":[],"class_list":["post-2168","post","type-post","status-publish","format-standard","hentry","category-coluna-brasilia-df"],"_links":{"self":[{"href":"https:\/\/blogs.correiobraziliense.com.br\/denise\/wp-json\/wp\/v2\/posts\/2168","targetHints":{"allow":["GET"]}}],"collection":[{"href":"https:\/\/blogs.correiobraziliense.com.br\/denise\/wp-json\/wp\/v2\/posts"}],"about":[{"href":"https:\/\/blogs.correiobraziliense.com.br\/denise\/wp-json\/wp\/v2\/types\/post"}],"author":[{"embeddable":true,"href":"https:\/\/blogs.correiobraziliense.com.br\/denise\/wp-json\/wp\/v2\/users\/29"}],"replies":[{"embeddable":true,"href":"https:\/\/blogs.correiobraziliense.com.br\/denise\/wp-json\/wp\/v2\/comments?post=2168"}],"version-history":[{"count":1,"href":"https:\/\/blogs.correiobraziliense.com.br\/denise\/wp-json\/wp\/v2\/posts\/2168\/revisions"}],"predecessor-version":[{"id":2169,"href":"https:\/\/blogs.correiobraziliense.com.br\/denise\/wp-json\/wp\/v2\/posts\/2168\/revisions\/2169"}],"wp:attachment":[{"href":"https:\/\/blogs.correiobraziliense.com.br\/denise\/wp-json\/wp\/v2\/media?parent=2168"}],"wp:term":[{"taxonomy":"category","embeddable":true,"href":"https:\/\/blogs.correiobraziliense.com.br\/denise\/wp-json\/wp\/v2\/categories?post=2168"},{"taxonomy":"post_tag","embeddable":true,"href":"https:\/\/blogs.correiobraziliense.com.br\/denise\/wp-json\/wp\/v2\/tags?post=2168"}],"curies":[{"name":"wp","href":"https:\/\/api.w.org\/{rel}","templated":true}]}}