{"id":2164,"date":"2018-05-10T06:54:03","date_gmt":"2018-05-10T09:54:03","guid":{"rendered":"https:\/\/blogs.correiobraziliense.com.br\/denise\/?p=2164"},"modified":"2018-05-10T09:54:55","modified_gmt":"2018-05-10T12:54:55","slug":"bateu-o-medo-do-foro","status":"publish","type":"post","link":"https:\/\/blogs.correiobraziliense.com.br\/denise\/bateu-o-medo-do-foro\/","title":{"rendered":"Bateu o medo do foro"},"content":{"rendered":"<p>A descida de processos de deputados e senadores para a primeira inst\u00e2ncia provoca p\u00e2nico em alguns. Por exemplo, a remessa do processo sobre o deputado Pedro Paulo (DEM-RJ) e o ex-prefeito do Rio Eduardo Paes para a primeira inst\u00e2ncia judicial no Rio de Janeiro faz tremer os alicerces da pr\u00e9-campanha demista ao governo estadual. \u00c9 que, nas m\u00e3os de Marcelo Bretas,<br \/>\nh\u00e1 quem diga que \u00e9 condena\u00e7\u00e3o na certa.<br \/>\n\u00bb \u00bb \u00bb<br \/>\nN\u00e3o \u00e9 apenas a\u00ed que reside o perigo. As declara\u00e7\u00f5es do ex-prefeito sobre o processo tamb\u00e9m provocaram constrangimentos dia desses numa roda de ministros do Tribunal Superior Eleitoral. Chegou aos ouvidos dos ministros que Paes tem dito frases do tipo, \u201cfica tranquilo que, no TSE, esse assunto est\u00e1 resolvido\u201d. Quem conhece os ministros garante que n\u00e3o existe isso de \u201cresolvido\u201d, express\u00e3o que, em Bras\u00edlia, costuma ter interpreta\u00e7\u00f5es nada republicanas. Da mesma forma que Fernando Seg\u00f3via se precipitou ao mencionar que o inqu\u00e9rito contra Michel Temer no caso dos portos seria arquivado em breve,<br \/>\nPaes pode ter cometido um erro crasso falando do TSE.<\/p>\n<p>E Lula ficar\u00e1 preso<br \/>\nCom os quatro votos da 2\u00aa Turma do Supremo Tribunal Federal contra o recurso da defesa do ex-presidente Lula para que ele responda em liberdade, come\u00e7aram a ser formadas as listas para visitar o ex-presidente na pris\u00e3o. Na fila, o senador Renan Calheiros (MDB-AL). Ainda faltam votar Ricardo Lewandoswski e Celso de Mello, mas o resultado n\u00e3o mudar\u00e1. Portanto, Lula montar\u00e1 os palanques petistas nos estados dentro da sala que ocupa na sede da PF em Curitiba. O resultado final da vota\u00e7\u00e3o ser\u00e1 divulgado oficialmente hoje.<\/p>\n<p>Muita calma nesta hora<br \/>\nO PSDB n\u00e3o est\u00e1 t\u00e3o confort\u00e1vel em conversar com o MDB de Michel Temer e tem um discurso na ponta da l\u00edngua para os potenciais aliados de centro que buscam outros caminhos. Na reuni\u00e3o de ontem, num hotel em Bras\u00edlia, os tucanos comentaram sobre o fato de, na elei\u00e7\u00e3o de 2014, pelo menos, 15% dos eleitores terem escolhido seu candidato no dia do pleito.<\/p>\n<p>Deixe tudo para depois<br \/>\nDiante do quadro nebuloso, os tucanos tentam vender a ideia de que ainda tem muito jogo pela frente para que os partidos fiquem t\u00e3o ansiosos. A ideia \u00e9 deixar claro que, se Geraldo Alckmin n\u00e3o melhorar sua performance at\u00e9 julho, sempre haver\u00e1 o \u201csprint\u201d.<\/p>\n<p>Conta outra<br \/>\nOs partidos, entretanto, est\u00e3o ansiosos. Como foi dito nesta coluna h\u00e1 alguns dias, aliados de Rodrigo Maia ensaiam conversas com Ciro Gomes da mesma forma que o antigo PFL buscou o PSDB de Fernando Henrique Cardoso em 1994. J\u00e1 tem muita gente dizendo que a hora de agregar alguma coisa \u00e9 agora, uma vez que, numa campanha curta, ficar\u00e1 dif\u00edcil tirar de quem estiver mais \u00e0 frente.<\/p>\n<p>Com\u00edcio no cafezinho\/ Os deputados assistiam calmamente a Juventus X Milan na tev\u00ea quando, de repente, entra o deputado F\u00e1bio Ramalho (MDB-MG) vice-presidente da C\u00e2mara, falando em tom de palanque: \u201cOlha, este projeto do cadastro positivo vai dar R$ 70 bilh\u00f5es para tr\u00eas empresas quem vai pagar o cadastro somos n\u00f3s, contribuintes. Tem que votar contra\u201d.<\/p>\n<p>Salvo pelo elevador\/ Na hora em que F\u00e1bio Ramalho fala, o deputado \u00cdndio da Costa (PSD-RJ) se levanta e, no mesmo tom, reage: \u201cN\u00e3o \u00e9 assim. Os cart\u00f3rios n\u00e3o querem o projeto e est\u00e3o fazendo lobby aqui dentro\u201d. Eis que Fabinho completa: \u201cVoc\u00ea est\u00e1 \u00e9 defendendo os bancos, porque \u00e9 ligado a eles\u201d. Quando a discuss\u00e3o ia esquentar, eis que o elevador chega e Fabinho entra, encerrando a discuss\u00e3o.<\/p>\n<p>Vai um suco de maracuj\u00e1, deputado?\/ Quem acompanhou a reuni\u00e3o da comiss\u00e3o especial que debateu a lei dos agrot\u00f3xicos ficou impressionado com o destempero do deputado Alessandro Molon (PSB-RJ). Aos berros, ele expulsou um produtor rural da sala. O ruralista tinha dado uma risadinha no momento em que Molon falava contra o projeto.<\/p>\n<p>Olho no digital\/ Geraldo Alckmin (foto) decidiu apostar no marketing digital. A principal estrat\u00e9gia do tucano \u00e9 se preparar para combater as fake news, al\u00e9m de divulgar as propostas na internet. Ontem o tucano apresentou oficialmente a equipe. O  respons\u00e1vel pela \u00e1rea digital \u00e9 o professor de marketing Marcelo Vitorino, que trabalhou para Crivella, em 2016, no Rio, e Jos\u00e9 Serra, em 2010, na campanha ao Planalto. O respons\u00e1vel pela TV \u00e9 Lula Guimar\u00e3es, que fez a campanha de Jo\u00e3o Doria para \u00e0 prefeitura de S\u00e3o Paulo em 2016.<\/p>\n","protected":false},"excerpt":{"rendered":"<p>A descida de processos de deputados e senadores para a primeira inst\u00e2ncia provoca p\u00e2nico em alguns. Por exemplo, a remessa do processo sobre o deputado Pedro Paulo (DEM-RJ) e o ex-prefeito do Rio Eduardo Paes para a primeira inst\u00e2ncia judicial no Rio de Janeiro faz tremer os alicerces da pr\u00e9-campanha demista ao governo estadual. \u00c9 que, nas m\u00e3os de Marcelo [&hellip;]<\/p>\n","protected":false},"author":29,"featured_media":0,"comment_status":"closed","ping_status":"closed","sticky":false,"template":"","format":"standard","meta":{"footnotes":""},"categories":[4],"tags":[],"class_list":["post-2164","post","type-post","status-publish","format-standard","hentry","category-coluna-brasilia-df"],"_links":{"self":[{"href":"https:\/\/blogs.correiobraziliense.com.br\/denise\/wp-json\/wp\/v2\/posts\/2164","targetHints":{"allow":["GET"]}}],"collection":[{"href":"https:\/\/blogs.correiobraziliense.com.br\/denise\/wp-json\/wp\/v2\/posts"}],"about":[{"href":"https:\/\/blogs.correiobraziliense.com.br\/denise\/wp-json\/wp\/v2\/types\/post"}],"author":[{"embeddable":true,"href":"https:\/\/blogs.correiobraziliense.com.br\/denise\/wp-json\/wp\/v2\/users\/29"}],"replies":[{"embeddable":true,"href":"https:\/\/blogs.correiobraziliense.com.br\/denise\/wp-json\/wp\/v2\/comments?post=2164"}],"version-history":[{"count":1,"href":"https:\/\/blogs.correiobraziliense.com.br\/denise\/wp-json\/wp\/v2\/posts\/2164\/revisions"}],"predecessor-version":[{"id":2165,"href":"https:\/\/blogs.correiobraziliense.com.br\/denise\/wp-json\/wp\/v2\/posts\/2164\/revisions\/2165"}],"wp:attachment":[{"href":"https:\/\/blogs.correiobraziliense.com.br\/denise\/wp-json\/wp\/v2\/media?parent=2164"}],"wp:term":[{"taxonomy":"category","embeddable":true,"href":"https:\/\/blogs.correiobraziliense.com.br\/denise\/wp-json\/wp\/v2\/categories?post=2164"},{"taxonomy":"post_tag","embeddable":true,"href":"https:\/\/blogs.correiobraziliense.com.br\/denise\/wp-json\/wp\/v2\/tags?post=2164"}],"curies":[{"name":"wp","href":"https:\/\/api.w.org\/{rel}","templated":true}]}}