{"id":2159,"date":"2018-05-06T16:52:49","date_gmt":"2018-05-06T19:52:49","guid":{"rendered":"https:\/\/blogs.correiobraziliense.com.br\/denise\/?p=2159"},"modified":"2018-05-06T21:23:38","modified_gmt":"2018-05-07T00:23:38","slug":"nao-pedalou-mas","status":"publish","type":"post","link":"https:\/\/blogs.correiobraziliense.com.br\/denise\/nao-pedalou-mas\/","title":{"rendered":"N\u00e3o pedalou, mas&#8230;"},"content":{"rendered":"<p>&#8230;\u00c9 bom o governo n\u00e3o comemorar demais o fato de o Tribunal de Contas da Uni\u00e3o ter liberado na semana passada o dinheiro do Fistel para pagamento de d\u00edvida. \u00c9 que, ao contr\u00e1rio do que esperava o Poder Executivo, o Tribunal n\u00e3o escreveu textualmente que a \u201cregra de ouro\u201d estava cumprida. Disse apenas que \u201cn\u00e3o era atribui\u00e7\u00e3o do TCU indicar como o governo federal deve alocar recursos do Fistel transferidos para o Tesouro Nacional, pois nem o legislador o fez\u201d. A leitura geral, entretanto, foi a de que os recursos foram liberados para cumprimento da \u201cregra de ouro\u201d, aquela que pro\u00edbe o governo de se endividar para pagamento de despesas correntes.<\/p>\n<p>\u00bb   \u00bb   \u00bb<\/p>\n<p>Alguns ministros do TCU consideram que est\u00e1 dada a senha para que, no ano que vem, a ministra-relatora das contas deste ano, Ana Arraes, possa dar, ao menos, um pux\u00e3o de orelhas e, se quiser, rejeit\u00e1-las. Afinal, se hoje est\u00e1 se usando os recursos do Fistel para cumprimento da regra de ouro, \u00e9 porque n\u00e3o se fez o ajuste fiscal prometido, que inclu\u00eda a reforma previdenci\u00e1ria. At\u00e9 aqui, afirmam, n\u00e3o d\u00e1 para dizer que o governo \u201cpedalou\u201d como fez o de Dilma Rousseff. Mas, h\u00e1 quem diga que Temer, no ritmo que vai, sem conseguir conter os gastos p\u00fablicos, terminar\u00e1 subindo na bicicleta.<\/p>\n<p>Com Raquel, sem refresco<br \/>\nDeputados denunciados na semana passada, como Arthur Lyra (PP-AL), podem at\u00e9 reclamar das acusa\u00e7\u00f5es oferecidas pela procuradora-geral, Raquel Dodge. Por\u00e9m, a ordem na Procuradoria, pelo menos, por enquanto, \u00e9 fazer o seu trabalho e deixar que o Supremo Tribunal Federal decida o que fazer com o processo. Simples assim. Ali\u00e1s, tem muito deputado feliz da vida por achar que saiu das m\u00e3os de Raquel e da sede do Minist\u00e9rio P\u00fablico Federal. Mas, pelo visto, a alegria vai durar pouco.<\/p>\n<p>Perfil obrigat\u00f3rio<br \/>\nAviso aos pr\u00e9-candidatos a presidente da Rep\u00fablica: quem for eleito em outubro precisar\u00e1 de uma boa dose de paci\u00eancia para reuni\u00e3o de l\u00edderes partid\u00e1rios. \u00c9 que todas as an\u00e1lises nos levam a um cen\u00e1rio de pulveriza\u00e7\u00e3o partid\u00e1ria. Se as previs\u00f5es se confirmarem, nenhuma legenda dever\u00e1 ter mais de 60 deputados.<\/p>\n<p>Eles ter\u00e3o a for\u00e7a<br \/>\nA consultoria Arko Advice soltou o seu estudo sobre cen\u00e1rios pol\u00edticos, em que, al\u00e9m de prever a pulveriza\u00e7\u00e3o, projeta o MDB com todas as chances de continuar com o maior n\u00famero de senadores, elegendo no m\u00ednimo 10 e, no m\u00e1ximo, 14. Em segundo ficaria o PSDB e, em terceiro, o PT. Somados \u00e0queles que t\u00eam mais quatro anos de mandato, essa posi\u00e7\u00e3o se mant\u00e9m.<\/p>\n<p>O que \u00e9 bom para os Estados Unidos\u2026<br \/>\nO governo ter\u00e1 dificuldades em conseguir privatizar a Eletrobras. \u00c9 que muitos pol\u00edticos, inclusive da base governista, se preparam para cobrar o fato de que, nos Estados Unidos, as hidrel\u00e9tricas est\u00e3o nas m\u00e3os dos militares, consideradas \u00e1reas estrat\u00e9gicas.<\/p>\n<p>CURTIDAS<\/p>\n<p>O drone Kassab\/ Pr\u00e9-candidato do PSDB ao governo de S\u00e3o Paulo, Jo\u00e3o Doria (foto) n\u00e3o anda l\u00e1 muito feliz. Tudo por causa da dificuldade em ampliar alian\u00e7as. At\u00e9 o momento, ele tem apenas uma promessa do PSD de Gilberto Kassab. Como se sabe, o ministro das Comunica\u00e7\u00f5es avalia muito bem o quadro antes de aterrissar. Vai olhar as pesquisas internas e, se o terreno de D\u00f3ria for pantanoso, vai buscar terra mais firme.<\/p>\n<p>Por falar em pesquisa&#8230;\/ Ningu\u00e9m acredita que o quadro apresentado at\u00e9 agora \u00e9 o que valer\u00e1 em agosto, quando a campanha come\u00e7a de fato. Por\u00e9m, de todas essas etapas, os partidos j\u00e1 tiraram uma certeza: Bolsonaro n\u00e3o est\u00e1 fora do jogo.<\/p>\n<p>Valores pol\u00edticos 1\/ Para marcar a 14\u00aa Semana da Europa, a ONG Caf\u00e9 com Pol\u00edtica e a Embaixada da Holanda promovem amanh\u00e3, no caf\u00e9 Daniel Briand, das 19h \u00e0s 22h, o debate \u201cValores Pol\u00edticos na Europa e no Brasil\u201d, com base no livro Europa em Transi\u00e7\u00e3o, do fil\u00f3sofo holand\u00eas Luuk van Middelaar.<\/p>\n<p>Valores pol\u00edticos 2\/ \u00c0 mesa estar\u00e3o o professor Cl\u00e1udio Ribeiro, mestre em hist\u00f3ria pela Universidade Federal de Goi\u00e1s, e o cientista pol\u00edtico Leonardo Barreto. E eu, que assino esta coluna, vou mediar o debate. Interessados em participar podem entrar em contato pelo Caf\u00e9 com Pol\u00edtica no Facebook, @contatocafepolitica. Pede-se a doa\u00e7\u00e3o de um quilo de alimento (exceto sal) e impress\u00e3o do convite. Vagas limitadas.<\/p>\n","protected":false},"excerpt":{"rendered":"<p>&#8230;\u00c9 bom o governo n\u00e3o comemorar demais o fato de o Tribunal de Contas da Uni\u00e3o ter liberado na semana passada o dinheiro do Fistel para pagamento de d\u00edvida. \u00c9 que, ao contr\u00e1rio do que esperava o Poder Executivo, o Tribunal n\u00e3o escreveu textualmente que a \u201cregra de ouro\u201d estava cumprida. Disse apenas que \u201cn\u00e3o era atribui\u00e7\u00e3o do TCU indicar [&hellip;]<\/p>\n","protected":false},"author":29,"featured_media":0,"comment_status":"closed","ping_status":"closed","sticky":false,"template":"","format":"standard","meta":{"footnotes":""},"categories":[4],"tags":[],"class_list":["post-2159","post","type-post","status-publish","format-standard","hentry","category-coluna-brasilia-df"],"_links":{"self":[{"href":"https:\/\/blogs.correiobraziliense.com.br\/denise\/wp-json\/wp\/v2\/posts\/2159","targetHints":{"allow":["GET"]}}],"collection":[{"href":"https:\/\/blogs.correiobraziliense.com.br\/denise\/wp-json\/wp\/v2\/posts"}],"about":[{"href":"https:\/\/blogs.correiobraziliense.com.br\/denise\/wp-json\/wp\/v2\/types\/post"}],"author":[{"embeddable":true,"href":"https:\/\/blogs.correiobraziliense.com.br\/denise\/wp-json\/wp\/v2\/users\/29"}],"replies":[{"embeddable":true,"href":"https:\/\/blogs.correiobraziliense.com.br\/denise\/wp-json\/wp\/v2\/comments?post=2159"}],"version-history":[{"count":1,"href":"https:\/\/blogs.correiobraziliense.com.br\/denise\/wp-json\/wp\/v2\/posts\/2159\/revisions"}],"predecessor-version":[{"id":2160,"href":"https:\/\/blogs.correiobraziliense.com.br\/denise\/wp-json\/wp\/v2\/posts\/2159\/revisions\/2160"}],"wp:attachment":[{"href":"https:\/\/blogs.correiobraziliense.com.br\/denise\/wp-json\/wp\/v2\/media?parent=2159"}],"wp:term":[{"taxonomy":"category","embeddable":true,"href":"https:\/\/blogs.correiobraziliense.com.br\/denise\/wp-json\/wp\/v2\/categories?post=2159"},{"taxonomy":"post_tag","embeddable":true,"href":"https:\/\/blogs.correiobraziliense.com.br\/denise\/wp-json\/wp\/v2\/tags?post=2159"}],"curies":[{"name":"wp","href":"https:\/\/api.w.org\/{rel}","templated":true}]}}