{"id":2154,"date":"2018-05-05T05:33:35","date_gmt":"2018-05-05T08:33:35","guid":{"rendered":"https:\/\/blogs.correiobraziliense.com.br\/denise\/?p=2154"},"modified":"2018-05-05T18:14:05","modified_gmt":"2018-05-05T21:14:05","slug":"duelo-de-cachorro-grande","status":"publish","type":"post","link":"https:\/\/blogs.correiobraziliense.com.br\/denise\/duelo-de-cachorro-grande\/","title":{"rendered":"Duelo de  cachorro grande"},"content":{"rendered":"<p>O ministro da Fazenda, Eduardo Guardia, enviou \u00e0 Casa Civil suas prefer\u00eancias para a Superintend\u00eancia Nacional de Previd\u00eancia Complementar, a Previc. O pedido da Fazenda mant\u00e9m praticamente intacta a atual diretoria e vai provocar a ira do l\u00edder do governo, Andr\u00e9 Moura (PSC-SE). Com os demais partidos do Centr\u00e3o, Moura pedia mudan\u00e7as na autarquia vinculada ao Minist\u00e9rio da Fazenda. Ele e Guardia j\u00e1 chegaram a ter discuss\u00f5es de bater m\u00e3o na mesa. Agora, parece que Guardia riscou o ch\u00e3o e quer ver se o l\u00edder dos pesos-pesados do centr\u00e3o cruza a linha.<\/p>\n<p>Nem tudo desce<br \/>\nVem por a\u00ed uma guerra de interpreta\u00e7\u00f5es sobre o foro privilegiado entre pol\u00edticos acusados de recebimento de propina, advogados e ministros do Supremo. Parte da turma enroscada na Lava-Jato considera que terminaram acusados por causa do \u201cexerc\u00edcio da fun\u00e7\u00e3o\u201d, como foi dito aqui ontem. Logo, ficariam no rol do foro privilegiado. A aposta geral \u00e9 a de que as decis\u00f5es ser\u00e3o \u201ccaso a caso\u201d, ou seja, vai dar problema.<\/p>\n<p>Nem todos querem<br \/>\nEm meio a tanta confus\u00e3o sobre como ficar\u00e3o os processos depois da prerrogativa de foro, tem gente torcendo para que as a\u00e7\u00f5es des\u00e7am para a primeira inst\u00e2ncia, a fim sair um pouco dos holofotes. O senador A\u00e9cio Neves (PSDB-MG), por exemplo, tem dito a muitos que, se seu processo relativo \u00e0 JBS ficar no STF, ter\u00e1 que concorrer a um mandato de deputado federal a fim de ter uma tribuna onde possa expor a sua vis\u00e3o dos fatos.<\/p>\n<p>O foco de maio<br \/>\nOs partidos dedicam o m\u00eas das noivas e das m\u00e3es \u00e0s alian\u00e7as estaduais, o que aumentar\u00e1 a press\u00e3o sobre os pr\u00e9-candidatos a presidente da Rep\u00fablica. Quem est\u00e1 mais sob fogo cruzado \u00e9 o presidente da C\u00e2mara, Rodrigo Maia (DEM-RJ).<\/p>\n<p>Por falar em estados\u2026<br \/>\nO PT n\u00e3o tem muito do que reclamar da vida. Pelo menos, no Nordeste. L\u00e1, dos nove estados, seus candidatos a governador largam bem em quatro, segundo levantamento da Arko Advice: Bahia, Cear\u00e1, Piau\u00ed e, ainda, Rio Grande do Norte.<\/p>\n<p>Desafio eleitoral<br \/>\nA mesma Arko mostra que o \u00edndice de reelei\u00e7\u00e3o vem caindo. Em 2006, tiveram sucesso 79% dos governadores que buscaram um novo mandato. Em 2010, caiu para 73%. Em 2014, ficou em 68%. Para 2018, as chances de vit\u00f3ria para quem concorre a um novo mandato ser\u00e3o bem mais baixas. Fala-se em algo perto de 30%.<\/p>\n<p>Muita calma nesta hora\/ As \u00faltimas declara\u00e7\u00f5es de Rodrigo Maia  sobre o ex-governador Geraldo Alckmin (foto)causaram um certo desconforto no pr\u00f3prio DEM. H\u00e1 quem diga que Maia escolheu o alvo errado. Ele precisa \u00e9 tirar voto de Jair Bolsonaro, que continua aparecendo muito bem nas pesquisas.<\/p>\n<p>Educa\u00e7\u00e3o midi\u00e1tica&#8230;\/ O Instituto Palavra Aberta realiza nesta ter\u00e7a-feira, 08, a 12\u00aa edi\u00e7\u00e3o da Confer\u00eancia Legislativa Sobre Liberdade de Express\u00e3o, no Congresso Nacional, com o tema Educa\u00e7\u00e3o Midi\u00e1tica. Esse conte\u00fado j\u00e1 \u00e9 adotado como pol\u00edtica p\u00fablica na Europa e nos Estados Unidos com o intuito de educar crian\u00e7as, adolescentes e universit\u00e1rios para n\u00e3o produzir, n\u00e3o disseminar, e aprender a identificar e combater as fake news (not\u00edcias falsas).<\/p>\n<p>\u2026 e personalidades\/ Autoridades dos Tr\u00eas Poderes da Rep\u00fablica v\u00e3o compor as mesas de debates. Entre elas, o ministro de Estado da Transpar\u00eancia, Wagner Ros\u00e1rio, o ministro-chefe da Secom da Presid\u00eancia da Rep\u00fablica, M\u00e1rcio de Freitas, os senadores Ana Am\u00e9lia (PP-RS) e Cristovam Buarque (PPS-DF), e o deputado Mendon\u00e7a Filho (DEM-PE). Cristovam e Mendon\u00e7a s\u00e3o ex-ministros da Educa\u00e7\u00e3o e extremamente dedicados ao tema.<\/p>\n<p>Despedida\/ O vel\u00f3rio do ministro aposentado do Superior Tribunal do Trabalho (TST) Marcelo Pimentel ser\u00e1 hoje, a partir das 10h, no hall de entrada do bloco B do TST. De acordo com a fam\u00edlia, o corpo ser\u00e1 cremado.<\/p>\n","protected":false},"excerpt":{"rendered":"<p>O ministro da Fazenda, Eduardo Guardia, enviou \u00e0 Casa Civil suas prefer\u00eancias para a Superintend\u00eancia Nacional de Previd\u00eancia Complementar, a Previc. O pedido da Fazenda mant\u00e9m praticamente intacta a atual diretoria e vai provocar a ira do l\u00edder do governo, Andr\u00e9 Moura (PSC-SE). Com os demais partidos do Centr\u00e3o, Moura pedia mudan\u00e7as na autarquia vinculada ao Minist\u00e9rio da Fazenda. Ele [&hellip;]<\/p>\n","protected":false},"author":29,"featured_media":0,"comment_status":"closed","ping_status":"closed","sticky":false,"template":"","format":"standard","meta":{"footnotes":""},"categories":[4],"tags":[],"class_list":["post-2154","post","type-post","status-publish","format-standard","hentry","category-coluna-brasilia-df"],"_links":{"self":[{"href":"https:\/\/blogs.correiobraziliense.com.br\/denise\/wp-json\/wp\/v2\/posts\/2154","targetHints":{"allow":["GET"]}}],"collection":[{"href":"https:\/\/blogs.correiobraziliense.com.br\/denise\/wp-json\/wp\/v2\/posts"}],"about":[{"href":"https:\/\/blogs.correiobraziliense.com.br\/denise\/wp-json\/wp\/v2\/types\/post"}],"author":[{"embeddable":true,"href":"https:\/\/blogs.correiobraziliense.com.br\/denise\/wp-json\/wp\/v2\/users\/29"}],"replies":[{"embeddable":true,"href":"https:\/\/blogs.correiobraziliense.com.br\/denise\/wp-json\/wp\/v2\/comments?post=2154"}],"version-history":[{"count":3,"href":"https:\/\/blogs.correiobraziliense.com.br\/denise\/wp-json\/wp\/v2\/posts\/2154\/revisions"}],"predecessor-version":[{"id":2158,"href":"https:\/\/blogs.correiobraziliense.com.br\/denise\/wp-json\/wp\/v2\/posts\/2154\/revisions\/2158"}],"wp:attachment":[{"href":"https:\/\/blogs.correiobraziliense.com.br\/denise\/wp-json\/wp\/v2\/media?parent=2154"}],"wp:term":[{"taxonomy":"category","embeddable":true,"href":"https:\/\/blogs.correiobraziliense.com.br\/denise\/wp-json\/wp\/v2\/categories?post=2154"},{"taxonomy":"post_tag","embeddable":true,"href":"https:\/\/blogs.correiobraziliense.com.br\/denise\/wp-json\/wp\/v2\/tags?post=2154"}],"curies":[{"name":"wp","href":"https:\/\/api.w.org\/{rel}","templated":true}]}}