{"id":2152,"date":"2018-05-04T06:00:45","date_gmt":"2018-05-04T09:00:45","guid":{"rendered":"https:\/\/blogs.correiobraziliense.com.br\/denise\/?p=2152"},"modified":"2018-05-04T14:17:33","modified_gmt":"2018-05-04T17:17:33","slug":"suspense-sobre-o-dinheiro","status":"publish","type":"post","link":"https:\/\/blogs.correiobraziliense.com.br\/denise\/suspense-sobre-o-dinheiro\/","title":{"rendered":"Suspense sobre o dinheiro"},"content":{"rendered":"<p>Aten\u00e7\u00e3o, partidos que desejam devolver o fundo eleitoral aos cofres p\u00fablicos, caso do Agora e, segundo Jair Bolsonaro, do seu partido, o PSL: se brincarem, v\u00e3o ampliar os recursos \u00e0 disposi\u00e7\u00e3o do advers\u00e1rio. \u00c9 que o Tribunal Superior Eleitoral (TSE) ainda n\u00e3o decidiu o que far\u00e1 com os recursos devolvidos. H\u00e1 duas hip\u00f3teses. A primeira \u00e9 aplicar nesse fundo a mesma regra que vale para o tempo de tev\u00ea \u2014 quando um partido n\u00e3o tem candidato a presidente da Rep\u00fablica, o tempo \u00e9 redistribu\u00eddo proporcionalmente entre os outros partidos com candidato. A outra hip\u00f3tese \u00e9 devolver aos cofres p\u00fablicos, como \u00e9 feito quando um partido n\u00e3o usa adequadamente os valores e \u00e9 condenado a restituir os recursos. A tend\u00eancia do TSE hoje \u00e9 aplicar a mesma regra do tempo de tev\u00ea. Ou seja, se, no decorrer dos dias, esse entendimento n\u00e3o mudar, quem n\u00e3o quiser usar a sua quota vai ajudar o advers\u00e1rio.<\/p>\n<p>Lava-Jato fica onde est\u00e1<br \/>\nA turma que est\u00e1 com receio de ver o processo nas m\u00e3os do juiz S\u00e9rgio Moro ficou mais tranquila ao saber que os crimes cometidos em fun\u00e7\u00e3o do exerc\u00edcio do mandato ficar\u00e3o no Supremo Tribunal Federal. Pelo menos, a maioria. \u00c9 que muitos j\u00e1 eram deputados ou senadores e est\u00e3o sob investiga\u00e7\u00e3o, ou s\u00e3o r\u00e9us, justamente por causa do toma l\u00e1 d\u00e1 c\u00e1 no exerc\u00edcio da fun\u00e7\u00e3o. E, sabe como \u00e9: Moro costuma ser r\u00e1pido em seus julgamentos, assim como o TRF-4. Lula que o diga. J\u00e1 o STF&#8230;<\/p>\n<p>Lava-Jato II<br \/>\nA opera\u00e7\u00e3o \u201cC\u00e2mbio, desligo\u201d religou o sistema de alerta m\u00e1ximo da classe pol\u00edtica.  Parlamentares t\u00eam a plena certeza de que os doleiros n\u00e3o v\u00e3o aguentar cadeia e contar\u00e3o tudo o que sabem. Vem por a\u00ed, avaliam as excel\u00eancias, pelo menos mais quatro anos de investiga\u00e7\u00f5es. \u00c9 a corrup\u00e7\u00e3o no pa\u00eds com cara de saco sem fundo.<\/p>\n<p>E vem mais<br \/>\nNo meio da turma de doleiros e operadores presos est\u00e1 inclusive o tal J\u00fanior, que teria sa\u00eddo de Bras\u00edlia e ido a Salvador entregar o dinheiro ao ex-ministro Geddel Vieira Lima. A esperan\u00e7a da pol\u00edcia \u00e9 obter mais detalhes sobre a dinheirama encontrada em malas e caixas num apartamento, imagem que vai acompanhar o ex-deputado pelo resto da vida.<\/p>\n<p>O que quer que eu diga?<br \/>\nTeve personagem preso ontem que j\u00e1 chegou \u00e0 pris\u00e3o disposto a falar. A Pol\u00edcia \u00e9 que ainda n\u00e3o est\u00e1 preparada para os depoimentos. Antes de ouvir a turma do d\u00f3lar- cabo, a PF quer analisar pap\u00e9is e conte\u00fado de HDs apreendidos na \u201cC\u00e2mbio, desligo\u201d.<\/p>\n<p>Yes, he can<br \/>\nAs principais embaixadas no Brasil t\u00eam procurado o ex-ministro Joaquim Barbosa para saber o que ele pensa a respeito das rela\u00e7\u00f5es internacionais e da economia. Alguns embaixadores t\u00eam se referido ao ex-ministro como o Obama Tropical.<\/p>\n<p>Pelo jeit\u00e3o de Gleisi\u2026\/  A presidente do PT, Gleisi Hoffmann, chegou a se intrometer na entrevista que era concedida por Jaques Wagner, em Curitiba, depois da visita ao ex-presidente Lula. Os rep\u00f3rteres queriam saber se algu\u00e9m tinha mencionado alian\u00e7a com Ciro Gomes. Ela respondeu de forma r\u00edspida que Ciro n\u00e3o \u00e9 pauta do PT. Logo, se depender dela, n\u00e3o tem alian\u00e7a nem hoje nem nunca.<\/p>\n<p>Dino que se prepare\/ O governador do Maranh\u00e3o, Fl\u00e1vio Dino (PCdoB), n\u00e3o ter\u00e1 vida f\u00e1cil na campanha. \u00c9 que a perspectiva, a pre\u00e7os de hoje, \u00e9 de um segundo turno entre ele e a<br \/>\nex-governadora Roseana Sarney (foto). E desta vez, na batalha final, Roseana tende a abarcar o apoio de todos os demais concorrentes.<\/p>\n<p>Olho nele\/ Jair Bolsonaro segue com seus 20% nos levantamentos de inten\u00e7\u00e3o de voto e posando para selfies em aeroportos pelo pa\u00eds. Foi assim, por exemplo, no voo da Avianca que saiu do Rio para Bras\u00edlia na \u00faltima quarta-feira, \u00e0s 12h50.<\/p>\n<p>Por falar em Bolsonaro&#8230;\/ A corrida dos pr\u00e9-candidatos \u00e0 Agrishow, em Ribeir\u00e3o Preto, e \u00e0 ExpoZebu, em Uberaba, faz sentido. \u00c9 que os jovens do setor come\u00e7am a olhar Bolsonaro com bons olhos. E sabe como \u00e9: h\u00e1 um velho ditado, muito repetido no interior, \u201cquem chega primeiro bebe \u00e1gua limpa\u201d.<\/p>\n","protected":false},"excerpt":{"rendered":"<p>Aten\u00e7\u00e3o, partidos que desejam devolver o fundo eleitoral aos cofres p\u00fablicos, caso do Agora e, segundo Jair Bolsonaro, do seu partido, o PSL: se brincarem, v\u00e3o ampliar os recursos \u00e0 disposi\u00e7\u00e3o do advers\u00e1rio. \u00c9 que o Tribunal Superior Eleitoral (TSE) ainda n\u00e3o decidiu o que far\u00e1 com os recursos devolvidos. H\u00e1 duas hip\u00f3teses. A primeira \u00e9 aplicar nesse fundo a [&hellip;]<\/p>\n","protected":false},"author":29,"featured_media":0,"comment_status":"closed","ping_status":"closed","sticky":false,"template":"","format":"standard","meta":{"footnotes":""},"categories":[4],"tags":[],"class_list":["post-2152","post","type-post","status-publish","format-standard","hentry","category-coluna-brasilia-df"],"_links":{"self":[{"href":"https:\/\/blogs.correiobraziliense.com.br\/denise\/wp-json\/wp\/v2\/posts\/2152","targetHints":{"allow":["GET"]}}],"collection":[{"href":"https:\/\/blogs.correiobraziliense.com.br\/denise\/wp-json\/wp\/v2\/posts"}],"about":[{"href":"https:\/\/blogs.correiobraziliense.com.br\/denise\/wp-json\/wp\/v2\/types\/post"}],"author":[{"embeddable":true,"href":"https:\/\/blogs.correiobraziliense.com.br\/denise\/wp-json\/wp\/v2\/users\/29"}],"replies":[{"embeddable":true,"href":"https:\/\/blogs.correiobraziliense.com.br\/denise\/wp-json\/wp\/v2\/comments?post=2152"}],"version-history":[{"count":1,"href":"https:\/\/blogs.correiobraziliense.com.br\/denise\/wp-json\/wp\/v2\/posts\/2152\/revisions"}],"predecessor-version":[{"id":2153,"href":"https:\/\/blogs.correiobraziliense.com.br\/denise\/wp-json\/wp\/v2\/posts\/2152\/revisions\/2153"}],"wp:attachment":[{"href":"https:\/\/blogs.correiobraziliense.com.br\/denise\/wp-json\/wp\/v2\/media?parent=2152"}],"wp:term":[{"taxonomy":"category","embeddable":true,"href":"https:\/\/blogs.correiobraziliense.com.br\/denise\/wp-json\/wp\/v2\/categories?post=2152"},{"taxonomy":"post_tag","embeddable":true,"href":"https:\/\/blogs.correiobraziliense.com.br\/denise\/wp-json\/wp\/v2\/tags?post=2152"}],"curies":[{"name":"wp","href":"https:\/\/api.w.org\/{rel}","templated":true}]}}