{"id":2150,"date":"2018-05-03T06:00:13","date_gmt":"2018-05-03T09:00:13","guid":{"rendered":"https:\/\/blogs.correiobraziliense.com.br\/denise\/?p=2150"},"modified":"2018-05-03T10:14:11","modified_gmt":"2018-05-03T13:14:11","slug":"so-nos-cade-os-outros","status":"publish","type":"post","link":"https:\/\/blogs.correiobraziliense.com.br\/denise\/so-nos-cade-os-outros\/","title":{"rendered":"&#8220;S\u00f3 n\u00f3s? Cad\u00ea os outros?&#8221;"},"content":{"rendered":"<p>Senadores e deputados formaram praticamente um consenso sobre o foro privilegiado. Com o Supremo Tribunal Federal prestes a terminar com esse benef\u00edcio aos parlamentares, a ordem entre os congressistas ser\u00e1 estender aos demais cargos que hoje desfrutam desse tipo de foro. O pr\u00f3prio STF, entretanto, pretende tratar desse tema. Para muitos ministros, tornou-se inevit\u00e1vel acabar com o foro para todos os atos n\u00e3o-funcionais, seja de ju\u00edzes, promotores, e quem mais chegar. O contribuinte agradece. H\u00e1 quem diga que passou da hora de resolver o caso de ju\u00edzes que, quando flagrados em atos il\u00edcitos, s\u00e3o simplesmente aposentados.<\/p>\n<p>Em tempo: para o Congresso acabar com o foro das demais categorias, precisaria primeiro terminar a interven\u00e7\u00e3o federal no Rio de Janeiro. \u00c9 que esse assunto \u00e9 tratado numa proposta de emenda constitucional, que n\u00e3o pode ser votada em caso de interven\u00e7\u00e3o nos estados.<\/p>\n<p>A\u00e9cio bate o martelo<br \/>\nO senador A\u00e9cio Neves (PSDB-MG) aguarda apenas a decis\u00e3o do Supremo Tribunal Federal sobre o foro para comunicar em breve<br \/>\nseus planos eleitorais. J\u00e1 decidiu, entretanto, que n\u00e3o concorrer\u00e1 a um novo mandato de senador. Falta definir se buscar\u00e1 uma vaga na C\u00e2mara dos Deputados.<\/p>\n<p>Batmania versus<br \/>\nSuper-Homem<br \/>\nO C\u00f3digo de Processo Penal, em an\u00e1lise na C\u00e2mara, \u00e9 um pote de guerras. Al\u00e9m das j\u00e1 detalhadas aqui, sobre pris\u00e3o em segunda inst\u00e2ncia, o Minist\u00e9rio P\u00fablico tenta, por exemplo, passar a comandar as investiga\u00e7\u00f5es e, por tabela, mandar na Pol\u00edcia Federal. A guerra est\u00e1 feia nos bastidores da comiss\u00e3o especial, que n\u00e3o consegue se reunir. Mais um tema em atraso na Casa, para se somar a tantos outros.<\/p>\n<p>\u00c1lvaro e o tempo<br \/>\nPr\u00e9-candidato a presidente da Rep\u00fablica pelo Podemos, o senador Alvaro Dias passa o m\u00eas de maio dedicado a tentar uma alian\u00e7a com o PRB, de Fl\u00e1vio Rocha, ou Democratas, de Rodrigo Maia. Tudo por causa do tempo de tev\u00ea. \u00c9 que, se permanecer restrito ao Podemos, o senador ficar\u00e1 praticamente apagado quando a campanha come\u00e7ar no r\u00e1dio e na tev\u00ea.<\/p>\n<p>Risco calculado<br \/>\nEssas alian\u00e7as que \u00c1lvaro Dias procura, entretanto, deixam o senador com um problema: a uni\u00e3o a partidos da chamada \u201cvelha pol\u00edtica\u201d, algo que ele tem evitado. Mas \u00e9 a \u00fanica forma de ampliar o tempo de tev\u00ea e, com isso, o alcance da campanha.<\/p>\n<p>Ela vai\/ Danielle Dytz, a filha mais velha de Eduardo Cunha (foto), ser\u00e1 mesmo candidata a deputada federal pelo MDB, e as apostas dos partidos s\u00e3o as de que ela tem tudo para ser eleita, uma vez que herdar\u00e1 a comunidade evang\u00e9lica que apoiava o pai.<\/p>\n<p>Se brincar&#8230;\/ Se Danielle for eleita, talvez tenha tempo de inaugurar a foto do pai na galeria de ex-presidentes da C\u00e2mara. At\u00e9 agora, os retratos de Henrique Eduardo Alves e Eduardo Cunha, ambos presos, n\u00e3o foram colocados na parede onde est\u00e3o lembrados Ulysses Guimar\u00e3es, Nereu Ramos e outros tantos ilustres.<\/p>\n<p>Dia Mundial da Liberdade de Imprensa I\/  Na Casa Thomas Jefferson da 606 Norte, a Miss\u00e3o Diplom\u00e1tica dos Estados Unidos promove o painel \u201cMantendo o poder sob controle: a m\u00eddia, a Justi\u00e7a e o estado de direito\u201d, com a participa\u00e7\u00e3o da diretora de reda\u00e7\u00e3o do Correio Braziliense, Ana Dubeux; do criador do site Boatos.org, Edgar Matsuki; do diretor da Faculdade de Comunica\u00e7\u00e3o da UnB, Fernando Paulino, e Gisele Rodrigues, que representar\u00e1 a Secretaria de Comunica\u00e7\u00e3o Social da C\u00e2mara dos Deputados.<\/p>\n<p>Dia Mundial da Liberdade de Imprensa II\/ No per\u00edodo da tarde, o tema ser\u00e1 objeto de debate no 10\u00ba F\u00f3rum Liberdade de Imprensa e Democracia, no audit\u00f3rio da OAB.<\/p>\n","protected":false},"excerpt":{"rendered":"<p>Senadores e deputados formaram praticamente um consenso sobre o foro privilegiado. Com o Supremo Tribunal Federal prestes a terminar com esse benef\u00edcio aos parlamentares, a ordem entre os congressistas ser\u00e1 estender aos demais cargos que hoje desfrutam desse tipo de foro. O pr\u00f3prio STF, entretanto, pretende tratar desse tema. Para muitos ministros, tornou-se inevit\u00e1vel acabar com o foro para todos [&hellip;]<\/p>\n","protected":false},"author":29,"featured_media":0,"comment_status":"closed","ping_status":"closed","sticky":false,"template":"","format":"standard","meta":{"footnotes":""},"categories":[4],"tags":[],"class_list":["post-2150","post","type-post","status-publish","format-standard","hentry","category-coluna-brasilia-df"],"_links":{"self":[{"href":"https:\/\/blogs.correiobraziliense.com.br\/denise\/wp-json\/wp\/v2\/posts\/2150","targetHints":{"allow":["GET"]}}],"collection":[{"href":"https:\/\/blogs.correiobraziliense.com.br\/denise\/wp-json\/wp\/v2\/posts"}],"about":[{"href":"https:\/\/blogs.correiobraziliense.com.br\/denise\/wp-json\/wp\/v2\/types\/post"}],"author":[{"embeddable":true,"href":"https:\/\/blogs.correiobraziliense.com.br\/denise\/wp-json\/wp\/v2\/users\/29"}],"replies":[{"embeddable":true,"href":"https:\/\/blogs.correiobraziliense.com.br\/denise\/wp-json\/wp\/v2\/comments?post=2150"}],"version-history":[{"count":1,"href":"https:\/\/blogs.correiobraziliense.com.br\/denise\/wp-json\/wp\/v2\/posts\/2150\/revisions"}],"predecessor-version":[{"id":2151,"href":"https:\/\/blogs.correiobraziliense.com.br\/denise\/wp-json\/wp\/v2\/posts\/2150\/revisions\/2151"}],"wp:attachment":[{"href":"https:\/\/blogs.correiobraziliense.com.br\/denise\/wp-json\/wp\/v2\/media?parent=2150"}],"wp:term":[{"taxonomy":"category","embeddable":true,"href":"https:\/\/blogs.correiobraziliense.com.br\/denise\/wp-json\/wp\/v2\/categories?post=2150"},{"taxonomy":"post_tag","embeddable":true,"href":"https:\/\/blogs.correiobraziliense.com.br\/denise\/wp-json\/wp\/v2\/tags?post=2150"}],"curies":[{"name":"wp","href":"https:\/\/api.w.org\/{rel}","templated":true}]}}