{"id":2148,"date":"2018-05-01T07:00:18","date_gmt":"2018-05-01T10:00:18","guid":{"rendered":"https:\/\/blogs.correiobraziliense.com.br\/denise\/?p=2148"},"modified":"2018-05-01T12:56:59","modified_gmt":"2018-05-01T15:56:59","slug":"efeito-palocci","status":"publish","type":"post","link":"https:\/\/blogs.correiobraziliense.com.br\/denise\/efeito-palocci\/","title":{"rendered":"Efeito Palocci"},"content":{"rendered":"<p>A den\u00fancia que a procuradora-geral, Raquel Dodge, apresenta contra Lula, a presidente do PT, Gleisi Hoffmann, e o ex-ministro Antonio Palocci foi vista como uma resposta dos procuradores aos policiais federais que fecharam a dela\u00e7\u00e3o de Palocci, recusada no ano passado pela PGR. Os procuradores temem que os pr\u00f3ximos delatores \u2014 sim, eles existem \u2014 prefiram recorrer aos policiais deixando de lado o protagonismo que o Minist\u00e9rio P\u00fablico obteve at\u00e9 aqui. \u00c9 que as tratativas de Palocci na PF foram feitas em sil\u00eancio, enquanto a dos procuradores vazaram no fim do ano passado.<\/p>\n<p>\u00bb \u00bb \u00bb <\/p>\n<p>Dodge aproveita o texto para refor\u00e7ar que n\u00e3o dependeu apenas dos delatores. Ela cita o cruzamento de documentos feito pela autoridade policial e outros recursos, como quebra de sigilo telef\u00f4nico, requerida pelo MPF. Ou seja, a PF pode at\u00e9 ter feito a dela\u00e7\u00e3o de Palocci e n\u00e3o o MPF. Mas o Minist\u00e9rio P\u00fablico n\u00e3o vai entregar o protagonismo de m\u00e3o beijada.<\/p>\n<p>Faltam s\u00f3 os presos?<\/p>\n<p>O pres\u00eddio de seguran\u00e7a m\u00e1xima de Bras\u00edlia, cujas instala\u00e7\u00f5es est\u00e3o prontas desde outubro, tem capacidade para 208 detentos, e, se brincar, corre o risco de se tornar mais uma obra sem uso das tantas que o cidad\u00e3o presencia diariamente. A inaugura\u00e7\u00e3o j\u00e1 foi adiada por duas vezes, porque ainda faltam alguns equipamentos e pessoal. Ainda n\u00e3o houve, por exemplo, a contrata\u00e7\u00e3o de novos agentes penitenci\u00e1rios federais. Faltam ainda\u2026 presos designados para cumprir pena ali.<\/p>\n<p>Por falar em seguran\u00e7a federal&#8230;<\/p>\n<p>J\u00e1 tem gente no governo pensando em sugerir ao ministro da Seguran\u00e7a P\u00fablica, Raul Jungmann, que as novas e modernas instala\u00e7\u00f5es sejam destinadas aos detentos da Lava-Jato. Por\u00e9m, presos \u00e9 que n\u00e3o v\u00e3o faltar. Especialmente em se tratando de um pa\u00eds com quase meio milh\u00e3o de mandados de pris\u00e3o n\u00e3o cumpridos.<\/p>\n<p>Nem t\u00e3o cedo<\/p>\n<p>A depender dos tr\u00e2mites no Conselho de \u00c9tica, a Casa n\u00e3o julgar\u00e1 os deputados que respondem a processo antes das elei\u00e7\u00f5es de outubro. Maio chegou, no final do m\u00eas tem um novo feriad\u00e3o (Corpus Christi), depois, Copa do Mundo, festas de S\u00e3o Jo\u00e3o no Nordeste e, em seguida, o recesso parlamentar.<\/p>\n<p>Candidatos indoor<\/p>\n<p>As dificuldades em citar os investigados \u00e9 mais um ingrediente que refor\u00e7a  a tend\u00eancia de todos irem \u00e0s urnas sem serem incomodados. Obviamente, a campanha dessa turma estar\u00e1 restrita \u00e0 internet, porque n\u00e3o d\u00e1 para sair \u00e0 rua.<\/p>\n<p>Disputa\/ Os petistas ligados aos sindicatos apostam nos bastidores que conseguem reunir mais gente no ato de hoje, em Curitiba, do que no tradicional ato em S\u00e3o Paulo que, pela primeira vez, reunir\u00e1 todas as centrais. Ali\u00e1s, hoje o PT pretende promover, pelo menos, 17 atos em defesa de Lula pelo Brasil.<\/p>\n<p>Temer na roda\/ O presidente Michel Temer (foto) vai quinta-feira \u00e0 Agrishow, a feira internacional de tecnologia do campo, em Ribeir\u00e3o Preto, cidade administrada pelo tucano Duarte Nogueira. Bolsonaro passou por l\u00e1 ontem. A contar pela receptividade, n\u00e3o pode nem deve ser desprezado pelos advers\u00e1rios na corrida eleitoral.<\/p>\n<p>Uma coisa e outra coisa\/ Temer n\u00e3o ir\u00e1 at\u00e9 l\u00e1 como pr\u00e9-candidato a presidente da Rep\u00fablica, uma vez que n\u00e3o ser\u00e1. Sua presen\u00e7a se refere ao fato de ser presidente da Rep\u00fablica, disposto a demonstrar que n\u00e3o tem medo de locais p\u00fablicos.<\/p>\n<p>AGU libera a vaquejada\/ Em parecer t\u00e9cnico enviado ao STF, a AGU se manifestou favoravelmente \u00e0 Emenda Constitucional 96\/2017, que regulamenta os esportes equestres no Brasil, entre eles a vaquejada. A emenda \u00e9 contestada no Supremo por meio de uma A\u00e7\u00e3o Direta de Inconstitucionalidade. Para a AGU, a pr\u00e1tica da vaquejada \u00e9 uma manifesta\u00e7\u00e3o cultural em que n\u00e3o existem maus-tratos aos animais.<\/p>\n","protected":false},"excerpt":{"rendered":"<p>A den\u00fancia que a procuradora-geral, Raquel Dodge, apresenta contra Lula, a presidente do PT, Gleisi Hoffmann, e o ex-ministro Antonio Palocci foi vista como uma resposta dos procuradores aos policiais federais que fecharam a dela\u00e7\u00e3o de Palocci, recusada no ano passado pela PGR. Os procuradores temem que os pr\u00f3ximos delatores \u2014 sim, eles existem \u2014 prefiram recorrer aos policiais deixando [&hellip;]<\/p>\n","protected":false},"author":29,"featured_media":0,"comment_status":"closed","ping_status":"closed","sticky":false,"template":"","format":"standard","meta":{"footnotes":""},"categories":[4],"tags":[],"class_list":["post-2148","post","type-post","status-publish","format-standard","hentry","category-coluna-brasilia-df"],"_links":{"self":[{"href":"https:\/\/blogs.correiobraziliense.com.br\/denise\/wp-json\/wp\/v2\/posts\/2148","targetHints":{"allow":["GET"]}}],"collection":[{"href":"https:\/\/blogs.correiobraziliense.com.br\/denise\/wp-json\/wp\/v2\/posts"}],"about":[{"href":"https:\/\/blogs.correiobraziliense.com.br\/denise\/wp-json\/wp\/v2\/types\/post"}],"author":[{"embeddable":true,"href":"https:\/\/blogs.correiobraziliense.com.br\/denise\/wp-json\/wp\/v2\/users\/29"}],"replies":[{"embeddable":true,"href":"https:\/\/blogs.correiobraziliense.com.br\/denise\/wp-json\/wp\/v2\/comments?post=2148"}],"version-history":[{"count":1,"href":"https:\/\/blogs.correiobraziliense.com.br\/denise\/wp-json\/wp\/v2\/posts\/2148\/revisions"}],"predecessor-version":[{"id":2149,"href":"https:\/\/blogs.correiobraziliense.com.br\/denise\/wp-json\/wp\/v2\/posts\/2148\/revisions\/2149"}],"wp:attachment":[{"href":"https:\/\/blogs.correiobraziliense.com.br\/denise\/wp-json\/wp\/v2\/media?parent=2148"}],"wp:term":[{"taxonomy":"category","embeddable":true,"href":"https:\/\/blogs.correiobraziliense.com.br\/denise\/wp-json\/wp\/v2\/categories?post=2148"},{"taxonomy":"post_tag","embeddable":true,"href":"https:\/\/blogs.correiobraziliense.com.br\/denise\/wp-json\/wp\/v2\/tags?post=2148"}],"curies":[{"name":"wp","href":"https:\/\/api.w.org\/{rel}","templated":true}]}}