{"id":2107,"date":"2018-04-20T06:30:55","date_gmt":"2018-04-20T09:30:55","guid":{"rendered":"https:\/\/blogs.correiobraziliense.com.br\/denise\/?p=2107"},"modified":"2018-04-20T10:56:43","modified_gmt":"2018-04-20T13:56:43","slug":"2107-2","status":"publish","type":"post","link":"https:\/\/blogs.correiobraziliense.com.br\/denise\/2107-2\/","title":{"rendered":"Casamento \u201carranjado\u201d"},"content":{"rendered":"<p>\u00c9 assim que um grupo expressivo do PSB recebe o potencial candidato a presidente da Rep\u00fablica Joaquim Barbosa em seu primeiro encontro partid\u00e1rio. Ele, hoje, \u00e9 a ponte para o partido n\u00e3o se esfacelar na elei\u00e7\u00e3o de 2018. No momento, uma coliga\u00e7\u00e3o com o PSDB, ideal para o governador de S\u00e3o Paulo, M\u00e1rcio Fran\u00e7a, implode o partido. Uma alian\u00e7a com o PT, como deseja o governador de Pernambuco, Paulo C\u00e2mara, levar\u00e1 para o mesmo caminho. Barbosa deixa o PSB a salvo desse esfacelamento no primeiro turno. O fato de estar num partido com mais tradi\u00e7\u00e3o na pol\u00edtica lhe transforma ainda no \u00fanico novato com condi\u00e7\u00f5es de chegar ao segundo turno.<\/p>\n<p>A tend\u00eancia do PSB hoje \u00e9 aceitar a candidatura, se Joaquim assim quiser. Por\u00e9m, se ele insistir em s\u00f3 dizer sim se houver \u201camor\u201d, leia-se unanimidade, por parte do PSB, o casamento n\u00e3o vai ocorrer. Ali, a ordem \u00e9 aquela que num passado n\u00e3o muito distante norteou muitos dos casamentos da nobreza: um arranjo para preservar a heran\u00e7a.  A resposta a essa equa\u00e7\u00e3o, Joaquim e o PSB s\u00f3 dar\u00e3o entre fim de maio, in\u00edcio de junho. Talvez, at\u00e9 l\u00e1, muitos dos \u201cpadrinhos\u201d j\u00e1 tenham assumido outros compromissos.<\/p>\n<p>Candidato versus partido<\/p>\n<p>O pr\u00e9-candidato do PRB \u00e0 presidente da Rep\u00fablica, Fl\u00e1vio Rocha, teve uma demonstra\u00e7\u00e3o, esta semana, de que precisa acertar e muito os ponteiros em seu partido. Ele defende o cadastro positivo e o seu partido terminou engrossando a obstru\u00e7\u00e3o que levou ao adiamento da vota\u00e7\u00e3o. Quem avalia a capacidade de lideran\u00e7a dos postulantes ao Planalto registrou o descompasso.O do PSC, Paulo Rabelo de Castro, tamb\u00e9m precisa se agarrar no mesmo servi\u00e7o. Os partidos de ambos est\u00e3o com problemas em fazer valer as ideias dos seus postulantes.<\/p>\n<p>Era assim ou\u2026<\/p>\n<p>A decis\u00e3o de Edson Fachin de conceder pris\u00e3o domiciliar de of\u00edcio a Paulo Maluf foi jogo combinado para evitar que a Suprema Corte terminasse aceitando novos recursos por parte dos r\u00e9us. Na vis\u00e3o de aliados do ministro, assim Maluf fica como uma exce\u00e7\u00e3o por causa do seu estado de sa\u00fade e fim de conversa. A porteira para dois recursos continuou fechada.<\/p>\n<p>Ser ou n\u00e3o ser<\/p>\n<p>Do Jap\u00e3o, onde est\u00e1 em viagem oficial pelo Senado, o senador Antonio Anastasia voltou a refletir sobre a candidatura ao governo de Minas.<\/p>\n<p>Calma, Gleisi, calma<\/p>\n<p>As cr\u00edticas da presidente do PT, senadora Gleisi Hoffmann, ao envio do caso do ex-governador Geraldo Alckmin \u00e0 Justi\u00e7a Eleitoral \u00e9 vista por quem entende do tra\u00e7ado como um tiro no p\u00e9. Afinal, o caso dela pode ter o mesmo destino, se for considerado dinheiro de campanha.<\/p>\n<p>Fechada em copas\/ A procuradora-geral da Rep\u00fablica, Raquel Dodge, evita ao m\u00e1ximo as audi\u00eancias com pol\u00edticos. Especialmente aqueles que ela sabe que v\u00e3o reclamar do trabalho dos procuradores.<\/p>\n<p>Reclama com o Bispo!\/ O resultado do estilo portas fechadas na Procuradoria \u00e9 que v\u00e3o todos reclamar no Supremo Tribunal Federal, onde as a\u00e7\u00f5es contra os pol\u00edticos des\u00e1guam.<br \/>\nFesta\/ O ex-ministro Jos\u00e9 Eduardo Cardozo (foto) reuniu um grupo de amigos, em sua maioria advogados, para comemorar o anivers\u00e1rio num restaurante de Bras\u00edlia. \u00c0 mesa, a expectativa era a de que o Supremo Tribunal Federal daria um al\u00edvio a Paulo Maluf ontem. Ficou abaixo do que eles queriam.<\/p>\n<p>Lembram dele?\/ Mineiro de Paracatu, Joaquim Barbosa tem um jeit\u00e3o parecido com o do ex-presidente Itamar Franco, que era de alguns rompantes, mas saiu do governo com aprova\u00e7\u00e3o. Privil\u00e9gio de poucos no Brasil.<\/p>\n","protected":false},"excerpt":{"rendered":"<p>\u00c9 assim que um grupo expressivo do PSB recebe o potencial candidato a presidente da Rep\u00fablica Joaquim Barbosa em seu primeiro encontro partid\u00e1rio. Ele, hoje, \u00e9 a ponte para o partido n\u00e3o se esfacelar na elei\u00e7\u00e3o de 2018. No momento, uma coliga\u00e7\u00e3o com o PSDB, ideal para o governador de S\u00e3o Paulo, M\u00e1rcio Fran\u00e7a, implode o partido. Uma alian\u00e7a com [&hellip;]<\/p>\n","protected":false},"author":29,"featured_media":0,"comment_status":"closed","ping_status":"closed","sticky":false,"template":"","format":"standard","meta":{"footnotes":""},"categories":[4],"tags":[],"class_list":["post-2107","post","type-post","status-publish","format-standard","hentry","category-coluna-brasilia-df"],"_links":{"self":[{"href":"https:\/\/blogs.correiobraziliense.com.br\/denise\/wp-json\/wp\/v2\/posts\/2107","targetHints":{"allow":["GET"]}}],"collection":[{"href":"https:\/\/blogs.correiobraziliense.com.br\/denise\/wp-json\/wp\/v2\/posts"}],"about":[{"href":"https:\/\/blogs.correiobraziliense.com.br\/denise\/wp-json\/wp\/v2\/types\/post"}],"author":[{"embeddable":true,"href":"https:\/\/blogs.correiobraziliense.com.br\/denise\/wp-json\/wp\/v2\/users\/29"}],"replies":[{"embeddable":true,"href":"https:\/\/blogs.correiobraziliense.com.br\/denise\/wp-json\/wp\/v2\/comments?post=2107"}],"version-history":[{"count":2,"href":"https:\/\/blogs.correiobraziliense.com.br\/denise\/wp-json\/wp\/v2\/posts\/2107\/revisions"}],"predecessor-version":[{"id":2110,"href":"https:\/\/blogs.correiobraziliense.com.br\/denise\/wp-json\/wp\/v2\/posts\/2107\/revisions\/2110"}],"wp:attachment":[{"href":"https:\/\/blogs.correiobraziliense.com.br\/denise\/wp-json\/wp\/v2\/media?parent=2107"}],"wp:term":[{"taxonomy":"category","embeddable":true,"href":"https:\/\/blogs.correiobraziliense.com.br\/denise\/wp-json\/wp\/v2\/categories?post=2107"},{"taxonomy":"post_tag","embeddable":true,"href":"https:\/\/blogs.correiobraziliense.com.br\/denise\/wp-json\/wp\/v2\/tags?post=2107"}],"curies":[{"name":"wp","href":"https:\/\/api.w.org\/{rel}","templated":true}]}}