{"id":2104,"date":"2018-04-19T05:59:55","date_gmt":"2018-04-19T08:59:55","guid":{"rendered":"https:\/\/blogs.correiobraziliense.com.br\/denise\/?p=2104"},"modified":"2018-04-19T11:01:48","modified_gmt":"2018-04-19T14:01:48","slug":"e-o-mdb-esquece-o-3-em-1","status":"publish","type":"post","link":"https:\/\/blogs.correiobraziliense.com.br\/denise\/e-o-mdb-esquece-o-3-em-1\/","title":{"rendered":"E o MDB esquece o \u201c3 em 1\u201d"},"content":{"rendered":"<p>Henrique Meirelles deixou o Minist\u00e9rio da Fazenda e se filiou ao MDB com desejo de concorrer \u00e0 Presid\u00eancia da Rep\u00fablica, mas, j\u00e1 no primeiro grande jantar da bancada na C\u00e2mara, n\u00e3o foi sequer convidado. Alguns parlamentares mais apressados sa\u00edram felizes, dizendo que finalmente a pr\u00e9-candidatura de Michel Temer decolou. Nada disso. O MDB est\u00e1 a cada dia mais ciente das dificuldades do atual presidente. Mas tem que deixar o nome de Temer na roda para evitar que a maioria esfarele mais r\u00e1pido nesse ambiente nebuloso.<\/p>\n<p>Quanto a Meirelles, quem l\u00ea a coluna constantemente sabe que ele j\u00e1 \u00e9 chamado de \u201ctr\u00eas em um\u201d por muitos do MDB: Tem dinheiro para financiar a pr\u00f3pria campanha, tem o discurso da defesa do governo e, para completar, pode ser abandonado caso n\u00e3o decole nas pesquisas. Ou seja, vai bem com o mote da pr\u00e9-campanha, \u201co tiozinho que resolve\u201d. Os entusiastas da candidatura do ex-ministro comentam que, se Lula e Temer chamaram Meirelles para resolver os problemas da economia, o eleitor em outubro pode fazer o mesmo. S\u00f3 tem um probleminha: se o MDB continuar se esquecendo dele, n\u00e3o vai ser o eleitor quem vai se lembrar.<\/p>\n<p>Preocupante<br \/>\nO MST faz uma s\u00e9rie de ocupa\u00e7\u00f5es simult\u00e2neas nesta semana para ver se cria um clima pela liberta\u00e7\u00e3o de Lula, uma vez que a popula\u00e7\u00e3o n\u00e3o se mobilizou. J\u00e1 foram oito ocupa\u00e7\u00f5es de fazendas, estradas e at\u00e9 uma repetidora de tev\u00ea nos \u00faltimos<br \/>\ndois dias.<\/p>\n<p>C\u00e1ssio na \u00e1rea I<br \/>\nNo papel de presidente do Senado nestes dias em que Eun\u00edcio Oliveira viaja ao Jap\u00e3o, o senador C\u00e1ssio Cunha Lima (PSDB-PB) colocou em pauta tudo o que estava represado. Entrou at\u00e9 mesmo um projeto que prev\u00ea multas para empreiteiras que n\u00e3o cumprem os prazos de entrega dos im\u00f3veis. O MDB se mobilizou e conseguiu tirar o projeto de pauta. Temporariamente.<\/p>\n<p>C\u00e1ssio na \u00e1rea II<br \/>\nO protagonismo de C\u00e1ssio fez acender o sinal de alerta no MDB. Se o partido n\u00e3o fizer a maior bancada de senadores na elei\u00e7\u00e3o deste ano e os tucanos arrematarem a Presid\u00eancia da Rep\u00fablica, adeus comando do Senado.<\/p>\n<p>Por falar em Senado\u2026<br \/>\nNos bastidores do MDB, o que preocupa mesmo hoje \u00e9 o destino de Milton Lyra, lobista preso na opera\u00e7\u00e3o Rizoma. Ele teve dois pedidos de habeas corpus negado. A torcida dos emedebistas agora \u00e9 para que o caso caia para algum ministro mais male\u00e1vel do Superior Tribunal de Justi\u00e7a e siga na mesma linha para o Supremo Tribunal Federal.<\/p>\n<p>Batman versus Superman\/ Procuradores e policiais voltam a se enfrentar pelo protagonismo das investiga\u00e7\u00f5es, na discuss\u00e3o do novo C\u00f3digo de Processo Penal em tramita\u00e7\u00e3o no Congresso. Ontem, no CB.Poder, o presidente da Associa\u00e7\u00e3o Nacional dos Procuradores da Rep\u00fablica, Jos\u00e9 Robalinho (foto), foi direto: \u201cO relator, que \u00e9 policial, mexe em algo que j\u00e1 estava sacramentado, que \u00e9 poder de investiga\u00e7\u00e3o do Minist\u00e9rio P\u00fablico. Se o fizer, for\u00e7a-tarefa, como a da Lava-Jato, acaba\u201d, alerta.<\/p>\n<p>Inje\u00e7\u00e3o de des\u00e2nimo\/ Entre os bilhetes que Lula recebeu, um foi do ex-ministro Jos\u00e9 Dirceu, falando da pris\u00e3o, do per\u00edodo que passou em Curitiba. Como pode voltar para l\u00e1 em breve, Dirceu termina na linha do \u201cdaqui a pouco estaremos juntos\u201d. Para quem n\u00e3o v\u00ea a hora de voltar \u00e0s conversas pol\u00edticas, n\u00e3o foi l\u00e1 muito animador.<\/p>\n<p>Sai pra l\u00e1, tristeza\/ Um dos visitantes de Lula chegou a ficar com os olhos marejados. O ex-presidente foi logo dizendo: \u201cN\u00e3o quero ver ningu\u00e9m chorando aqui\u201d. Faz sentido.<\/p>\n<p>Lula e Temer\/ Antes de se dedicar \u00e0 leitura de Homo Deus, do fil\u00f3sofo israelense Yuval Noah Harari, Lula leu Sapiens, do mesmo autor. Ficou t\u00e3o impressionado quanto o presidente Michel Temer.<\/p>\n","protected":false},"excerpt":{"rendered":"<p>Henrique Meirelles deixou o Minist\u00e9rio da Fazenda e se filiou ao MDB com desejo de concorrer \u00e0 Presid\u00eancia da Rep\u00fablica, mas, j\u00e1 no primeiro grande jantar da bancada na C\u00e2mara, n\u00e3o foi sequer convidado. Alguns parlamentares mais apressados sa\u00edram felizes, dizendo que finalmente a pr\u00e9-candidatura de Michel Temer decolou. Nada disso. O MDB est\u00e1 a cada dia mais ciente das [&hellip;]<\/p>\n","protected":false},"author":29,"featured_media":0,"comment_status":"closed","ping_status":"closed","sticky":false,"template":"","format":"standard","meta":{"footnotes":""},"categories":[4],"tags":[],"class_list":["post-2104","post","type-post","status-publish","format-standard","hentry","category-coluna-brasilia-df"],"_links":{"self":[{"href":"https:\/\/blogs.correiobraziliense.com.br\/denise\/wp-json\/wp\/v2\/posts\/2104","targetHints":{"allow":["GET"]}}],"collection":[{"href":"https:\/\/blogs.correiobraziliense.com.br\/denise\/wp-json\/wp\/v2\/posts"}],"about":[{"href":"https:\/\/blogs.correiobraziliense.com.br\/denise\/wp-json\/wp\/v2\/types\/post"}],"author":[{"embeddable":true,"href":"https:\/\/blogs.correiobraziliense.com.br\/denise\/wp-json\/wp\/v2\/users\/29"}],"replies":[{"embeddable":true,"href":"https:\/\/blogs.correiobraziliense.com.br\/denise\/wp-json\/wp\/v2\/comments?post=2104"}],"version-history":[{"count":1,"href":"https:\/\/blogs.correiobraziliense.com.br\/denise\/wp-json\/wp\/v2\/posts\/2104\/revisions"}],"predecessor-version":[{"id":2105,"href":"https:\/\/blogs.correiobraziliense.com.br\/denise\/wp-json\/wp\/v2\/posts\/2104\/revisions\/2105"}],"wp:attachment":[{"href":"https:\/\/blogs.correiobraziliense.com.br\/denise\/wp-json\/wp\/v2\/media?parent=2104"}],"wp:term":[{"taxonomy":"category","embeddable":true,"href":"https:\/\/blogs.correiobraziliense.com.br\/denise\/wp-json\/wp\/v2\/categories?post=2104"},{"taxonomy":"post_tag","embeddable":true,"href":"https:\/\/blogs.correiobraziliense.com.br\/denise\/wp-json\/wp\/v2\/tags?post=2104"}],"curies":[{"name":"wp","href":"https:\/\/api.w.org\/{rel}","templated":true}]}}