{"id":2098,"date":"2018-04-14T11:42:42","date_gmt":"2018-04-14T14:42:42","guid":{"rendered":"https:\/\/blogs.correiobraziliense.com.br\/denise\/?p=2098"},"modified":"2018-04-14T11:42:42","modified_gmt":"2018-04-14T14:42:42","slug":"joaquim-e-jose","status":"publish","type":"post","link":"https:\/\/blogs.correiobraziliense.com.br\/denise\/joaquim-e-jose\/","title":{"rendered":"Joaquim e Jos\u00e9"},"content":{"rendered":"<p>Se o PT quiser apoiar a candidatura de Joaquim Barbosa \u00e0 Presid\u00eancia da Rep\u00fablica, o ministro aposentado do Supremo n\u00e3o ter\u00e1 o menor problema em receb\u00ea-los em seu palanque. \u201cApoio n\u00e3o se recusa\u201d, tem dito ele a interlocutores. \u00c9 estabelecido um programa, fazendo com que todos sigam \u00e0 risca o que for tra\u00e7ado. Da parte do PT, at\u00e9 o ex- ministro Jos\u00e9 Dirceu, que teve em Barbosa seu principal algoz no processo do mensal\u00e3o, n\u00e3o faz obje\u00e7\u00f5es. Falta combinar com os \u201crussos\u201d.<br \/>\nA presidente do PT, Gleisi Hoffmann, n\u00e3o topa. Comenta-se no PT que ela chegou a colocar o dedo na cara do ex-ministro Jaques Wagner, por causa das declara\u00e7\u00f5es  em defesa de uma candidatura \u00fanica das esquerdas. H\u00e1 quem diga que, com Gleisi no comando, n\u00e3o tem acordo com o PSB.<\/p>\n<p>Demorou, perdeu<\/p>\n<p>O Congresso perdeu a chance de reduzir o foro privilegiado e ganhar um discurso para os pr\u00f3prios deputados ao longo da campanha, separando a maioria dos atuais congressistas daqueles envolvidos no petrol\u00e3o. Agora, por\u00e9m, \u00e9 tarde. Quem vai cuidar do tema \u00e9 o Supremo Tribunal Federal. Assim, restar\u00e1 mais um desgaste para os congressistas.<\/p>\n<p>Boca fechada\u2026<\/p>\n<p>\u2026 N\u00e3o entra mosca. Por isso, Joaquim Barbosa est\u00e1 quieto. N\u00e3o \u00e9 hora de falar sobre o habeas corpus de Lula, de pris\u00e3o em segunda inst\u00e2ncia. O neossocialista est\u00e1 dedicado a montar a sua pr\u00f3pria estrutura de pr\u00e9-campanha e terminar as conversas para quebrar resist\u00eancias internas.<\/p>\n<p>Por falar em resist\u00eancias internas\u2026<\/p>\n<p>O desejo de parte dos socialistas, em especial, os ligados ao governador de S\u00e3o Paulo, M\u00e1rcio Fran\u00e7a, \u00e9 que Barbosa seja candidato ao governo do Rio de Janeiro. Por\u00e9m, se o jurista demonstrar um bom desempenho nas pesquisas, ningu\u00e9m vai tir\u00e1-lo mais da corrida presidencial. Vale lembrar que chegava a dois d\u00edgitos quando n\u00e3o era filiado a partido pol\u00edtico. A tend\u00eancia agora, avaliam alguns, \u00e9 ampliar.<\/p>\n<p>No embalo do Datafolha<\/p>\n<p>A depender dos n\u00fameros que apresentar nas pesquisas que sair\u00e3o neste fim de semana, o PSB vai come\u00e7ar as conversas sobre alian\u00e7as presidenciais em torno de Joaquim Barbosa na cabe\u00e7a de chapa. No partido, reina, desde Eduardo Campos, o ditado popular: quem chega primeiro bebe \u00e1gua limpa.<\/p>\n<p>E o Doria, hein?\/ Agora que virou r\u00e9u na a\u00e7\u00e3o popular que pede a suspens\u00e3o da PPP para troca da ilumina\u00e7\u00e3o p\u00fablica de S\u00e3o Paulo, o ex-prefeito Jo\u00e3o Doria (foto) abriu um flanco aos advers\u00e1rios. Essa PPP \u00e9 a mesma que provocou a demiss\u00e3o de Denise Abreu por suspeita de recebimento de propina. Denise saiu, mas os pagamentos foram mantidos.<\/p>\n<p>Eles t\u00eam medo\/ Aliados de Jair Bolsonaro (PSL) temem que ele seja este ano o que Ciro Gomes foi em 2002. Ciro ganhou uma onda positiva e perdeu for\u00e7a quando fez um coment\u00e1rio machista a respeito da mulher, Patr\u00edcia Pillar. Agora, Bolsonaro est\u00e1 denunciado por racismo.<\/p>\n<p>Por falar em Ciro&#8230;\/ De olho nos movimentos do PT, que j\u00e1 v\u00ea com simpatia at\u00e9 o nome de Joaquim Barbosa, o juiz do mensal\u00e3o, eis que surge um pedido de Ciro Gomes (PDT) para visitar Lula. O pedetista achava que os votos do ex-presidente iriam para o seu colo sem muito esfor\u00e7o. Agora, percebe que n\u00e3o ser\u00e1 assim t\u00e3o f\u00e1cil. Por isso, quer cortejar o l\u00edder, coisa que Joaquim n\u00e3o far\u00e1.<\/p>\n<p>Discret\u00edssima\/ A presidente da Rep\u00fablica em exerc\u00edcio, C\u00e1rmen L\u00facia, manteve a tradi\u00e7\u00e3o de n\u00e3o despachar na mesa de trabalho presidencial.<\/p>\n","protected":false},"excerpt":{"rendered":"<p>Se o PT quiser apoiar a candidatura de Joaquim Barbosa \u00e0 Presid\u00eancia da Rep\u00fablica, o ministro aposentado do Supremo n\u00e3o ter\u00e1 o menor problema em receb\u00ea-los em seu palanque. \u201cApoio n\u00e3o se recusa\u201d, tem dito ele a interlocutores. \u00c9 estabelecido um programa, fazendo com que todos sigam \u00e0 risca o que for tra\u00e7ado. Da parte do PT, at\u00e9 o ex- [&hellip;]<\/p>\n","protected":false},"author":29,"featured_media":0,"comment_status":"closed","ping_status":"closed","sticky":false,"template":"","format":"standard","meta":{"footnotes":""},"categories":[4],"tags":[],"class_list":["post-2098","post","type-post","status-publish","format-standard","hentry","category-coluna-brasilia-df"],"_links":{"self":[{"href":"https:\/\/blogs.correiobraziliense.com.br\/denise\/wp-json\/wp\/v2\/posts\/2098","targetHints":{"allow":["GET"]}}],"collection":[{"href":"https:\/\/blogs.correiobraziliense.com.br\/denise\/wp-json\/wp\/v2\/posts"}],"about":[{"href":"https:\/\/blogs.correiobraziliense.com.br\/denise\/wp-json\/wp\/v2\/types\/post"}],"author":[{"embeddable":true,"href":"https:\/\/blogs.correiobraziliense.com.br\/denise\/wp-json\/wp\/v2\/users\/29"}],"replies":[{"embeddable":true,"href":"https:\/\/blogs.correiobraziliense.com.br\/denise\/wp-json\/wp\/v2\/comments?post=2098"}],"version-history":[{"count":1,"href":"https:\/\/blogs.correiobraziliense.com.br\/denise\/wp-json\/wp\/v2\/posts\/2098\/revisions"}],"predecessor-version":[{"id":2099,"href":"https:\/\/blogs.correiobraziliense.com.br\/denise\/wp-json\/wp\/v2\/posts\/2098\/revisions\/2099"}],"wp:attachment":[{"href":"https:\/\/blogs.correiobraziliense.com.br\/denise\/wp-json\/wp\/v2\/media?parent=2098"}],"wp:term":[{"taxonomy":"category","embeddable":true,"href":"https:\/\/blogs.correiobraziliense.com.br\/denise\/wp-json\/wp\/v2\/categories?post=2098"},{"taxonomy":"post_tag","embeddable":true,"href":"https:\/\/blogs.correiobraziliense.com.br\/denise\/wp-json\/wp\/v2\/tags?post=2098"}],"curies":[{"name":"wp","href":"https:\/\/api.w.org\/{rel}","templated":true}]}}