{"id":2096,"date":"2018-04-13T05:29:36","date_gmt":"2018-04-13T08:29:36","guid":{"rendered":"https:\/\/blogs.correiobraziliense.com.br\/denise\/?p=2096"},"modified":"2018-04-13T17:30:05","modified_gmt":"2018-04-13T20:30:05","slug":"doria-na-pressao","status":"publish","type":"post","link":"https:\/\/blogs.correiobraziliense.com.br\/denise\/doria-na-pressao\/","title":{"rendered":"Doria na press\u00e3o"},"content":{"rendered":"<p>Incomodado com a parceria entre o PSDB do presidenci\u00e1vel Geraldo Alckmin e o PSB do governador candidato de S\u00e3o Paulo, M\u00e1rcio Fran\u00e7a, o ex-prefeito Jo\u00e3o Doria passa a cobrar do ex-governador uma postura mais clara em defesa da sua pr\u00e9-candidatura ao governo do estado. Nos meandros do discurso, Doria diz que vai apoiar o nome do partido ao Planalto e coisa e tal, mas come\u00e7a a dizer que Alckmin \u00e9 \u201cmais inibido\u201d, n\u00e3o \u00e9 de \u201csubir no palanque para fazer o enfrentamento\u201d, e que ele (Doria) \u00e9 mais aguerrido.<\/p>\n<p>Para bons entendedores do pr\u00f3prio PSDB, o recado est\u00e1 dado: ou Geraldo Alckmin entra de cabe\u00e7a na campanha de Doria, ou o candidato a governador pelo PSDB vai levar seu pessoal a pedir que o ex-prefeito seja o candidato do partido a presidente da Rep\u00fablica, como forma de dar ao PSDB uma postura mais aguerrida na campanha presidencial. As cobran\u00e7as come\u00e7aram mais cedo do que os alckministas esperavam. E Geraldo que durma com um barulho desses.<\/p>\n<p>Onde mora o perigo<br \/>\nN\u00e3o \u00e9 bem Paulo Preto que preocupa parte do PSDB. E sim os demais presos na mesma opera\u00e7\u00e3o da PF. Um deles est\u00e1 h\u00e1 quatro dias nas depend\u00eancias da Pol\u00edcia Federal. Se o ex-diretor do Dersa n\u00e3o falar, a aposta \u00e9 a de que outros falar\u00e3o.<\/p>\n<p>Onde reside a esperan\u00e7a<br \/>\nO governo n\u00e3o tira os olhos da interven\u00e7\u00e3o no Rio de Janeiro. Acredita-se, no entorno de Michel Temer, que, se ela der certo e as investiga\u00e7\u00f5es chegarem logo aos mandantes do assassinato da vereadora Marielle Franco e de seu motorista, os governistas ter\u00e3o alguma chance de sucesso nas campanhas estadual e federal.<\/p>\n<p>Milton, o canal<br \/>\nA pris\u00e3o de Milton Lyra na opera\u00e7\u00e3o Rizoma, a mesma que levou o petista Marcelo Sereno para tr\u00e1s das grades, voltou a deixar os emedebistas insones. H\u00e1 quem diga que pode vir da\u00ed uma dela\u00e7\u00e3o capaz de fazer balan\u00e7ar a campanha dos senadores do partido.<\/p>\n<p>Serenidade<br \/>\nAl\u00e9m do enrosco na Lava-Jato, Milton Lyra e Marcelo Sereno t\u00eam em comum o gosto pelos vinhos caros. Gostavam de ostentar preciosidades da ordem de US$ 1,5 mil a garrafa.<\/p>\n<p>V\u00e3o se preparando<br \/>\nSe algu\u00e9m tinha alguma d\u00favida sobre a disposi\u00e7\u00e3o do Supremo Tribunal Federal de apoiar as decis\u00f5es da Lava-Jato, o 7 a 4 em favor da manuten\u00e7\u00e3o de Ant\u00f4nio Palocci na pris\u00e3o dissipou qualquer d\u00favida. Quem est\u00e1 preso que v\u00e1 se acostumando com o aperto.<\/p>\n<p>\u201cChama o tio, que ele resolve\u201d \/  Numa roda de conversas em S\u00e3o Paulo, empres\u00e1rios sugerem esse slogan para a campanha presidencial do ex-ministro da Fazenda Henrique Meirelles (foto)<\/p>\n<p>Pensando bem&#8230;\/ Embora descrentes das chances de Meirelles ser candidato a presidente da Rep\u00fablica, empres\u00e1rios consideram que o mote de campanha de Meirelles est\u00e1 dado: todos os \u00faltimos presidentes o chamaram para pedir um socorro na hora que o bicho pegou na economia. A \u00fanica que n\u00e3o chamou se deu mal. Levou os indicadores para o fundo do po\u00e7o.<\/p>\n<p>Susto na PF I\/  Agentes da Pol\u00edcia Federal tomaram um susto ontem no edif\u00edcio-sede, em Bras\u00edlia. Tudo porque adolescentes passaram atr\u00e1s do pr\u00e9dio conhecido como M\u00e1scara Negra batendo forte nos vidros.<\/p>\n<p>Susto na PF II\/  O estrondo foi tal que policiais chegaram a fazer uma vistoria para ver se havia sido alguma pedra. Quando viram que se tratava de um grupo de jovens, deram meia-volta e desistiram da persegui\u00e7\u00e3o. N\u00e3o deve ser f\u00e1cil trabalhar num pr\u00e9dio que simboliza a institui\u00e7\u00e3o alvo de mau-olhado de tantos figur\u00f5es de Bras\u00edlia.<\/p>\n","protected":false},"excerpt":{"rendered":"<p>Incomodado com a parceria entre o PSDB do presidenci\u00e1vel Geraldo Alckmin e o PSB do governador candidato de S\u00e3o Paulo, M\u00e1rcio Fran\u00e7a, o ex-prefeito Jo\u00e3o Doria passa a cobrar do ex-governador uma postura mais clara em defesa da sua pr\u00e9-candidatura ao governo do estado. Nos meandros do discurso, Doria diz que vai apoiar o nome do partido ao Planalto e [&hellip;]<\/p>\n","protected":false},"author":29,"featured_media":0,"comment_status":"closed","ping_status":"closed","sticky":false,"template":"","format":"standard","meta":{"footnotes":""},"categories":[4],"tags":[],"class_list":["post-2096","post","type-post","status-publish","format-standard","hentry","category-coluna-brasilia-df"],"_links":{"self":[{"href":"https:\/\/blogs.correiobraziliense.com.br\/denise\/wp-json\/wp\/v2\/posts\/2096","targetHints":{"allow":["GET"]}}],"collection":[{"href":"https:\/\/blogs.correiobraziliense.com.br\/denise\/wp-json\/wp\/v2\/posts"}],"about":[{"href":"https:\/\/blogs.correiobraziliense.com.br\/denise\/wp-json\/wp\/v2\/types\/post"}],"author":[{"embeddable":true,"href":"https:\/\/blogs.correiobraziliense.com.br\/denise\/wp-json\/wp\/v2\/users\/29"}],"replies":[{"embeddable":true,"href":"https:\/\/blogs.correiobraziliense.com.br\/denise\/wp-json\/wp\/v2\/comments?post=2096"}],"version-history":[{"count":1,"href":"https:\/\/blogs.correiobraziliense.com.br\/denise\/wp-json\/wp\/v2\/posts\/2096\/revisions"}],"predecessor-version":[{"id":2097,"href":"https:\/\/blogs.correiobraziliense.com.br\/denise\/wp-json\/wp\/v2\/posts\/2096\/revisions\/2097"}],"wp:attachment":[{"href":"https:\/\/blogs.correiobraziliense.com.br\/denise\/wp-json\/wp\/v2\/media?parent=2096"}],"wp:term":[{"taxonomy":"category","embeddable":true,"href":"https:\/\/blogs.correiobraziliense.com.br\/denise\/wp-json\/wp\/v2\/categories?post=2096"},{"taxonomy":"post_tag","embeddable":true,"href":"https:\/\/blogs.correiobraziliense.com.br\/denise\/wp-json\/wp\/v2\/tags?post=2096"}],"curies":[{"name":"wp","href":"https:\/\/api.w.org\/{rel}","templated":true}]}}