{"id":2092,"date":"2018-04-12T06:02:29","date_gmt":"2018-04-12T09:02:29","guid":{"rendered":"https:\/\/blogs.correiobraziliense.com.br\/denise\/?p=2092"},"modified":"2018-04-12T06:02:29","modified_gmt":"2018-04-12T09:02:29","slug":"relator-empoderado","status":"publish","type":"post","link":"https:\/\/blogs.correiobraziliense.com.br\/denise\/relator-empoderado\/","title":{"rendered":"Relator empoderado"},"content":{"rendered":"<p>Se teve um vitorioso ontem no Supremo Tribunal Federal (STF) antes mesmo de terminada a sess\u00e3o foi o ministro-relator da Lava-Jato, Edson Fachin. Ele ganhou da maioria dos colegas o direito de levar qualquer pedido de habeas corpus diretamente ao plen\u00e1rio da Suprema Corte, sem necessidade de se dirigir diretamente \u00e0 2\u00aa Turma, onde a maioria do colegiado, composto por Gilmar Mendes, Dias Toffoli, Ricardo Lewandowski, Celso de Mello e Fachin, tem libertado os enroscados na Lava-Jato, como fizeram com Jos\u00e9 Carlos Bumlai. Ali\u00e1s, foi depois da libera\u00e7\u00e3o de Bumlai que Fachin decidiu levar o caso Palocci ao pleno. Agora, dizem aqueles que conhecem Fachin, \u00e9 bom o pleno da Casa se acostumar, porque outros pedidos vir\u00e3o.<br \/>\n\u00bb \u00bb \u00bb <\/p>\n<p>Em tempo: A onda do plen\u00e1rio do STF criada a partir do caso do ex-ministro Antonio Palocci indica que, ali, vai ser dif\u00edcil liberar os encarcerados da Lava-Jato. Em outras palavras, o ex-presidente Lula vai esperar um bom tempo para sair da cadeia.<\/p>\n<p>Mudan\u00e7a dos ventos<br \/>\nDepois de horas fechado com representantes do MDB paulista, o ministro da Secretaria de Governo, Carlos Marun, seguiu para S\u00e3o Paulo. O partido, que tem em Paulo Skaf seu pr\u00e9-candidato a governador e em Bras\u00edlia mantinha conversas com o ex-prefeito Jo\u00e3o Doria, est\u00e1 cada vez mais pr\u00f3ximo do governador M\u00e1rcio Fran\u00e7a. Marun foi at\u00e9 l\u00e1 dar um freio de arruma\u00e7\u00e3o. A ordem \u00e9 esperar mais um pouco para ver como \u00e9 que fica.<\/p>\n<p>Duas leituras<br \/>\nA sa\u00edda de 13 deputados do MDB, provocada basicamente por problemas regionais, ser\u00e1 fartamente explorada como uma baixa por causa das den\u00fancias envolvendo o presidente Michel Temer e seus amigos. Ningu\u00e9m quer ser obrigado a explicar a pris\u00e3o dos dois ex-presidentes da C\u00e2mara indicados pelo partido, Eduardo Cunha e Henrique Eduardo Alves, nem os R$ 51 milh\u00f5es de Geddel Vieira Lima.<\/p>\n<p>A onda \u00e9 renovar<br \/>\nCandidato da oposi\u00e7\u00e3o a presidente da Confedera\u00e7\u00e3o Nacional do Com\u00e9rcio, o deputado La\u00e9rcio Oliveira adota as mesmas bandeiras que prometem nortear as elei\u00e7\u00f5es de outubro. Boa gest\u00e3o de recursos p\u00fablicos e renova\u00e7\u00e3o. A elei\u00e7\u00e3o da CNC \u00e9 em setembro, quando a campanha pol\u00edtica estar\u00e1 pegando fogo. La\u00e9rcio vai propor, por exemplo, a m\u00e1ximo de dois mandatos para que algu\u00e9m possa presidir a institui\u00e7\u00e3o. O atual presidente, Ant\u00f4nio Santos, est\u00e1 l\u00e1 desde 1980 e apoia Jos\u00e9 Roberto Tadros.<\/p>\n<p>Disputa acirrada<br \/>\nCom o empate t\u00e9cnico entre os concorrentes, cada um joga com as armas que tem. Tadros se apega a Santos, enquanto La\u00e9rcio Oliveira lembra seus projetos na C\u00e2mara, como o que instituiu o trabalho intermitente e a relatoria do projeto da terceiriza\u00e7\u00e3o.<\/p>\n<p>E o clim\u00e3o continua\/ Enquanto o ministro Gilmar Mendes expunha seu voto sobre a necessidade de o plen\u00e1rio analisar o pedido de HC de Palocci, Edson Fachin digitava em seu laptop.<\/p>\n<p>E nos bastidores&#8230;\/ Os advogados est\u00e3o a cada dia mais boquiabertos com o STF. Recusar an\u00e1lise de um habeas corpus a algu\u00e9m preso preventivamente h\u00e1 mais de um ano deixou muitos \u00e0 beira de um ataque de nervos.<\/p>\n<p>E a economia, hein?\/ Eduardo Guardia aproveitou a transmiss\u00e3o de cargo para confirmar toda a equipe e ver se acalma o mercado. Melhor assim.<\/p>\n<p>Suprapartid\u00e1rio\/ O novo ministro do Esporte, Leandro Cruz, conseguiu reunir quase todos os ex-ministros da pasta na transmiss\u00e3o de cargo. Tudo porque criou uma galeria para estampar as fotos daqueles que j\u00e1 comandaram o minist\u00e9rio. L\u00e1 estavam Orlando Silva, Aldo Rebelo, George Hilton e, \u00f3bvio, Leonardo Picciani, (foto), que sai do governo para concorrer a um mandato de<br \/>\ndeputado federal.<\/p>\n<p>Faltou um\/ Na galeria constam apenas aqueles que ocuparam o cargo a partir do governo Lula (antes o minist\u00e9rio era \u2018extraordin\u00e1rio\u2019). Do rol de ex-ministros do per\u00edodo Lula-Dilma-Temer, apenas Agnelo Queiroz n\u00e3o compareceu. Mandou dizer que estava doente.<\/p>\n","protected":false},"excerpt":{"rendered":"<p>Se teve um vitorioso ontem no Supremo Tribunal Federal (STF) antes mesmo de terminada a sess\u00e3o foi o ministro-relator da Lava-Jato, Edson Fachin. Ele ganhou da maioria dos colegas o direito de levar qualquer pedido de habeas corpus diretamente ao plen\u00e1rio da Suprema Corte, sem necessidade de se dirigir diretamente \u00e0 2\u00aa Turma, onde a maioria do colegiado, composto por [&hellip;]<\/p>\n","protected":false},"author":29,"featured_media":0,"comment_status":"closed","ping_status":"closed","sticky":false,"template":"","format":"standard","meta":{"footnotes":""},"categories":[4],"tags":[],"class_list":["post-2092","post","type-post","status-publish","format-standard","hentry","category-coluna-brasilia-df"],"_links":{"self":[{"href":"https:\/\/blogs.correiobraziliense.com.br\/denise\/wp-json\/wp\/v2\/posts\/2092","targetHints":{"allow":["GET"]}}],"collection":[{"href":"https:\/\/blogs.correiobraziliense.com.br\/denise\/wp-json\/wp\/v2\/posts"}],"about":[{"href":"https:\/\/blogs.correiobraziliense.com.br\/denise\/wp-json\/wp\/v2\/types\/post"}],"author":[{"embeddable":true,"href":"https:\/\/blogs.correiobraziliense.com.br\/denise\/wp-json\/wp\/v2\/users\/29"}],"replies":[{"embeddable":true,"href":"https:\/\/blogs.correiobraziliense.com.br\/denise\/wp-json\/wp\/v2\/comments?post=2092"}],"version-history":[{"count":1,"href":"https:\/\/blogs.correiobraziliense.com.br\/denise\/wp-json\/wp\/v2\/posts\/2092\/revisions"}],"predecessor-version":[{"id":2093,"href":"https:\/\/blogs.correiobraziliense.com.br\/denise\/wp-json\/wp\/v2\/posts\/2092\/revisions\/2093"}],"wp:attachment":[{"href":"https:\/\/blogs.correiobraziliense.com.br\/denise\/wp-json\/wp\/v2\/media?parent=2092"}],"wp:term":[{"taxonomy":"category","embeddable":true,"href":"https:\/\/blogs.correiobraziliense.com.br\/denise\/wp-json\/wp\/v2\/categories?post=2092"},{"taxonomy":"post_tag","embeddable":true,"href":"https:\/\/blogs.correiobraziliense.com.br\/denise\/wp-json\/wp\/v2\/tags?post=2092"}],"curies":[{"name":"wp","href":"https:\/\/api.w.org\/{rel}","templated":true}]}}