{"id":2088,"date":"2018-04-11T05:10:15","date_gmt":"2018-04-11T08:10:15","guid":{"rendered":"https:\/\/blogs.correiobraziliense.com.br\/denise\/?p=2088"},"modified":"2018-04-11T10:39:29","modified_gmt":"2018-04-11T13:39:29","slug":"2088-2","status":"publish","type":"post","link":"https:\/\/blogs.correiobraziliense.com.br\/denise\/2088-2\/","title":{"rendered":"Roteiro pronto"},"content":{"rendered":"<p>O per\u00edodo de pr\u00e9-campanha do PT de abril a 15 de agosto est\u00e1 desenhado: \u00e9 montar abaixo-assinados, atos e palanques com todos os partidos de esquerda (que quiserem, obviamente), todos com a candidatura e hastag Lula Livre. O PT, entretanto, sabe que o pedido de registro ser\u00e1 negado. Ent\u00e3o, colocar\u00e1 outro candidato (Fernando Haddad, ex-prefeito de S\u00e3o Paulo). Por que, ent\u00e3o, manter Lula?<br \/>\nPorque todos os petistas lucram.<\/p>\n<p>\u00bb \u00bb \u00bb <\/p>\n<p>Lula ter\u00e1, daqui para frente, uma campanha permanente pelo alvar\u00e1 de soltura. E os petistas um mote claro para galvanizar os pr\u00f3prios votos para deputado federal, estadual, senador e governador. Falta, obviamente, combinar com o povo. Por\u00e9m, dada a presen\u00e7a de oito governadores do Norte e do Nordeste em Curitiba ontem para visitar o ex-presidente, h\u00e1 um sinal claro de que Lula ainda tem poder de fogo para alavancar os seus.<\/p>\n<p>Salve-se quem puder<\/p>\n<p>Cristaliza nos partidos a ideia de que a pris\u00e3o de Lula abriu a porteira. E quem tiver contas a acertar com a Justi\u00e7a, \u00e9 melhor colocar as barbas de molho e pensar duas vezes antes de sair candidato. Pode ser abatido em pleno hor\u00e1rio eleitoral.<\/p>\n<p>Pelo sim, pelo n\u00e3o<\/p>\n<p>Nos bastidores da posse dos ministros, deputados lembravam que o presidente Michel Temer n\u00e3o pode prescindir de apoio no Congresso. E n\u00e3o \u00e9 nem para votar projetos. \u00c9 o receio da terceira den\u00fancia. Foi por isso que o PP, hoje com 51 deputados e prestes a virar a segunda maior bancada da C\u00e2mara, ficou com Minist\u00e9rio da Sa\u00fade, Caixa Econ\u00f4mica Federal e Cidades \u2014 uma joint venture com o presidente da C\u00e2mara, Rodrigo Maia.<\/p>\n<p>Uma certeza e uma inc\u00f3gnita<\/p>\n<p>A met\u00e1stase, consequ\u00eancia do c\u00e2ncer de pr\u00f3stata, e a trombose profunda na perna esquerda prometem levar o plen\u00e1rio do Supremo Tribunal Federal a seguir o ministro Dias Toffoli e conceder a pris\u00e3o domiciliar a Paulo Maluf. Quanto \u00e0 pris\u00e3o em segunda inst\u00e2ncia, a aposta geral \u00e9 a de que, dificilmente, o STF vai rever a jurisprud\u00eancia neste momento, mesmo depois de confirmado o adiamento do tema para a semana que vem.<\/p>\n<p>Nem amarrado!<\/p>\n<p>Houve quem, dentro do PSB,  tentasse sondar o neossocialista Joaquim Barbosa para uma visita a Lula. Nem piscou.<\/p>\n<p>Rusgas governistas I\/ O fato de o presidente da C\u00e2mara, Rodrigo Maia, marcar reuni\u00e3o de l\u00edderes ontem justamente na hora da posse dos 10 ministros fez crescer as desconfian\u00e7as de que Maia quer mesmo dist\u00e2ncia do governo.<\/p>\n<p>Rusgas governistas II\/ Quem acompanha esse clim\u00e3o entre Michel Temer e Rodrigo Maia lembra ao deputado que a oposi\u00e7\u00e3o ao governo j\u00e1 est\u00e1 ocupada. Como diz a m\u00fasica, \u201cMeu amigo\/se ajeite comigo\/e d\u00ea gra\u00e7as a Deus\u201d.<\/p>\n<p>Monoel\u00e9trico\/ Na terra dos trios, o deputado baiano L\u00facio Vieira Lima (foto) sair\u00e1 praticamente sozinho na balada eleitoral. \u00c9 que, at\u00e9 agora, nenhum partido se apresentou para alian\u00e7a com o MDB baiano.<\/p>\n<p>Onde mora o perigo\/ Os candidatos a presidente que se preparem. Provocadores, como o de ontem, que brigou com Ciro Gomes e o que xingou Manuela D\u00b4\u00c1vila, v\u00e3o aparecer o tempo todo. Ser\u00e1 preciso nervos de a\u00e7o para aguent\u00e1-los.<\/p>\n","protected":false},"excerpt":{"rendered":"<p>O per\u00edodo de pr\u00e9-campanha do PT de abril a 15 de agosto est\u00e1 desenhado: \u00e9 montar abaixo-assinados, atos e palanques com todos os partidos de esquerda (que quiserem, obviamente), todos com a candidatura e hastag Lula Livre. O PT, entretanto, sabe que o pedido de registro ser\u00e1 negado. Ent\u00e3o, colocar\u00e1 outro candidato (Fernando Haddad, ex-prefeito de S\u00e3o Paulo). Por que, [&hellip;]<\/p>\n","protected":false},"author":29,"featured_media":0,"comment_status":"closed","ping_status":"closed","sticky":false,"template":"","format":"standard","meta":{"footnotes":""},"categories":[4],"tags":[],"class_list":["post-2088","post","type-post","status-publish","format-standard","hentry","category-coluna-brasilia-df"],"_links":{"self":[{"href":"https:\/\/blogs.correiobraziliense.com.br\/denise\/wp-json\/wp\/v2\/posts\/2088","targetHints":{"allow":["GET"]}}],"collection":[{"href":"https:\/\/blogs.correiobraziliense.com.br\/denise\/wp-json\/wp\/v2\/posts"}],"about":[{"href":"https:\/\/blogs.correiobraziliense.com.br\/denise\/wp-json\/wp\/v2\/types\/post"}],"author":[{"embeddable":true,"href":"https:\/\/blogs.correiobraziliense.com.br\/denise\/wp-json\/wp\/v2\/users\/29"}],"replies":[{"embeddable":true,"href":"https:\/\/blogs.correiobraziliense.com.br\/denise\/wp-json\/wp\/v2\/comments?post=2088"}],"version-history":[{"count":2,"href":"https:\/\/blogs.correiobraziliense.com.br\/denise\/wp-json\/wp\/v2\/posts\/2088\/revisions"}],"predecessor-version":[{"id":2090,"href":"https:\/\/blogs.correiobraziliense.com.br\/denise\/wp-json\/wp\/v2\/posts\/2088\/revisions\/2090"}],"wp:attachment":[{"href":"https:\/\/blogs.correiobraziliense.com.br\/denise\/wp-json\/wp\/v2\/media?parent=2088"}],"wp:term":[{"taxonomy":"category","embeddable":true,"href":"https:\/\/blogs.correiobraziliense.com.br\/denise\/wp-json\/wp\/v2\/categories?post=2088"},{"taxonomy":"post_tag","embeddable":true,"href":"https:\/\/blogs.correiobraziliense.com.br\/denise\/wp-json\/wp\/v2\/tags?post=2088"}],"curies":[{"name":"wp","href":"https:\/\/api.w.org\/{rel}","templated":true}]}}