{"id":2081,"date":"2018-04-07T06:12:36","date_gmt":"2018-04-07T09:12:36","guid":{"rendered":"https:\/\/blogs.correiobraziliense.com.br\/denise\/?p=2081"},"modified":"2018-04-07T18:02:34","modified_gmt":"2018-04-07T21:02:34","slug":"nova-vila-euclides","status":"publish","type":"post","link":"https:\/\/blogs.correiobraziliense.com.br\/denise\/nova-vila-euclides\/","title":{"rendered":"A nova Vila Euclides"},"content":{"rendered":"<p>A simbologia da concentra\u00e7\u00e3o do PT no Sindicato dos Metal\u00fargicos de S\u00e3o Paulo durante toda a sexta-feira foi proposital, num esfor\u00e7o para recriar o clima das assembleias da Vila Euclides, famosas em abril de 1980, quando Lula foi preso pela pol\u00edcia do regime militar junto com outros dirigentes sindicais do ABC. Enquanto os metal\u00fargicos se concentravam, Lula ganhava tempo para negociar, da mesma forma que faz agora com a Justi\u00e7a. <\/p>\n<p>S\u00f3 tem um probleminha: desta vez, quem leva Lula para a cadeia n\u00e3o \u00e9 o Dops do regime militar, nem tampouco o motivo da pris\u00e3o est\u00e1 relacionado a uma greve por melhores condi\u00e7\u00f5es de trabalho e sal\u00e1rios. Por\u00e9m, o PT n\u00e3o v\u00ea alternativa, a n\u00e3o ser tentar recriar o ambiente de abril de 1980, para ver se repete o resultado de ver seu maior l\u00edder fora da cadeia. H\u00e1 38 anos, aquela greve seguida da pris\u00e3o projetou Lula politicamente. Agora, s\u00f3 resta ao PT que todo esse movimento deflagrado desde que foi decretada a pris\u00e3o gere o mesmo resultado. Falta combinar com o pa\u00eds, que hoje \u00e9 outro.<\/p>\n<p>A culpa \u00e9 do Lula<br \/>\nTucanos comentavam, em conversas reservadas ontem, que a pris\u00e3o de Paulo Vieira, o Paulo Preto, foi reflexo da ordem envolvendo o ex-presidente Lula. A sensa\u00e7\u00e3o no meio pol\u00edtico \u00e9 a de que, a partir de agora, quem tiver contas a acertar com o Poder Judici\u00e1rio pode se preparar.<\/p>\n<p>A rapidez de Moro<br \/>\nAdvogados ligados ao ex-presidente Lula disseram ter certeza de que o juiz S\u00e9rgio Moro j\u00e1 estava com o pedido de pris\u00e3o pronto, aguardando apenas o sinal verde das inst\u00e2ncias superiores. A diferen\u00e7a entre a hora em que a pris\u00e3o foi autorizada e o despacho de Moro \u00e9 de menos de meia hora.<\/p>\n<p>O melhor dos dois mundos<br \/>\nO discurso de Henrique Meirelles ao deixar o cargo foi uma paulada no governo da ex-presidente Dilma Rousseff e elogios ao de Lula, do qual ele fazia parte. Fora da Lava-Jato e como parte da equipe de Lula e de Temer, Meirelles espera acoplar a fase de prosperidade do governo petista com a retomada da economia do atual do governo.<\/p>\n<p>Pol\u00edticos poderosos<br \/>\n\u00c9 assim que os parlamentares se referem ao Partido Progressista. Se j\u00e1 pressionava o governo na casa dos 40 deputados, agora com 52 ter\u00e1 muito mais poder de fogo num ano em que o presidente Temer n\u00e3o pode perder a m\u00e3o no Congresso para n\u00e3o correr riscos caso venha uma nova den\u00fancia.<\/p>\n<p>CURTIDAS    <\/p>\n<p>Primeiro, a missa\/ Antes de resolver suas idas e vindas com a Justi\u00e7a, o ex-presidente Lula vai participar da missa no Sindicato dos Metal\u00fargicos em homenagem aos 68 anos de D. Marisa.<\/p>\n<p>Falem bem, falem mal&#8230;\/ \u2026 Mas falem do PT. No Partido dos Trabalhadores, houve quem dissesse que justamente no dia em que o juiz S\u00e9rgio Moro mandou recolher Lula, Henrique Meirelles e Geraldo Alckmin deixaram os cargos para se candidatar a presidente da Rep\u00fablica. Terminaram na sombra, porque s\u00f3 se falava do caso Lula.<\/p>\n<p>( Nelson Almeida\/AFP &#8211; 25\/8\/17)\t<\/p>\n<p>N\u00e3o precisava exagerar\/ Geraldo Alckmin j\u00e1 saiu ampliando as rusgas com os aliados do ex-prefeito Jo\u00e3o Doria (foto). Os \u201cdoristas\u201d n\u00e3o gostaram de ver o governador deixar o cargo com tantos elogios a M\u00e1rcio Fran\u00e7a, que assume o Pal\u00e1cio dos Bandeirantes cheio de g\u00e1s para concorrer ao governo estadual contra Doria.<\/p>\n<p>Prest\u00edgio\/ Ao passar ontem na migra\u00e7\u00e3o do aeroporto de Bras\u00edlia, uma senhora agradeceu ao policial federal pelo trabalho da institui\u00e7\u00e3o. \u201cVoc\u00eas, da Pol\u00edcia Federal, s\u00e3o orgulho para o Brasil. Obrigada pelo seu trabalho. Vai fundo!\u201d<\/p>\n","protected":false},"excerpt":{"rendered":"<p>A simbologia da concentra\u00e7\u00e3o do PT no Sindicato dos Metal\u00fargicos de S\u00e3o Paulo durante toda a sexta-feira foi proposital, num esfor\u00e7o para recriar o clima das assembleias da Vila Euclides, famosas em abril de 1980, quando Lula foi preso pela pol\u00edcia do regime militar junto com outros dirigentes sindicais do ABC. Enquanto os metal\u00fargicos se concentravam, Lula ganhava tempo para [&hellip;]<\/p>\n","protected":false},"author":29,"featured_media":0,"comment_status":"closed","ping_status":"closed","sticky":false,"template":"","format":"standard","meta":{"footnotes":""},"categories":[4],"tags":[],"class_list":["post-2081","post","type-post","status-publish","format-standard","hentry","category-coluna-brasilia-df"],"_links":{"self":[{"href":"https:\/\/blogs.correiobraziliense.com.br\/denise\/wp-json\/wp\/v2\/posts\/2081","targetHints":{"allow":["GET"]}}],"collection":[{"href":"https:\/\/blogs.correiobraziliense.com.br\/denise\/wp-json\/wp\/v2\/posts"}],"about":[{"href":"https:\/\/blogs.correiobraziliense.com.br\/denise\/wp-json\/wp\/v2\/types\/post"}],"author":[{"embeddable":true,"href":"https:\/\/blogs.correiobraziliense.com.br\/denise\/wp-json\/wp\/v2\/users\/29"}],"replies":[{"embeddable":true,"href":"https:\/\/blogs.correiobraziliense.com.br\/denise\/wp-json\/wp\/v2\/comments?post=2081"}],"version-history":[{"count":1,"href":"https:\/\/blogs.correiobraziliense.com.br\/denise\/wp-json\/wp\/v2\/posts\/2081\/revisions"}],"predecessor-version":[{"id":2082,"href":"https:\/\/blogs.correiobraziliense.com.br\/denise\/wp-json\/wp\/v2\/posts\/2081\/revisions\/2082"}],"wp:attachment":[{"href":"https:\/\/blogs.correiobraziliense.com.br\/denise\/wp-json\/wp\/v2\/media?parent=2081"}],"wp:term":[{"taxonomy":"category","embeddable":true,"href":"https:\/\/blogs.correiobraziliense.com.br\/denise\/wp-json\/wp\/v2\/categories?post=2081"},{"taxonomy":"post_tag","embeddable":true,"href":"https:\/\/blogs.correiobraziliense.com.br\/denise\/wp-json\/wp\/v2\/tags?post=2081"}],"curies":[{"name":"wp","href":"https:\/\/api.w.org\/{rel}","templated":true}]}}