{"id":2062,"date":"2018-04-04T04:23:22","date_gmt":"2018-04-04T07:23:22","guid":{"rendered":"https:\/\/blogs.correiobraziliense.com.br\/denise\/?p=2062"},"modified":"2018-04-04T04:23:22","modified_gmt":"2018-04-04T07:23:22","slug":"aumento-real-esquece","status":"publish","type":"post","link":"https:\/\/blogs.correiobraziliense.com.br\/denise\/aumento-real-esquece\/","title":{"rendered":"Aumento real? Esquece"},"content":{"rendered":"<p>Se depender da posi\u00e7\u00e3o do Minist\u00e9rio da Fazenda, os servidores da Uni\u00e3o podem perder as esperan\u00e7as de qualquer aumento salarial acima da infla\u00e7\u00e3o. E nem adianta espernear. \u201cO pa\u00eds n\u00e3o tem condi\u00e7\u00f5es de dar aumento real para o funcionalismo nem em 2018 e nem em 2019\u201d, avisa o secret\u00e1rio de Acompanhamento Fiscal, Energia e Loterias, Mansueto Almeida, que abriu ontem o VI F\u00f3rum Jur\u00eddico de Lisboa, representando o ministro da Fazenda, Henrique Meirelles, que se filiou ao MDB numa festa sem aliados.<\/p>\n<p>Mansueto explicou \u00e0 coluna que, em plena crise, o funcionalismo obteve quatro anos de aumento real. \u201cAgora, n\u00e3o faz sentido\u201d, diz ele. Na palestra de abertura, ele n\u00e3o poupou o governo da presidente Dilma e nem tampouco o DF, de Agnelo Queiroz: referiu-se \u00e0 constru\u00e7\u00e3o de um est\u00e1dio que custou mais de<br \/>\nR$ 1 bilh\u00e3o. \u201cA crise foi decorrente das escolhas erradas que fizemos enquanto sociedade.\u201d \u00c9, pois \u00e9.<\/p>\n<p>Nem tanto \u00e0 terra\u2026<br \/>\nEm conversas reservadas, alguns ministros do Supremo defendem que a Corte fa\u00e7a uma modula\u00e7\u00e3o da pris\u00e3o em segunda inst\u00e2ncia: ou seja, n\u00e3o acabe totalmente com a possibilidade, mas esclare\u00e7a a necessidade de ampla fundamenta\u00e7\u00e3o para embasar o in\u00edcio do cumprimento da pena antes de o processo passar pelo Superior Tribunal de Justi\u00e7a (STJ).<\/p>\n<p>Na hora H<br \/>\nO PT se preparou para o pior hoje:<br \/>\nse Lula for derrotado<br \/>\nno Supremo, Fernando Haddad (foto) ser\u00e1 guindado \u00e0 condi\u00e7\u00e3o de candidato acompanhando o ex-presidente<br \/>\nao c\u00e1rcere.<\/p>\n<p>Apostas<br \/>\nMinistros do Superior Tribunal de Justi\u00e7a (STJ) faziam suas apostas ontem num jantar em Lisboa: 6 a 5 contra a concess\u00e3o do habeas corpus ao ex-presidente Lula.<\/p>\n<p>A esperan\u00e7a&#8230;<br \/>\n&#8230;\u00e9 a \u00faltima que morre. Pelo menos, para o ex-governador Marcelo Miranda, cassado h\u00e1 alguns dias pelo Tribunal Superior Eleitoral (TSE). O caso est\u00e1 no Supremo Tribunal Federal (STF) e ser\u00e1 despachado ainda esta semana por Gilmar Mendes, em Lisboa, onde estar\u00e3o amanh\u00e3 o ministro e os advogados de defesa.<\/p>\n<p>E o MDB, hein?<br \/>\nA depender da largada no MDB, Henrique Meirelles n\u00e3o vai muito longe. Os partidos aliados simplesmente evitaram a filia\u00e7\u00e3o do ministro. Pessoalmente, nada contra Meirelles. Ningu\u00e9m est\u00e1 muito disposto a posar para fotos ao lado da c\u00fapula de partido que perdeu uma penca de deputados nos \u00faltimos dias.<\/p>\n<p>Curtidas<\/p>\n<p>Datas\/ O professor catedr\u00e1tico Carlos Branco aproveitou a abertura do semin\u00e1rio para brincar com o ministro Gilmar Mendes: \u201cTodos os anos sempre tem algo palpitante acontecendo no Brasil no nosso f\u00f3rum jur\u00eddico! Poder\u00edamos mudar a data, mas, pensando bem, d\u00e1 p\u00fablico!\u201d<\/p>\n<p>Mulheres na Diplomacia I \/ Tradicionalmente marcada pelo p\u00fablico masculino, a carreira diplom\u00e1tica ampliou a participa\u00e7\u00e3o de mulheres. De acordo com os dados da Associa\u00e7\u00e3o dos Diplomatas Brasileiros (ADB Sindical), a nova turma que acaba de ser aprovada pelo Instituto Rio Branco \u00e9 composta por 11 mulheres, em um total de<br \/>\n30 alunos.<\/p>\n<p>Mulheres na diplomacia II\/ O dado ultrapassa a m\u00e9dia de participa\u00e7\u00e3o feminina dos \u00faltimos dois anos, quando 70% das turmas eram formadas por homens. Para a associa\u00e7\u00e3o, a entrada de mais mulheres na carreira \u00e9 muito importante. As diplomatas almejam mais representatividade nas promo\u00e7\u00f5es e o exerc\u00edcio de mais cargos de chefia. \u201cA aprova\u00e7\u00e3o para a carreira diplom\u00e1tica \u00e9 extremamente dif\u00edcil e passa por um dos concursos p\u00fablicos mais criteriosos e longos do Executivo. Ter mais mulheres dedicadas \u00e0 representa\u00e7\u00e3o do pa\u00eds no exterior \u00e9 algo do qual devemos nos orgulhar\u201d, avalia a embaixadora Vitoria Cleaver, presidente da ADB Sindical.<\/p>\n","protected":false},"excerpt":{"rendered":"<p>Se depender da posi\u00e7\u00e3o do Minist\u00e9rio da Fazenda, os servidores da Uni\u00e3o podem perder as esperan\u00e7as de qualquer aumento salarial acima da infla\u00e7\u00e3o. E nem adianta espernear. \u201cO pa\u00eds n\u00e3o tem condi\u00e7\u00f5es de dar aumento real para o funcionalismo nem em 2018 e nem em 2019\u201d, avisa o secret\u00e1rio de Acompanhamento Fiscal, Energia e Loterias, Mansueto Almeida, que abriu ontem [&hellip;]<\/p>\n","protected":false},"author":29,"featured_media":0,"comment_status":"closed","ping_status":"closed","sticky":false,"template":"","format":"standard","meta":{"footnotes":""},"categories":[4],"tags":[],"class_list":["post-2062","post","type-post","status-publish","format-standard","hentry","category-coluna-brasilia-df"],"_links":{"self":[{"href":"https:\/\/blogs.correiobraziliense.com.br\/denise\/wp-json\/wp\/v2\/posts\/2062","targetHints":{"allow":["GET"]}}],"collection":[{"href":"https:\/\/blogs.correiobraziliense.com.br\/denise\/wp-json\/wp\/v2\/posts"}],"about":[{"href":"https:\/\/blogs.correiobraziliense.com.br\/denise\/wp-json\/wp\/v2\/types\/post"}],"author":[{"embeddable":true,"href":"https:\/\/blogs.correiobraziliense.com.br\/denise\/wp-json\/wp\/v2\/users\/29"}],"replies":[{"embeddable":true,"href":"https:\/\/blogs.correiobraziliense.com.br\/denise\/wp-json\/wp\/v2\/comments?post=2062"}],"version-history":[{"count":1,"href":"https:\/\/blogs.correiobraziliense.com.br\/denise\/wp-json\/wp\/v2\/posts\/2062\/revisions"}],"predecessor-version":[{"id":2063,"href":"https:\/\/blogs.correiobraziliense.com.br\/denise\/wp-json\/wp\/v2\/posts\/2062\/revisions\/2063"}],"wp:attachment":[{"href":"https:\/\/blogs.correiobraziliense.com.br\/denise\/wp-json\/wp\/v2\/media?parent=2062"}],"wp:term":[{"taxonomy":"category","embeddable":true,"href":"https:\/\/blogs.correiobraziliense.com.br\/denise\/wp-json\/wp\/v2\/categories?post=2062"},{"taxonomy":"post_tag","embeddable":true,"href":"https:\/\/blogs.correiobraziliense.com.br\/denise\/wp-json\/wp\/v2\/tags?post=2062"}],"curies":[{"name":"wp","href":"https:\/\/api.w.org\/{rel}","templated":true}]}}