{"id":2051,"date":"2018-03-28T10:59:54","date_gmt":"2018-03-28T13:59:54","guid":{"rendered":"https:\/\/blogs.correiobraziliense.com.br\/denise\/?p=2051"},"modified":"2018-03-28T10:59:54","modified_gmt":"2018-03-28T13:59:54","slug":"o-gas-na-campanha","status":"publish","type":"post","link":"https:\/\/blogs.correiobraziliense.com.br\/denise\/o-gas-na-campanha\/","title":{"rendered":"O g\u00e1s na campanha"},"content":{"rendered":"<p>O presidente Michel Temer fecha hoje o valor do reajuste do Bolsa Fam\u00edlia. J\u00e1 est\u00e1 decidido que o programa n\u00e3o mudar\u00e1 de nome e que o novo valor ser\u00e1 definido acima da infla\u00e7\u00e3o, de forma a compensar o aumento do g\u00e1s de cozinha. Tamb\u00e9m est\u00e1 definido que os benefici\u00e1rios que prestarem uma contrapartida em servi\u00e7os comunit\u00e1rios ter\u00e3o ainda um plus no valor do programa. Paralelamente \u00e0 decis\u00e3o, o governo pretende deixar claro que nesse per\u00edodo atual, em que a infla\u00e7\u00e3o de alimentos caiu, os benefici\u00e1rios est\u00e3o comprando mais comida.<\/p>\n<p>A proposta de compensar o aumento do g\u00e1s de cozinha dentro do reajuste do Bolsa Fam\u00edlia ser\u00e1 ainda uma resposta do governo ao presidente da C\u00e2mara, Rodrigo Maia, que, em entrevista ao Correio Braziliense, criticou o valor do botij\u00e3o. \u00c9 o governo tentando, aos poucos, dinamitar as farpas dos aliados e dos advers\u00e1rios. Falta, entretanto, combinar com os eleitores.<\/p>\n<p>O Bolsa Fam\u00edlia, ali\u00e1s, veio para ficar. Nenhum dos candidatos fala contra o benef\u00edcio. Ontem, por exemplo, em almo\u00e7o na Frente Parlamentar da Agropecu\u00e1ria, o empres\u00e1rio Fl\u00e1vio Rocha, pr\u00e9-candidato pelo PRB, foi direto, ao defender o programa \u201ccom porta de sa\u00edda\u201d.<\/p>\n<p>Meirelles na roda<br \/>\nO ingresso de Henrique Meirelles no MDB deixa o presidente Michel Temer com um curinga em m\u00e3os para jogar com todos os presidenci\u00e1veis dos partidos de centro. Essa carta, entretanto, s\u00f3 ter\u00e1 valor se a economia apresentar os melhores resultados. At\u00e9 aqui, a melhora n\u00e3o valorizou o passe do governo, nem do presidente nem do quase ex-ministro.<\/p>\n<p>Foi ele<br \/>\nQuem convenceu Michel Temer a sair da toca e se lan\u00e7ar pr\u00e9-candidato \u00e0 reelei\u00e7\u00e3o foi o ex-presidente Jos\u00e9 Sarney.  Em 1989, na primeira elei\u00e7\u00e3o direta p\u00f3s-ditadura militar, Sarney terminou atacado por todos os lados na campanha presidencial sem ter um candidato que defendesse o legado democr\u00e1tico de seu governo.<\/p>\n<p>Minas vai rachar<br \/>\nO MDB de Minas Gerais n\u00e3o vai unido para a campanha estadual. Um grupo apoiar\u00e1 Antonio Anastasia e outro, encabe\u00e7ado por Adalclever Lopes, ficar\u00e1 com o governador Fernando Pimentel, porque indicou o pr\u00f3prio Adalclever para a vice.<\/p>\n<p>Curtidas<\/p>\n<p>A escalada da viol\u00eancia\/ N\u00e3o \u00e9 s\u00f3 ministro do STF Edson Fachin que reclama da falta de seguran\u00e7a. Os petistas est\u00e3o em alerta m\u00e1ximo desde os epis\u00f3dios no Sul do pa\u00eds, inclusive com tiros que atingiram um \u00f4nibus da caravana. Os senadores aliados ao PT levaram o tema ontem para a tribuna da Casa e n\u00e3o v\u00e3o parar.<br \/>\n[FOTO1]<br \/>\nLeve e solto\/ Enquanto o ministro Edson Fachin fala sobre o recebimento de amea\u00e7as e s\u00f3 sai para caminhar com seguran\u00e7as \u00e0 sua volta, o ministro Ricardo Lewandowski (foto) anda na maior tranquilidade e ainda troca um dedo de prosa com os porteiros do pr\u00e9dio, sem o menor sinal de seguran\u00e7as.<\/p>\n<p>Plano A\/ O ministro das Cidades, Alexandre Baldy, deu um passo atr\u00e1s no quesito deixar o governo. No PP, h\u00e1 quem diga que o ministro vai se guardar para concorrer \u00e0 prefeitura de Goi\u00e2nia daqui a dois anos.<\/p>\n<p>Veja s\u00f3\/ Mal terminou o jogo Brasil 1 X 0 Alemanha, o deputado Rubens Bueno (PPS-PR) saiu com esta: \u201cAgora, est\u00e1 7 a 2!\u201d. Eis que o deputado Jutahy J\u00fanior (PSDB-BA) responde: \u201cNesse ritmo, daqui a cinco anos, a gente empata!\u201d<\/p>\n","protected":false},"excerpt":{"rendered":"<p>O presidente Michel Temer fecha hoje o valor do reajuste do Bolsa Fam\u00edlia. J\u00e1 est\u00e1 decidido que o programa n\u00e3o mudar\u00e1 de nome e que o novo valor ser\u00e1 definido acima da infla\u00e7\u00e3o, de forma a compensar o aumento do g\u00e1s de cozinha. Tamb\u00e9m est\u00e1 definido que os benefici\u00e1rios que prestarem uma contrapartida em servi\u00e7os comunit\u00e1rios ter\u00e3o ainda um plus [&hellip;]<\/p>\n","protected":false},"author":29,"featured_media":0,"comment_status":"closed","ping_status":"closed","sticky":false,"template":"","format":"standard","meta":{"footnotes":""},"categories":[4],"tags":[],"class_list":["post-2051","post","type-post","status-publish","format-standard","hentry","category-coluna-brasilia-df"],"_links":{"self":[{"href":"https:\/\/blogs.correiobraziliense.com.br\/denise\/wp-json\/wp\/v2\/posts\/2051","targetHints":{"allow":["GET"]}}],"collection":[{"href":"https:\/\/blogs.correiobraziliense.com.br\/denise\/wp-json\/wp\/v2\/posts"}],"about":[{"href":"https:\/\/blogs.correiobraziliense.com.br\/denise\/wp-json\/wp\/v2\/types\/post"}],"author":[{"embeddable":true,"href":"https:\/\/blogs.correiobraziliense.com.br\/denise\/wp-json\/wp\/v2\/users\/29"}],"replies":[{"embeddable":true,"href":"https:\/\/blogs.correiobraziliense.com.br\/denise\/wp-json\/wp\/v2\/comments?post=2051"}],"version-history":[{"count":1,"href":"https:\/\/blogs.correiobraziliense.com.br\/denise\/wp-json\/wp\/v2\/posts\/2051\/revisions"}],"predecessor-version":[{"id":2052,"href":"https:\/\/blogs.correiobraziliense.com.br\/denise\/wp-json\/wp\/v2\/posts\/2051\/revisions\/2052"}],"wp:attachment":[{"href":"https:\/\/blogs.correiobraziliense.com.br\/denise\/wp-json\/wp\/v2\/media?parent=2051"}],"wp:term":[{"taxonomy":"category","embeddable":true,"href":"https:\/\/blogs.correiobraziliense.com.br\/denise\/wp-json\/wp\/v2\/categories?post=2051"},{"taxonomy":"post_tag","embeddable":true,"href":"https:\/\/blogs.correiobraziliense.com.br\/denise\/wp-json\/wp\/v2\/tags?post=2051"}],"curies":[{"name":"wp","href":"https:\/\/api.w.org\/{rel}","templated":true}]}}