{"id":2027,"date":"2018-03-22T06:25:38","date_gmt":"2018-03-22T09:25:38","guid":{"rendered":"https:\/\/blogs.correiobraziliense.com.br\/denise\/?p=2027"},"modified":"2018-03-22T12:27:32","modified_gmt":"2018-03-22T15:27:32","slug":"litigio-supremo-missao","status":"publish","type":"post","link":"https:\/\/blogs.correiobraziliense.com.br\/denise\/litigio-supremo-missao\/","title":{"rendered":"Lit\u00edgio Supremo e sem fim"},"content":{"rendered":"<p>A decis\u00e3o de hoje no Supremo Tribunal Federal, seja a favor seja contra a pris\u00e3o do presidente Lula na segunda inst\u00e2ncia, n\u00e3o vai arrefecer o clima de guerra na Suprema Corte. O fato de a presidente C\u00e1rmen L\u00facia obrigar os ministros a se posicionarem sobre Lula, sem levar as a\u00e7\u00f5es que questionam a tese da pris\u00e3o em segunda inst\u00e2ncia sem \u201cfulanizar\u201d s\u00f3 acirrou mais os \u00e2nimos. Quem n\u00e3o tira os olhos do STF e conhece os meandros da Suprema Corte aposta que Lula corre o risco de perder o habeas corpus por um placar de 6 a 5, de forma a manter a press\u00e3o para que os ministros avaliem a tese da pris\u00e3o em segunda inst\u00e2ncia nas a\u00e7\u00f5es declarat\u00f3rias de constitucionalidade (ADCs) relatadas pelo ministro Marco Aur\u00e9lio Mello. C\u00e1rmen L\u00facia j\u00e1 avisou que n\u00e3o vai ceder.<br \/>\nEm tempo: a corda est\u00e1 t\u00e3o esticada que ningu\u00e9m apostava ontem em pedido de vistas em rela\u00e7\u00e3o ao habeas corpus. E o resultado, seja qual for, vai se refletir nas ruas, porque, assim como o PT mobiliza em favor de Lula, o movimento Vem pra Rua e outros jogam no time da pris\u00e3o do ex-presidente. \u00c9 a conflagra\u00e7\u00e3o do impeachment da presidente Dilma Rousseff de volta em outro enredo.<\/p>\n<p>\u00bb \u00bb \u00bb <\/p>\n<p>Uma coisa e outra coisa: vale lembrar que a decis\u00e3o de hoje nada tem a ver com a candidatura. Esse assunto ser\u00e1 tratado no Tribunal Superior Eleitoral (TSE), em 15 de agosto. Ou seja, a novela ainda tem muitos cap\u00edtulos.<\/p>\n<p>Chapa M-M<\/p>\n<p>O presidente Michel Temer e o titular da Fazenda, Henrique Meirelles, tiveram \u201caquela conversa\u201d olho no olho, em que o ministro disse que \u00e9 Michel e n\u00e3o abre. Far\u00e1 o que o presidente quiser. Foi a senha para que Temer passasse a auscultar muitos sobre as perspectivas de fazer do ministro seu vice. Moral da hist\u00f3ria: se Temer j\u00e1 pensa em vice, \u00e9 sinal que a decis\u00e3o de ser candidato est\u00e1 tomada, ainda que ele, no momento, diga apenas que n\u00e3o \u00e9 \u201cimprov\u00e1vel\u201d.<\/p>\n<p>Melhor n\u00e3o<\/p>\n<p>Meirelles na vice \u00e9 considerado arriscado demais. Como ministro, representa a seguran\u00e7a de que a pol\u00edtica econ\u00f4mica n\u00e3o muda. Como vice, nem tanto. Al\u00e9m disso, deixa a vaga na chapa aberta a quem agregue mais votos.<\/p>\n<p>Depois de Alberto Fraga e a desembargadora\u2026<\/p>\n<p>Calado na execu\u00e7\u00e3o de Marielle, Jair Bolsonaro age para segurar votos. Afinal, se abrir a boca, dizem os aliados dele, periga provocar uma onda contr\u00e1ria que nem o seu comando t\u00e1tico das redes sociais conseguiria conter.<\/p>\n<p>Discret\u00edssimo\/ O vice-presidente do Supremo Tribunal Federal, ministro Dias Toffoli, nunca foi t\u00e3o reservado quanto nestes tempos. N\u00e3o quer brigas nem pol\u00eamicas e evita entrevistas. Preservado, ser\u00e1 a voz da serenidade a partir de setembro, quando assume o comando da Suprema Corte.<\/p>\n<p>E o DEM caminha\/ Em 2014, o DEM teve dois palanques para governos estaduais, um na Bahia e outro no Acre. Agora, tem pelo menos 10 pr\u00e9-candidatos a governador.<br \/>\nAcalma a\u00ed\/ Diante da forma\u00e7\u00e3o dos blocos partid\u00e1rios, o presidente da C\u00e2mara, Rodrigo Maia (foto), decidiu n\u00e3o esperar o fim do troca-troca de partido para colocar as comiss\u00f5es da C\u00e2mara em funcionamento. Assim, tirou um ingrediente do leil\u00e3o para filia\u00e7\u00f5es que impera hoje na Casa.<\/p>\n<p>E o Jungmann, hein?\/ Chegou ao WhatsApp dos amigos do ministro da Seguran\u00e7a P\u00fablica, Raul Jungmann, uma carta em que ele deixa o PPS indignado com as mudan\u00e7as de comando na legenda.<\/p>\n<p>Lobby do bem\/ O ex-ministro Milton Seligman autografa hoje o livro Lobby desvendado \u2014 democracia, pol\u00edticas p\u00fablicas e corrup\u00e7\u00e3o no Brasil contempor\u00e2neo. A partir das 19h, na Leitura, do P\u00e1tio Brasil.<\/p>\n","protected":false},"excerpt":{"rendered":"<p>A decis\u00e3o de hoje no Supremo Tribunal Federal, seja a favor seja contra a pris\u00e3o do presidente Lula na segunda inst\u00e2ncia, n\u00e3o vai arrefecer o clima de guerra na Suprema Corte. O fato de a presidente C\u00e1rmen L\u00facia obrigar os ministros a se posicionarem sobre Lula, sem levar as a\u00e7\u00f5es que questionam a tese da pris\u00e3o em segunda inst\u00e2ncia sem [&hellip;]<\/p>\n","protected":false},"author":29,"featured_media":0,"comment_status":"closed","ping_status":"closed","sticky":false,"template":"","format":"standard","meta":{"footnotes":""},"categories":[4],"tags":[],"class_list":["post-2027","post","type-post","status-publish","format-standard","hentry","category-coluna-brasilia-df"],"_links":{"self":[{"href":"https:\/\/blogs.correiobraziliense.com.br\/denise\/wp-json\/wp\/v2\/posts\/2027","targetHints":{"allow":["GET"]}}],"collection":[{"href":"https:\/\/blogs.correiobraziliense.com.br\/denise\/wp-json\/wp\/v2\/posts"}],"about":[{"href":"https:\/\/blogs.correiobraziliense.com.br\/denise\/wp-json\/wp\/v2\/types\/post"}],"author":[{"embeddable":true,"href":"https:\/\/blogs.correiobraziliense.com.br\/denise\/wp-json\/wp\/v2\/users\/29"}],"replies":[{"embeddable":true,"href":"https:\/\/blogs.correiobraziliense.com.br\/denise\/wp-json\/wp\/v2\/comments?post=2027"}],"version-history":[{"count":1,"href":"https:\/\/blogs.correiobraziliense.com.br\/denise\/wp-json\/wp\/v2\/posts\/2027\/revisions"}],"predecessor-version":[{"id":2028,"href":"https:\/\/blogs.correiobraziliense.com.br\/denise\/wp-json\/wp\/v2\/posts\/2027\/revisions\/2028"}],"wp:attachment":[{"href":"https:\/\/blogs.correiobraziliense.com.br\/denise\/wp-json\/wp\/v2\/media?parent=2027"}],"wp:term":[{"taxonomy":"category","embeddable":true,"href":"https:\/\/blogs.correiobraziliense.com.br\/denise\/wp-json\/wp\/v2\/categories?post=2027"},{"taxonomy":"post_tag","embeddable":true,"href":"https:\/\/blogs.correiobraziliense.com.br\/denise\/wp-json\/wp\/v2\/tags?post=2027"}],"curies":[{"name":"wp","href":"https:\/\/api.w.org\/{rel}","templated":true}]}}