{"id":2017,"date":"2018-03-21T07:29:32","date_gmt":"2018-03-21T10:29:32","guid":{"rendered":"https:\/\/blogs.correiobraziliense.com.br\/denise\/?p=2017"},"modified":"2018-03-21T12:31:53","modified_gmt":"2018-03-21T15:31:53","slug":"o-pragmatismo-vai-imperar","status":"publish","type":"post","link":"https:\/\/blogs.correiobraziliense.com.br\/denise\/o-pragmatismo-vai-imperar\/","title":{"rendered":"O pragmatismo vai imperar"},"content":{"rendered":"<p>Rodrigo Maia bem que tenta se desvencilhar do governo para fazer uma carreira solo, mas antes mesmo da campanha come\u00e7ar, seus aliados avisam: sem o apoio do MDB, Maia dificilmente sair\u00e1 do lugar. Isso porque os partidos que ele pretende contar \u2014 o PP, por exemplo \u2014 v\u00e3o jogar de forma pragm\u00e1tica. Se Rodrigo Maia n\u00e3o apresentar viabilidade eleitoral em breve, os pepistas v\u00e3o buscar outras paragens. Se n\u00e3o encontrarem abrigo seguro em nenhum candidato vinculado ao governo do presidente Michel Temer, apostar\u00e3o em Ciro Gomes.<br \/>\nMoral da hist\u00f3ria: todos jogam agora o que consideram ideal. Mais \u00e0 frente, jogar\u00e3o para sobreviver. O sonho do PP hoje \u00e9 ser o MDB amanh\u00e3, indispens\u00e1vel a qualquer governo.<\/p>\n<p>N\u00e3o vai ser por falta de banco<br \/>\nA advogada-geral da Uni\u00e3o, Grace Mendon\u00e7a, encaminhou ao ministro Edson Fachin, do Supremo Tribunal Federal, o n\u00famero da conta para dep\u00f3sito de valores referentes \u00e0 dela\u00e7\u00e3o de Jo\u00e3o Santana e de M\u00f4nica Moura. Os ex-marqueteiros de campanhas petistas se comprometeram a devolver R$ 71 milh\u00f5es desviados dos cofres p\u00fablicos.<\/p>\n<p>Por falar em Grace\u2026<br \/>\nEla participou ontem do Caf\u00e9 com Autoridade, da Associa\u00e7\u00e3o Brasileira de Rela\u00e7\u00f5es Institucionais e Governamentais, e fez o que p\u00f4de para fugir da discuss\u00e3o da segunda inst\u00e2ncia. \u201cO que o STF decidir e como decidir ser\u00e1 bom. Diverg\u00eancias fazem parte da democracia\u201d, afirmou. ( Atualiza\u00e7\u00e3o: A ministra participaria hoje do CB.POder, mas uma audi\u00eancia com o presidente Michel Temer fez com que ela fosse obrigada a cancelar a entrevista. N\u00e3o faltar\u00e3o oportunidades)<\/p>\n<p>\u00c9 guerra<br \/>\nA sess\u00e3o do Supremo Tribunal Federal (STF) promete pegar fogo, com a perspectiva de o ministro Marco Aur\u00e9lio Mello levar a pris\u00e3o em segunda inst\u00e2ncia para debate no plen\u00e1rio. O clima por l\u00e1, conforme o leitor da coluna sabe h\u00e1 tempos, n\u00e3o est\u00e1 nada bom. H\u00e1 mais de 10 dias, Marco Aur\u00e9lio revelou aqui que \u201cestava tudo muito ruim\u201d, que C\u00e1rmen L\u00facia n\u00e3o reunia os ministros e decidia a pauta de forma monocr\u00e1tica.<\/p>\n<p>Rodou e acabou sozinho<br \/>\nO deputado Rodrigo Pacheco passou as \u00faltimas horas meio frustrado. Ele jurava que Antonio Anastasia (PSDB-MG) n\u00e3o seria candidato. Foi para o DEM a fim de garantir a candidatura a governador e buscar aliados. Agora, o senador tucano n\u00e3o s\u00f3 vai disputar o governo de Minas Gerais como periga levar os aliados.<\/p>\n<p>Tem jeito<br \/>\nH\u00e1 quem diga que s\u00f3 Geraldo Alckmin pode resolver o drama de Pacheco: basta convid\u00e1-lo para integrar a chapa como candidato a vice-presidente da Rep\u00fablica. Assim, Geraldo atrai o DEM, leva o partido para o palanque de Anastasia com direito a lugar de honra. Falta combinar, \u00e9 claro, com o pr\u00e9-candidato \u00e0 Presid\u00eancia da Rep\u00fablica Rodrigo Maia (DEM-RJ).<\/p>\n<p>Amigos, amigos&#8230;\/ Os primeiros petardos de M\u00e1rcio Fran\u00e7a contra o prefeito de S\u00e3o Paulo, Jo\u00e3o Doria, levaram o alcaide paulistano a telefonar para o vice-governador: \u201cM\u00e1rcio, apesar da campanha, somos amigos, nossas fam\u00edlias s\u00e3o amigas, temos que deixar um canal aberto\u201d e coisa e tal. Fran\u00e7a foi direto: \u201cMas s\u00f3 tem uma vaga e, a partir de agora, somos advers\u00e1rios. Eu tenho que fazer minha campanha. Nada pessoal\u201d.<\/p>\n<p>\u2026campanhas \u00e0 parte\/ Doria, ent\u00e3o, disse ao prefeito que iria \u201cliberar o seu pessoal\u201d (entende-se para bater em Fran\u00e7a). \u201cPode vir, tenho casca dura. Cr\u00edticas s\u00e3o do jogo. Daqui a pouco, voc\u00ea perde a caneta e eu pego.\u201d O prefeito entendeu o recado. Daqui para frente, tudo vai ser diferente.<\/p>\n<p>Por falar em Jo\u00e3o Doria&#8230;\/ A contar pelo p\u00e9 d\u2019\u00e1gua que alagou S\u00e3o Paulo ontem, a brincadeira em solo paulistano \u00e9 que S\u00e3o Pedro \u00e9 contra a candidatura do prefeito. As hashtags #traidoria, #dorian\u00f3quio, #prefake e a frase \u201csocorro, o prefeito sumiu\u201d dominaram as redes sociais depois do temporal.<\/p>\n<p>Aposta a\u00ed!\/ Ao sair do plen\u00e1rio, o presidente da C\u00e2mara, Rodrigo Maia, \u00e9 cercado por prefeitos para tirar fotos. Um deles diz: \u201cPosso chamar de presidente do Brasil?\u201d. Maia, com o sorriso montado para a foto, responde, sem largar a pose: \u201cPode, vai torcendo\u201d.<\/p>\n<p>Vai ter luta!\/ A dissolu\u00e7\u00e3o do diret\u00f3rio de Pernambuco n\u00e3o vai ficar barata. O deputado Jarbas Vasconcelos (foto), campe\u00e3o de votos no partido, n\u00e3o dar\u00e1 paz ao senador Fernando Bezerra Coelho, o novo comandante do MDB no estado. Leia detalhes no blog da Denise, no site www.correiobraziliense.com.br.<\/p>\n","protected":false},"excerpt":{"rendered":"<p>Rodrigo Maia bem que tenta se desvencilhar do governo para fazer uma carreira solo, mas antes mesmo da campanha come\u00e7ar, seus aliados avisam: sem o apoio do MDB, Maia dificilmente sair\u00e1 do lugar. Isso porque os partidos que ele pretende contar \u2014 o PP, por exemplo \u2014 v\u00e3o jogar de forma pragm\u00e1tica. Se Rodrigo Maia n\u00e3o apresentar viabilidade eleitoral em [&hellip;]<\/p>\n","protected":false},"author":29,"featured_media":0,"comment_status":"closed","ping_status":"closed","sticky":false,"template":"","format":"standard","meta":{"footnotes":""},"categories":[4],"tags":[],"class_list":["post-2017","post","type-post","status-publish","format-standard","hentry","category-coluna-brasilia-df"],"_links":{"self":[{"href":"https:\/\/blogs.correiobraziliense.com.br\/denise\/wp-json\/wp\/v2\/posts\/2017","targetHints":{"allow":["GET"]}}],"collection":[{"href":"https:\/\/blogs.correiobraziliense.com.br\/denise\/wp-json\/wp\/v2\/posts"}],"about":[{"href":"https:\/\/blogs.correiobraziliense.com.br\/denise\/wp-json\/wp\/v2\/types\/post"}],"author":[{"embeddable":true,"href":"https:\/\/blogs.correiobraziliense.com.br\/denise\/wp-json\/wp\/v2\/users\/29"}],"replies":[{"embeddable":true,"href":"https:\/\/blogs.correiobraziliense.com.br\/denise\/wp-json\/wp\/v2\/comments?post=2017"}],"version-history":[{"count":4,"href":"https:\/\/blogs.correiobraziliense.com.br\/denise\/wp-json\/wp\/v2\/posts\/2017\/revisions"}],"predecessor-version":[{"id":2021,"href":"https:\/\/blogs.correiobraziliense.com.br\/denise\/wp-json\/wp\/v2\/posts\/2017\/revisions\/2021"}],"wp:attachment":[{"href":"https:\/\/blogs.correiobraziliense.com.br\/denise\/wp-json\/wp\/v2\/media?parent=2017"}],"wp:term":[{"taxonomy":"category","embeddable":true,"href":"https:\/\/blogs.correiobraziliense.com.br\/denise\/wp-json\/wp\/v2\/categories?post=2017"},{"taxonomy":"post_tag","embeddable":true,"href":"https:\/\/blogs.correiobraziliense.com.br\/denise\/wp-json\/wp\/v2\/tags?post=2017"}],"curies":[{"name":"wp","href":"https:\/\/api.w.org\/{rel}","templated":true}]}}