{"id":2011,"date":"2018-03-20T05:56:32","date_gmt":"2018-03-20T08:56:32","guid":{"rendered":"https:\/\/blogs.correiobraziliense.com.br\/denise\/?p=2011"},"modified":"2018-03-20T08:58:10","modified_gmt":"2018-03-20T11:58:10","slug":"a-la-fhc","status":"publish","type":"post","link":"https:\/\/blogs.correiobraziliense.com.br\/denise\/a-la-fhc\/","title":{"rendered":"\u00c0 la FHC"},"content":{"rendered":"<p>A ideia do governo de usar os recursos oriundos da reonera\u00e7\u00e3o da folha para financiar a seguran\u00e7a p\u00fablica cai como uma luva num momento em que o Planalto estava com dificuldades para aprovar a proposta. Agora, os l\u00edderes, com o discurso \u201cdo bem\u201d, ou seja, equipar a pol\u00edcia, conseguir\u00e3o reunir os votos de quase toda a base parlamentar em torno de um tema impopular em pleno ano eleitoral.<\/p>\n<p>A ideia n\u00e3o \u00e9 nova. O ent\u00e3o ministro da Fazenda, Fernando Henrique Cardoso, em 1994, jogou o nome Fundo Social de Emerg\u00eancia (FSE) para aprovar a desvincula\u00e7\u00e3o de receitas da Uni\u00e3o quando do Plano Real. A iniciativa tamb\u00e9m foi vista com desconfian\u00e7a e a estrat\u00e9gia deu certo. Agora, a ordem \u00e9 repetir o mesmo feiti\u00e7o com outro feiticeiro e outros ingredientes.<br \/>\nAo p\u00e9 do ouvido I<\/p>\n<p>O governador Rodrigo Rollemberg aproveitou o momento reservado com o presidente Michel Temer no F\u00f3rum Mundial da \u00c1gua para jogar \u201cum verde\u201d: \u201cVi a\u00ed que o senhor ser\u00e1 candidato a presidente!\u201d. Eis que Temer responde: \u201cN\u00e3o tem nada resolvido. O que eu quero \u00e9 algu\u00e9m que defenda o governo\u201d.<\/p>\n<p>Ao p\u00e9 do ouvido II<\/p>\n<p>Para bons entendedores, o recado est\u00e1 dado: Temer n\u00e3o tem ningu\u00e9m no momento que esteja disposto a defender o governo. Haja vista a \u00faltima entrevista do presidente da C\u00e2mara, Rodrigo Maia, dizendo que Temer quer quem defenda o passado.<\/p>\n<p>Nem vem<\/p>\n<p>Os petistas mais pr\u00f3ximos a Lula v\u00e3o defender que ele mantenha o PT distante da candidatura de Ciro Gomes (PDT). Consideram o pedetista \u201cmuito vol\u00favel\u201d, hoje fala bem do partido, amanh\u00e3 fala mal. Os lulistas defendem candidato pr\u00f3prio: Nem que seja sem alian\u00e7as. O PT quer defender seu legado e seu l\u00edder. E aposta que Ciro n\u00e3o vai querer fazer esse papel.<\/p>\n<p>Anastasia disputado<\/p>\n<p>O governador de Minas, Fernando Pimentel (PT), ser\u00e1 oposi\u00e7\u00e3o ao governo do presidente Michel Temer em Minas Gerais. O deputado Rodrigo Pacheco se filiar\u00e1 ao DEM e seguir\u00e1 pelo mesmo caminho. Logo, \u00e9 bom Geraldo Alckmin abrir o olho: se houver algum candidato ligado ao governo federal, leia-se o pr\u00f3prio Temer, haver\u00e1 press\u00e3o para que Ant\u00f4nio Anastasia e A\u00e9cio Neves deem aquela ajudinha ao presidente.<\/p>\n<p>Registrado\/ A entrevista do presidente da C\u00e2mara, Rodrigo Maia, ao Correio Braziliense, no \u00faltimo domingo, deu o que falar no Planalto. Aliados do presidente Michel Temer consideram que, enquanto pr\u00e9-candidato \u00e0 Presid\u00eancia da Rep\u00fablica, Maia n\u00e3o ter\u00e1 chance sem reconhecer o \u201cpassado\u201d de Temer. Maia disse com todas as letras que Temer quer um candidato para falar do passado e ele (Maia) \u00e9 um candidato para o futuro.<\/p>\n<p>Agendas fren\u00e9ticas\/ Os ministros est\u00e3o suando para cumprir os compromissos deste \u00faltimo m\u00eas de governo. Muitos que pensaram em sair antes, meio que desistiram da empreitada. Ricardo Barros, da Sa\u00fade, por exemplo, quer fazer um evento com Temer no Paran\u00e1 antes de deixar o cargo. At\u00e9 aqui, o presidente n\u00e3o foi ao estado.<\/p>\n<p>Manh\u00e3 de ministra\/ No m\u00eas da mulher, a ministra da Advocacia-Geral da Uni\u00e3o, Grace Mendon\u00e7a (foto), \u00e9 destaque hoje no Caf\u00e9 com Autoridade promovido pela Associa\u00e7\u00e3o Brasileira de Rela\u00e7\u00f5es Institucionais e Governamentais (Abrig).<\/p>\n<p>Noite de livro\/ O jornalista C\u00e9sar Motta autografa, hoje \u00e0 noite, o livro At\u00e9 a \u00faltima p\u00e1gina \u2014 uma hist\u00f3ria do Jornal do Brasil. Foram tr\u00eas anos de pesquisa sobre o antigo JB, fundado em 1891. Ele estar\u00e1 a partir das 19h, na livraria Cultura, do Shopping Iguatemi. Segunda-feira, lan\u00e7ar\u00e1 no Rio, no restaurante La Fiorentina, no Leme, onde a velha guarda dos tempos \u00e1ureos do JB se re\u00fane para relembrar suas hist\u00f3rias.<\/p>\n","protected":false},"excerpt":{"rendered":"<p>A ideia do governo de usar os recursos oriundos da reonera\u00e7\u00e3o da folha para financiar a seguran\u00e7a p\u00fablica cai como uma luva num momento em que o Planalto estava com dificuldades para aprovar a proposta. Agora, os l\u00edderes, com o discurso \u201cdo bem\u201d, ou seja, equipar a pol\u00edcia, conseguir\u00e3o reunir os votos de quase toda a base parlamentar em torno [&hellip;]<\/p>\n","protected":false},"author":29,"featured_media":0,"comment_status":"closed","ping_status":"closed","sticky":false,"template":"","format":"standard","meta":{"footnotes":""},"categories":[4],"tags":[],"class_list":["post-2011","post","type-post","status-publish","format-standard","hentry","category-coluna-brasilia-df"],"_links":{"self":[{"href":"https:\/\/blogs.correiobraziliense.com.br\/denise\/wp-json\/wp\/v2\/posts\/2011","targetHints":{"allow":["GET"]}}],"collection":[{"href":"https:\/\/blogs.correiobraziliense.com.br\/denise\/wp-json\/wp\/v2\/posts"}],"about":[{"href":"https:\/\/blogs.correiobraziliense.com.br\/denise\/wp-json\/wp\/v2\/types\/post"}],"author":[{"embeddable":true,"href":"https:\/\/blogs.correiobraziliense.com.br\/denise\/wp-json\/wp\/v2\/users\/29"}],"replies":[{"embeddable":true,"href":"https:\/\/blogs.correiobraziliense.com.br\/denise\/wp-json\/wp\/v2\/comments?post=2011"}],"version-history":[{"count":1,"href":"https:\/\/blogs.correiobraziliense.com.br\/denise\/wp-json\/wp\/v2\/posts\/2011\/revisions"}],"predecessor-version":[{"id":2012,"href":"https:\/\/blogs.correiobraziliense.com.br\/denise\/wp-json\/wp\/v2\/posts\/2011\/revisions\/2012"}],"wp:attachment":[{"href":"https:\/\/blogs.correiobraziliense.com.br\/denise\/wp-json\/wp\/v2\/media?parent=2011"}],"wp:term":[{"taxonomy":"category","embeddable":true,"href":"https:\/\/blogs.correiobraziliense.com.br\/denise\/wp-json\/wp\/v2\/categories?post=2011"},{"taxonomy":"post_tag","embeddable":true,"href":"https:\/\/blogs.correiobraziliense.com.br\/denise\/wp-json\/wp\/v2\/tags?post=2011"}],"curies":[{"name":"wp","href":"https:\/\/api.w.org\/{rel}","templated":true}]}}