{"id":2009,"date":"2018-03-17T07:15:16","date_gmt":"2018-03-17T10:15:16","guid":{"rendered":"https:\/\/blogs.correiobraziliense.com.br\/denise\/?p=2009"},"modified":"2018-03-18T23:16:31","modified_gmt":"2018-03-19T02:16:31","slug":"vai-sobrar-pra-ele","status":"publish","type":"post","link":"https:\/\/blogs.correiobraziliense.com.br\/denise\/vai-sobrar-pra-ele\/","title":{"rendered":"Vai sobrar pra ele"},"content":{"rendered":"<p>Bras\u00edlia-DF<\/p>\n<p>por Denise Rothenburg  \u00bb deniserothenburg.df@dabr.com.br <\/p>\n<p>Vai sobrar para ele<\/p>\n<p>Os pr\u00e9-candidatos a presidente da Rep\u00fablica aguardam as pr\u00f3ximas pesquisas de opini\u00e3o para saber que reflexo a execu\u00e7\u00e3o da vereadora Marielle Franco e de seu motorista ter\u00e1 sobre aqueles que j\u00e1 est\u00e3o postos. A aposta dos pol\u00edticos e dos profissionais acostumados a lidar com o humor do eleitorado \u00e9 a de que Jair Bolsonaro, o \u00fanico a adotar a estrat\u00e9gia do deixa estar para ver como \u00e9 que fica, \u00e9 quem mais perder\u00e1. Os aliados dele est\u00e3o na linha do artigo do coronel Washington Lee Abe, comandante do 5\u00ba Comando Regional da Pol\u00edcia Militar do Paran\u00e1: \u201cPor que \u2018tanta tentativa de transformar essa vereadora em m\u00e1rtir. Ela representa o povo? que povo? Qual segmento do povo? Do cidad\u00e3o de bem?\u201d<\/p>\n<p>\u00bb \u00bb \u00bb <\/p>\n<p>E o coronel vai mais al\u00e9m: \u201cE quando morremos em combate, tentando salvar uma vida inocente que clama pela nossa presen\u00e7a, vamos aguardar pacientemente os pol\u00edticos, a imprensa, as autoridades que est\u00e3o fazendo todo esse alarde pela morte dessa \u201cpessoa\u201d intitulada vereadora, promotora dos direitos humanos, m\u00e3e, homossexual (como ela mesma se apresenta) fazerem tamb\u00e9m o mesmo alarde exigindo respostas r\u00e1pidas e firmes das autoridades?\u201d Vamos aguardar o humor do eleitor.<\/p>\n<p>M\u00faltipla escolha<br \/>\nO fato de as c\u00e1psulas de bala que mataram Marielle pertencerem ao mesmo lote vendido \u00e0 Pol\u00edcia Federal abriu um leque de investiga\u00e7\u00f5es e fez descartar a hip\u00f3tese de crime racial ou de g\u00eanero, ampliando a hip\u00f3tese de crime pol\u00edtico. Desvio antes de chegar \u00e0 sede da PF? Dentro da PF? Muni\u00e7\u00e3o vencida e c\u00e1psula reutilizada para recarga? O caso de Osasco, que se utilizou da mesma s\u00e9rie, tinha envolvimento direto de policiais militares.<\/p>\n<p>Vai demorar&#8230;<br \/>\nAntes de chegar aos verdadeiros culpados, a Pol\u00edcia investiga tr\u00eas diferentes linhas: tr\u00e1fico, PCC ou mil\u00edcia. Quando houver uma conclus\u00e3o sobre qual desses segmentos do crime executou a vereadora, \u00e9 que se conseguir\u00e1 chegar aos atiradores. O fato de haver uma interven\u00e7\u00e3o federal ajudar\u00e1 na apura\u00e7\u00e3o, porque hoje todo o sistema de seguran\u00e7a do Rio de Janeiro trabalha sob um \u00fanico comando. J\u00e1 \u00e9 alguma coisa.<\/p>\n<p>Ele que nos procure<br \/>\nSe depender do presidente do PSB, Carlos Siqueira, procurar o ministro aposentado do Supremo Tribunal Federal Joaquim Barbosa com apelos em prol da filia\u00e7\u00e3o partid\u00e1ria, \u00e9 melhor o magistrado esperar sentado. Siqueira aguarda a resposta do ministro at\u00e9 7 de abril, o \u00faltimo prazo. Sem estresse.<\/p>\n<p>Cunha e a CNC<br \/>\nDe Curitiba, onde est\u00e1 preso, Eduardo Cunha tenta convencer o Planalto a dar uma ajudinha ao deputado La\u00e9rcio Oliveira (SD-SE) para o comando da Confedera\u00e7\u00e3o Nacional do Com\u00e9rcio (CNC), que tem ainda o apoio de Orlando Diniz, preso na Lava-Jato. Aliados de Temer, entretanto, fizeram chegar a Cunha que o presidente quer dist\u00e2ncia dessa disputa entre La\u00e9rcio e Roberto Tadros, da Fecom\u00e9rcio do Amazonas. A ordem do governo \u00e9 trabalhar com quem vencer.<\/p>\n<p>CURTIDAS    <\/p>\n<p>PPS vai de Geraldo\/ O PPS do deputado Roberto Freire far\u00e1 um Congresso entre 23 e 25 de mar\u00e7o, quando aproveitar\u00e1 para indicar o apoio ao governador de S\u00e3o Paulo, Geraldo Alckmin, \u00e0 Presid\u00eancia da Rep\u00fablica.<\/p>\n<p>Nem tanto\/ A indica\u00e7\u00e3o, entretanto, n\u00e3o tem a unanimidade do partido. J\u00e1 tem gente defendendo que se deixe uma porta aberta para outros caminhos, como Ciro Gomes. At\u00e9 aqui, o PTB foi um dos poucos que anunciaram o apoio ao governador paulista.<\/p>\n<p>Pinda lidera\/ O ex-ministro Ciro Gomes, do PDT, tem apostado com amigos que o segundo turno da campanha presidencial ser\u00e1 entre ele e o governador de S\u00e3o Paulo, Geraldo Alckmin. Se estiver certo, \u00e9 bom combinar o debate final para Pindamonhangaba, porque ser\u00e1 a primeira vez que uma cidade ter\u00e1 certeza de que um de seus filhos ser\u00e1 presidente da Rep\u00fablica. Ambos nasceram l\u00e1.<\/p>\n<p>P\u00e9 na terrinha\/ Perguntado se aproveitaria a viagem \u00e0 Para\u00edba para comer buchada de bode, como fez Fernando Henrique Cardoso no interior do estado vizinho, Pernambuco, em 1994, o presidente da C\u00e2mara, Rodrigo Maia, reagiu assim: \u201cTem nordestino no Rio e eu tamb\u00e9m tenho fam\u00edlia l\u00e1 (na Para\u00edba). J\u00e1 comi muita buchada\u201d.<\/p>\n","protected":false},"excerpt":{"rendered":"<p>Bras\u00edlia-DF por Denise Rothenburg \u00bb deniserothenburg.df@dabr.com.br Vai sobrar para ele Os pr\u00e9-candidatos a presidente da Rep\u00fablica aguardam as pr\u00f3ximas pesquisas de opini\u00e3o para saber que reflexo a execu\u00e7\u00e3o da vereadora Marielle Franco e de seu motorista ter\u00e1 sobre aqueles que j\u00e1 est\u00e3o postos. A aposta dos pol\u00edticos e dos profissionais acostumados a lidar com o humor do eleitorado \u00e9 a [&hellip;]<\/p>\n","protected":false},"author":29,"featured_media":0,"comment_status":"closed","ping_status":"closed","sticky":false,"template":"","format":"standard","meta":{"footnotes":""},"categories":[4],"tags":[],"class_list":["post-2009","post","type-post","status-publish","format-standard","hentry","category-coluna-brasilia-df"],"_links":{"self":[{"href":"https:\/\/blogs.correiobraziliense.com.br\/denise\/wp-json\/wp\/v2\/posts\/2009","targetHints":{"allow":["GET"]}}],"collection":[{"href":"https:\/\/blogs.correiobraziliense.com.br\/denise\/wp-json\/wp\/v2\/posts"}],"about":[{"href":"https:\/\/blogs.correiobraziliense.com.br\/denise\/wp-json\/wp\/v2\/types\/post"}],"author":[{"embeddable":true,"href":"https:\/\/blogs.correiobraziliense.com.br\/denise\/wp-json\/wp\/v2\/users\/29"}],"replies":[{"embeddable":true,"href":"https:\/\/blogs.correiobraziliense.com.br\/denise\/wp-json\/wp\/v2\/comments?post=2009"}],"version-history":[{"count":1,"href":"https:\/\/blogs.correiobraziliense.com.br\/denise\/wp-json\/wp\/v2\/posts\/2009\/revisions"}],"predecessor-version":[{"id":2010,"href":"https:\/\/blogs.correiobraziliense.com.br\/denise\/wp-json\/wp\/v2\/posts\/2009\/revisions\/2010"}],"wp:attachment":[{"href":"https:\/\/blogs.correiobraziliense.com.br\/denise\/wp-json\/wp\/v2\/media?parent=2009"}],"wp:term":[{"taxonomy":"category","embeddable":true,"href":"https:\/\/blogs.correiobraziliense.com.br\/denise\/wp-json\/wp\/v2\/categories?post=2009"},{"taxonomy":"post_tag","embeddable":true,"href":"https:\/\/blogs.correiobraziliense.com.br\/denise\/wp-json\/wp\/v2\/tags?post=2009"}],"curies":[{"name":"wp","href":"https:\/\/api.w.org\/{rel}","templated":true}]}}