{"id":2006,"date":"2018-03-13T08:11:23","date_gmt":"2018-03-13T11:11:23","guid":{"rendered":"https:\/\/blogs.correiobraziliense.com.br\/denise\/?p=2006"},"modified":"2018-03-13T14:13:02","modified_gmt":"2018-03-13T17:13:02","slug":"rodrigo-faz-ventania","status":"publish","type":"post","link":"https:\/\/blogs.correiobraziliense.com.br\/denise\/rodrigo-faz-ventania\/","title":{"rendered":"Rodrigo faz ventania"},"content":{"rendered":"<p>O lan\u00e7amento da pr\u00e9-candidatura do presidente da C\u00e2mara, Rodrigo Maia, \u00e0 Presid\u00eancia da Rep\u00fablica mudou a dire\u00e7\u00e3o dos ventos na base governista. Ainda que seja \u201cs\u00f3 para valorizar o passe\u201d, conforme repetem alguns deputados do pr\u00f3prio DEM, o fato \u00e9 que os movimentos de Rodrigo fizeram com que deputados fossem ao Planalto pedir um tratamento melhor, caso contr\u00e1rio, seguiriam o democrata. Da\u00ed, a ideia de chamar os l\u00edderes para aquela conversa olho no olho.<br \/>\nH\u00e1 o receio de que, enquanto presidente da C\u00e2mara, Rodrigo d\u00ea uma guinada nos projetos da Casa, de forma a marcar o distanciamento do governo e a sensibilidade aos desejos do cidad\u00e3o comum e do empresariado. Para esta semana, Rodrigo programou a continuidade da pauta relacionada \u00e0 seguran\u00e7a p\u00fablica. Mas, para as pr\u00f3ximas, a tentativa de Rodrigo \u00e9 descolar do governo e arriscar refletir nas combalidas contas p\u00fablicas. \u00c9 tudo o que o Planalto n\u00e3o quer. Rodrigo fez acender o alerta contra tempestades. N\u00e3o se sabe, por\u00e9m, se as ventanias vir\u00e3o seguidas de chuvas e trovoadas. No momento, todo o cuidado \u00e9 pouco.<\/p>\n<p>Ex-ministro sob os holofotes I<\/p>\n<p>A Ordem dos Advogados do Brasil estar\u00e1 de olho hoje em um julgamento que tem o ex-ministro Jos\u00e9 Eduardo Cardozo como advogado. Ele foi contratado pelo interventor da Fecom\u00e9rcio-RJ, Luiz Gast\u00e3o, para atuar no Superior Tribunal de Justi\u00e7a, onde a 1\u00aa Turma vai decidir se a entidade pode continuar comandada por um interventor ou dever\u00e1 ser dirigida pelo vice-presidente eleito.<\/p>\n<p>Ex-ministro sob os holofotes II<\/p>\n<p>O ex-ministro foi contratado um dia depois de o STJ pautar o processo para julgamento, o que causou desconforto no tribunal. Dos cinco ministros, tr\u00eas foram nomeados por Dilma Rousseff quando Cardozo era ministro. O Sistema Sesc\/Senac entrou na Justi\u00e7a para que o vice-presidente assuma o comando da Fecom\u00e9rcio, depois que o presidente Orlando Diniz foi preso pela Lava-Jato. Por\u00e9m, a CNC nomeou um interventor.<\/p>\n<p>A rede furada<br \/>\nde Marun<\/p>\n<p>O ministro da Secretaria de Governo, Carlos Marun, n\u00e3o tem tido muito sucesso na empreitada de segurar os deputados no MDB. \u00c9 que o pr\u00f3prio Planalto tratou t\u00e3o bem os deputados de outros partidos para conquistar apoios a Michel Temer que as m\u00e1goas se acumularam entre os emedebistas.<\/p>\n<p>A esperan\u00e7a \u00e9 o tempo<\/p>\n<p>O que anima os aliados do deputado L\u00facio Vieira Lima (MDB-BA) \u00e9 a proximidade das elei\u00e7\u00f5es. \u00c9 que vem a\u00ed a Semana Santa, depois, o pa\u00eds engata na Copa do Mundo e o Congresso esfria at\u00e9 o recesso e as elei\u00e7\u00f5es. Nesse clima, qualquer processo de cassa\u00e7\u00e3o de mandato terminar\u00e1 na gaveta.<br \/>\nO problema \u00e9 o projeto Rodrigo<\/p>\n<p>Os aliados do deputado baiano irm\u00e3o de Geddel veem apenas um obst\u00e1culo \u00e0 opera\u00e7\u00e3o salvamento com base no tempo: a pr\u00e9-campanha de Rodrigo Maia ao Planalto. L\u00facio \u00e9 considerado um nome emblem\u00e1tico para que Maia reforce o discurso de implac\u00e1vel em casos de suspeita de corrup\u00e7\u00e3o.<\/p>\n<p>Silhueta \/\/ O ex-ministro Jos\u00e9 Eduardo Cardozo voltou \u00e0 dieta Ravenna, aquela que deixou a ex-presidente Dilma Rousseff magrinha. O bra\u00e7o direito do ex-ministro foi visto no restaurante da cl\u00ednica comprando a comida especialmente preparada para quem faz o tratamento.<\/p>\n<p>Melhor comer em casa \/\/ Fora da cadeia, o empres\u00e1rio Joesley Batista ensaiou voltar \u00e0 vida normal com um jantar no restaurante Barbacoa, em S\u00e3o Paulo, no domingo. Depois de um xingamento ostensivo e un\u00edssono pelos clientes, saiu de fininho.<\/p>\n<p>Michel na lida \/\/ O presidente Michel Temer \u00e9 esperado nesta quarta-feira em Ribeir\u00e3o Preto na abertura da safra de cana 2018-2019. Sabe como \u00e9, nada como um evento do agroneg\u00f3cio para testar a popularidade presidencial.<\/p>\n<p>Al\u00e9m dos votos \/\/ Os motivos para o deputado paranaense Osmar Serraglio (foto) deixar o MDB v\u00e3o al\u00e9m do espa\u00e7o que ter\u00e1 no PP. \u00c9 que ele n\u00e3o aguenta mais ficar sob o jugo do senador Roberto Requi\u00e3o, o patriarca emedebista no estado. Quando Serraglio foi eleito presidente do partido, Requi\u00e3o o apeou do comando com uma lista de assinaturas. Serraglio jamais o perdoou.<\/p>\n","protected":false},"excerpt":{"rendered":"<p>O lan\u00e7amento da pr\u00e9-candidatura do presidente da C\u00e2mara, Rodrigo Maia, \u00e0 Presid\u00eancia da Rep\u00fablica mudou a dire\u00e7\u00e3o dos ventos na base governista. Ainda que seja \u201cs\u00f3 para valorizar o passe\u201d, conforme repetem alguns deputados do pr\u00f3prio DEM, o fato \u00e9 que os movimentos de Rodrigo fizeram com que deputados fossem ao Planalto pedir um tratamento melhor, caso contr\u00e1rio, seguiriam o [&hellip;]<\/p>\n","protected":false},"author":29,"featured_media":0,"comment_status":"closed","ping_status":"closed","sticky":false,"template":"","format":"standard","meta":{"footnotes":""},"categories":[4],"tags":[],"class_list":["post-2006","post","type-post","status-publish","format-standard","hentry","category-coluna-brasilia-df"],"_links":{"self":[{"href":"https:\/\/blogs.correiobraziliense.com.br\/denise\/wp-json\/wp\/v2\/posts\/2006","targetHints":{"allow":["GET"]}}],"collection":[{"href":"https:\/\/blogs.correiobraziliense.com.br\/denise\/wp-json\/wp\/v2\/posts"}],"about":[{"href":"https:\/\/blogs.correiobraziliense.com.br\/denise\/wp-json\/wp\/v2\/types\/post"}],"author":[{"embeddable":true,"href":"https:\/\/blogs.correiobraziliense.com.br\/denise\/wp-json\/wp\/v2\/users\/29"}],"replies":[{"embeddable":true,"href":"https:\/\/blogs.correiobraziliense.com.br\/denise\/wp-json\/wp\/v2\/comments?post=2006"}],"version-history":[{"count":1,"href":"https:\/\/blogs.correiobraziliense.com.br\/denise\/wp-json\/wp\/v2\/posts\/2006\/revisions"}],"predecessor-version":[{"id":2007,"href":"https:\/\/blogs.correiobraziliense.com.br\/denise\/wp-json\/wp\/v2\/posts\/2006\/revisions\/2007"}],"wp:attachment":[{"href":"https:\/\/blogs.correiobraziliense.com.br\/denise\/wp-json\/wp\/v2\/media?parent=2006"}],"wp:term":[{"taxonomy":"category","embeddable":true,"href":"https:\/\/blogs.correiobraziliense.com.br\/denise\/wp-json\/wp\/v2\/categories?post=2006"},{"taxonomy":"post_tag","embeddable":true,"href":"https:\/\/blogs.correiobraziliense.com.br\/denise\/wp-json\/wp\/v2\/tags?post=2006"}],"curies":[{"name":"wp","href":"https:\/\/api.w.org\/{rel}","templated":true}]}}