{"id":1998,"date":"2018-03-04T07:32:03","date_gmt":"2018-03-04T10:32:03","guid":{"rendered":"https:\/\/blogs.correiobraziliense.com.br\/denise\/?p=1998"},"modified":"2018-03-05T19:34:14","modified_gmt":"2018-03-05T22:34:14","slug":"o-prende-solta-que-espera-lula","status":"publish","type":"post","link":"https:\/\/blogs.correiobraziliense.com.br\/denise\/o-prende-solta-que-espera-lula\/","title":{"rendered":"O prende-solta que espera Lula"},"content":{"rendered":"<p>A turma do Judici\u00e1rio come\u00e7ou a fazer suas apostas em rela\u00e7\u00e3o ao futuro do ex-presidente Lula. E, pelo que a coluna apurou junto a quem entende do tra\u00e7ado, Lula ter\u00e1 o habeas corpus negado pela 5\u00aa Turma do Superior Tribunal de Justi\u00e7a (STJ), mas o Supremo Tribunal Federal permitir\u00e1 que o ex-presidente responda ao processo em liberdade. Ou, no m\u00e1ximo, uma \u201cpris\u00e3o domiciliar\u201d.<\/p>\n<p>Na vis\u00e3o de quem conhece os meandros do STF, Lula poder\u00e1 esperar a conclus\u00e3o do julgamento dos tribunais superiores em liberdade, porque cumpre todos os requisitos que a Corte tem levado em conta: n\u00e3o tem antecedentes criminais, tem resid\u00eancia fixa e \u201cemprego\u201d, aposentado. Agora, eleitoralmente, a maioria considera que a situa\u00e7\u00e3o \u00e9 mais complicada. A Lei da Ficha Limpa diz que condenado em segunda inst\u00e2ncia n\u00e3o pode concorrer. E, no TSE, \u00e9 por a\u00ed que a banda vai tocar.<\/p>\n<p>Contracheque gordo<br \/>\nO ex-procurador-geral Rodrigo Janot segue como o alvo preferido daqueles que criticam o Minist\u00e9rio P\u00fablico. Por\u00e9m, n\u00e3o tem que reclamar da vida. Em dezembro do ano passado, por exemplo, quando a folha salarial do MP chegou a R$ 82 milh\u00f5es, incluindo sal\u00e1rios e penduricalhos, Janot recebeu<br \/>\nR$ 111.179,67 l\u00edquidos, valores distribu\u00eddos em tr\u00eas contracheques.  Eduardo Pellela, o chefe de gabinete de Janot, recebeu R$ 61 mil l\u00edquidos.<\/p>\n<p>Longe dos olhos da Receita<br \/>\nNuma folha suplementar onde constam outras indeniza\u00e7\u00f5es, Janot recebeu<br \/>\nR$ 73.435,21 a t\u00edtulo de verba indenizat\u00f3ria e mais R$ 1.066,19, relativos a outras remunera\u00e7\u00f5es tempor\u00e1rias. Nesse contracheque, como \u00e9 verba indenizat\u00f3ria, n\u00e3o h\u00e1 desconto para o Imposto de Renda. Nem no quesito outras remunera\u00e7\u00f5es tempor\u00e1rias.<\/p>\n<p>Assim fica f\u00e1cil pagar imposto<br \/>\nDetalhe \u00e9 que, no caso de Janot, h\u00e1 um abono de perman\u00eancia id\u00eantico ao valor descontado para o INSS \u2014 R$ 3.699,63. O Estado \u00e9, realmente, uma m\u00e3e.<\/p>\n<p>Temer versus Geraldo, 1\u00ba round<br \/>\nBastou o PSDB ingressar num bloco com PSD, PR, PRB, PTB, SD, PPV, PV e Pros para, na semana seguinte, o MDB responder com outro, incluindo PP, DEM, PSB, PDT, Pode, PCdoB, PSC, PHS, Avante e PEN. Em disputa, o controle das comiss\u00f5es t\u00e9cnicas da C\u00e2mara e, em especial, as vagas na Comiss\u00e3o Mista de Or\u00e7amento. Os tucanos, que estavam \u201cse achando\u201d ao juntar 201 deputados, perderam terreno para o grupo encabe\u00e7ado pelos emedebistas, que somou 244.<\/p>\n<p>Vai&#8230;\/ O ex-senador Chiquinho Esc\u00f3rcio estava no Minist\u00e9rio do Desenvolvimento Social, quando deu de cara com o deputado L\u00facio Vieira Lima (MDB-BA), irm\u00e3o do ex-ministro Geddel. Esc\u00f3rcio foi logo perguntando em tom de ironia: \u201cO que voc\u00ea deixou pra mim a\u00ed?\u201d Eis que L\u00facio responde com algo impublic\u00e1vel.<\/p>\n<p>&#8230;Encarar?\/ Esc\u00f3rcio, por sua vez, n\u00e3o perdeu a fleuma:\u201dN\u00e3o gosto disso, n\u00e3o. Gosto do mesmo que voc\u00ea: dinheiro!!\u201d. E come\u00e7ou a imitar o som de uma caixa registradora. L\u00facio, na mesma hora, entrou no elevador e foi embora sem responder.<\/p>\n<p>Mal-estar antigo\/ L\u00facio (foto) e Esc\u00f3rcio t\u00eam dificuldades desde o tempo em que Geddel Vieira Lima era ministro. Chiquinho, como muitos chamam o ex-senador ligado ao ex-presidente Jos\u00e9 Sarney, era assessor no Planalto e Geddel comentava para quem quisesse ouvir que n\u00e3o gostava de ter um sarneyzista de olho nos seus movimentos. Deu no que deu.<\/p>\n<p>Uma quest\u00e3o de vogais\/ At\u00e9 \u201caliados\u201d de Marcelo Freixo, do PSol, t\u00eam feito a ironia de trocar o \u201cei\u201d do nome por \u201cou\u201d. Dizem que ele deveria mesmo concorrer ao governo do Rio de Janeiro. Freixo, por\u00e9m, afrouxou na hora de se apresentar como candidato.<\/p>\n","protected":false},"excerpt":{"rendered":"<p>A turma do Judici\u00e1rio come\u00e7ou a fazer suas apostas em rela\u00e7\u00e3o ao futuro do ex-presidente Lula. E, pelo que a coluna apurou junto a quem entende do tra\u00e7ado, Lula ter\u00e1 o habeas corpus negado pela 5\u00aa Turma do Superior Tribunal de Justi\u00e7a (STJ), mas o Supremo Tribunal Federal permitir\u00e1 que o ex-presidente responda ao processo em liberdade. Ou, no m\u00e1ximo, [&hellip;]<\/p>\n","protected":false},"author":29,"featured_media":0,"comment_status":"closed","ping_status":"closed","sticky":false,"template":"","format":"standard","meta":{"footnotes":""},"categories":[4],"tags":[],"class_list":["post-1998","post","type-post","status-publish","format-standard","hentry","category-coluna-brasilia-df"],"_links":{"self":[{"href":"https:\/\/blogs.correiobraziliense.com.br\/denise\/wp-json\/wp\/v2\/posts\/1998","targetHints":{"allow":["GET"]}}],"collection":[{"href":"https:\/\/blogs.correiobraziliense.com.br\/denise\/wp-json\/wp\/v2\/posts"}],"about":[{"href":"https:\/\/blogs.correiobraziliense.com.br\/denise\/wp-json\/wp\/v2\/types\/post"}],"author":[{"embeddable":true,"href":"https:\/\/blogs.correiobraziliense.com.br\/denise\/wp-json\/wp\/v2\/users\/29"}],"replies":[{"embeddable":true,"href":"https:\/\/blogs.correiobraziliense.com.br\/denise\/wp-json\/wp\/v2\/comments?post=1998"}],"version-history":[{"count":1,"href":"https:\/\/blogs.correiobraziliense.com.br\/denise\/wp-json\/wp\/v2\/posts\/1998\/revisions"}],"predecessor-version":[{"id":1999,"href":"https:\/\/blogs.correiobraziliense.com.br\/denise\/wp-json\/wp\/v2\/posts\/1998\/revisions\/1999"}],"wp:attachment":[{"href":"https:\/\/blogs.correiobraziliense.com.br\/denise\/wp-json\/wp\/v2\/media?parent=1998"}],"wp:term":[{"taxonomy":"category","embeddable":true,"href":"https:\/\/blogs.correiobraziliense.com.br\/denise\/wp-json\/wp\/v2\/categories?post=1998"},{"taxonomy":"post_tag","embeddable":true,"href":"https:\/\/blogs.correiobraziliense.com.br\/denise\/wp-json\/wp\/v2\/tags?post=1998"}],"curies":[{"name":"wp","href":"https:\/\/api.w.org\/{rel}","templated":true}]}}