{"id":1993,"date":"2018-02-28T05:07:40","date_gmt":"2018-02-28T08:07:40","guid":{"rendered":"https:\/\/blogs.correiobraziliense.com.br\/denise\/?p=1993"},"modified":"2018-02-28T09:08:46","modified_gmt":"2018-02-28T12:08:46","slug":"guerra-por-recursos","status":"publish","type":"post","link":"https:\/\/blogs.correiobraziliense.com.br\/denise\/guerra-por-recursos\/","title":{"rendered":"Guerra por recursos"},"content":{"rendered":"<p>A guerra pelos recursos<\/p>\n<p>Enquanto aguarda a defini\u00e7\u00e3o do plano de seguran\u00e7a do Rio de Janeiro, o presidente Michel Temer ser\u00e1 chamado a arbitrar uma nova briga no governo, envolvendo R$ 400 milh\u00f5es. \u00c9 que os deputados est\u00e3o aproveitando o texto da legisla\u00e7\u00e3o que abre o capital das companhias \u00e1reas para transferir esses recursos do Sebrae ao caixa da Embratur, a ser transformada em ag\u00eancia de turismo.<br \/>\nO presidente do Sebrae, Guilherme Afif Domingos, chegou ao Congresso para brecar a opera\u00e7\u00e3o. \u201cO governo j\u00e1 havia definido que n\u00e3o retiraria recursos do Sebrae. \u00c9 desvio de finalidade e \u00e9 inconstitucional. Agora, transformaram esse projeto das a\u00e9reas num X-tudo\u201d, reclama Afif. Hoje, a queda de bra\u00e7o entre Turismo e Sebrae ter\u00e1 um desfecho. Ambos apelaram ao presidente Temer e aos deputados, que ainda n\u00e3o decidiram a quem atender.<\/p>\n<p>\u00bb \u00bb \u00bb<\/p>\n<p>Paralelamente ao corpo a corpo de Afif, funcion\u00e1rios da Embratur mandam mensagens raivosas e an\u00f4nimas a deputados, com apelos para que n\u00e3o transformem a Embratur em ag\u00eancia. A briga est\u00e1 feia.<\/p>\n<p>O alvo de Michel Temer<\/p>\n<p>Com ares de quem n\u00e3o \u00e9 candidato \u00e0 reelei\u00e7\u00e3o, o presidente Michel Temer vai aos poucos dinamitando o programa de governo de Jair Bolsonaro. Na linha de que, \u201cse \u00e9 para fazer o mesmo, n\u00e3o precisa mudar\u201d, Temer fez a interven\u00e7\u00e3o no Rio de Janeiro, colocou um militar no Minist\u00e9rio da Defesa e, de quebra, avan\u00e7a com a autonomia do Banco Central.<\/p>\n<p>Por falar em Banco Central&#8230;<\/p>\n<p>Aos poucos, o governo dar\u00e1 mais visibilidade ao trabalho do presidente do BC, Ilan Goldfajn. Tudo para n\u00e3o deixar o ministro da Fazenda, Henrique Meirelles, como o pai absoluto da melhoria dos indicadores econ\u00f4micos.<\/p>\n<p>Coincid\u00eancias<\/p>\n<p>O prefeito de Salvador, ACM Neto, passou a ter\u00e7a-feira em conversas com parlamentares do partido, mesmo dia em que o presidente do Conselho de \u00c9tica, Elmar Nascimento (DEM-BA), abriu processo contra quatro deputados enroscados em esc\u00e2ndalos, entre eles, Lucio Vieira Lima (MDB-BA), irm\u00e3o do ex-ministro Geddel. Aliados do prefeito tentam conquistar o MDB local, mas sem ter o desgaste de explicar os milh\u00f5es de<br \/>\nreais encontrados num ap\u00ea alugado pelos Vieira Lima.<\/p>\n<p>Nova chapa no DF<\/p>\n<p>O governador Rodrigo Rollemberg que se prepare: seu antigo parceiro na pol\u00edtica, Joe Valle (PDT), hoje advers\u00e1rio, tenta fechar uma chapa com a secret\u00e1ria de Esportes, Leila Barros, para concorrer ao governo do Distrito Federal. Leila est\u00e1 a um passo de deixar o PRB. A chapa tem o aval do PDT nacional e as conversas dos pedetistas com Leila come\u00e7aram a agitar a pol\u00edtica local.<\/p>\n<p>Quanta bab&#8230;\/ Os deputados Edmilson Rodrigues (PSol-PA) e Laerte Bessa (foto), do MDB-DF, quase foram \u00e0s vias de fato ontem no plen\u00e1rio. Tudo porque Edmilson estava na tribuna, n\u00e3o encerrava o discurso e Bessa, impaciente, chamou o colega de \u201cbabaca\u201d. Pronto. A confus\u00e3o estava formada.<\/p>\n<p>Mais sorte que ju\u00edzo\/ O uso da palavra impr\u00f3pria s\u00f3 n\u00e3o teve maiores consequ\u00eancias para Bessa porque o presidente da C\u00e2mara, Rodrigo Maia, logo tratou de encerrar a discuss\u00e3o entre os dois. \u201cEstou falando porque tive voto no Par\u00e1 para defender o povo e o interesse p\u00fablico, n\u00e3o para defender interesses escusos\u201d, retrucou o paraense.<\/p>\n<p>Marun no CB.Poder\/ O ministro da Secretaria de Governo, Carlos Marun, \u00e9 o entrevistado de hoje do CB.Poder, ao vivo, \u00e0s 13h40, na TV Bras\u00edlia, com transmiss\u00e3o pelo Facebook do Correio Braziliense.<\/p>\n<p>CB Debate\/ O secret\u00e1rio da Receita Federal, Jorge Rachid, abre na pr\u00f3xima ter\u00e7a-feira, 6 de mar\u00e7o, o Correio Debate sobre o sistema tribut\u00e1rio no contexto do desenvolvimento econ\u00f4mico do pa\u00eds.  O semin\u00e1rio come\u00e7a \u00e0s 9h, no audit\u00f3rio do Correio Braziliense, no Setor de Ind\u00fastrias Gr\u00e1ficas, atr\u00e1s da C\u00e2mara Legislativa.<\/p>\n","protected":false},"excerpt":{"rendered":"<p>A guerra pelos recursos Enquanto aguarda a defini\u00e7\u00e3o do plano de seguran\u00e7a do Rio de Janeiro, o presidente Michel Temer ser\u00e1 chamado a arbitrar uma nova briga no governo, envolvendo R$ 400 milh\u00f5es. \u00c9 que os deputados est\u00e3o aproveitando o texto da legisla\u00e7\u00e3o que abre o capital das companhias \u00e1reas para transferir esses recursos do Sebrae ao caixa da Embratur, [&hellip;]<\/p>\n","protected":false},"author":29,"featured_media":0,"comment_status":"closed","ping_status":"closed","sticky":false,"template":"","format":"standard","meta":{"footnotes":""},"categories":[4],"tags":[],"class_list":["post-1993","post","type-post","status-publish","format-standard","hentry","category-coluna-brasilia-df"],"_links":{"self":[{"href":"https:\/\/blogs.correiobraziliense.com.br\/denise\/wp-json\/wp\/v2\/posts\/1993","targetHints":{"allow":["GET"]}}],"collection":[{"href":"https:\/\/blogs.correiobraziliense.com.br\/denise\/wp-json\/wp\/v2\/posts"}],"about":[{"href":"https:\/\/blogs.correiobraziliense.com.br\/denise\/wp-json\/wp\/v2\/types\/post"}],"author":[{"embeddable":true,"href":"https:\/\/blogs.correiobraziliense.com.br\/denise\/wp-json\/wp\/v2\/users\/29"}],"replies":[{"embeddable":true,"href":"https:\/\/blogs.correiobraziliense.com.br\/denise\/wp-json\/wp\/v2\/comments?post=1993"}],"version-history":[{"count":2,"href":"https:\/\/blogs.correiobraziliense.com.br\/denise\/wp-json\/wp\/v2\/posts\/1993\/revisions"}],"predecessor-version":[{"id":1995,"href":"https:\/\/blogs.correiobraziliense.com.br\/denise\/wp-json\/wp\/v2\/posts\/1993\/revisions\/1995"}],"wp:attachment":[{"href":"https:\/\/blogs.correiobraziliense.com.br\/denise\/wp-json\/wp\/v2\/media?parent=1993"}],"wp:term":[{"taxonomy":"category","embeddable":true,"href":"https:\/\/blogs.correiobraziliense.com.br\/denise\/wp-json\/wp\/v2\/categories?post=1993"},{"taxonomy":"post_tag","embeddable":true,"href":"https:\/\/blogs.correiobraziliense.com.br\/denise\/wp-json\/wp\/v2\/tags?post=1993"}],"curies":[{"name":"wp","href":"https:\/\/api.w.org\/{rel}","templated":true}]}}